{"id":23021,"date":"2024-03-29T11:48:34","date_gmt":"2024-03-29T10:48:34","guid":{"rendered":"https:\/\/www.ades-grenoble.org\/wordpress\/?p=23021"},"modified":"2024-03-29T14:10:21","modified_gmt":"2024-03-29T13:10:21","slug":"defense-des-ressources-en-eau-de-la-metropole","status":"publish","type":"post","link":"https:\/\/www.ades-grenoble.org\/wordpress\/2024\/03\/29\/defense-des-ressources-en-eau-de-la-metropole\/","title":{"rendered":"D\u00e9fense des ressources en eau de la m\u00e9tropole"},"content":{"rendered":"<div class=\"wp-block-image is-style-default\">\n<figure class=\"alignleft size-full\"><img loading=\"lazy\" decoding=\"async\" width=\"276\" height=\"183\" src=\"https:\/\/www.ades-grenoble.org\/wordpress\/wp-content\/uploads\/2014\/12\/robinet-qui-coule1.jpg\" alt=\"\" class=\"wp-image-9433\" srcset=\"https:\/\/www.ades-grenoble.org\/wordpress\/wp-content\/uploads\/2014\/12\/robinet-qui-coule1.jpg 276w, https:\/\/www.ades-grenoble.org\/wordpress\/wp-content\/uploads\/2014\/12\/robinet-qui-coule1-150x99.jpg 150w\" sizes=\"auto, (max-width: 276px) 100vw, 276px\" \/><\/figure>\n<\/div>\n\n\n<p>Deux nappes d\u2019eau souterraines concernent Grenoble et les communes de la M\u00e9tro (voir la carte ci-dessous).<\/p>\n\n\n\n<p>La premi\u00e8re (num\u00e9rot\u00e9e FRDG371) comprend la nappe alimentant les puits de captage d\u2019eau potable de Rochefort, prot\u00e9g\u00e9e par la D\u00e9claration d\u2019utilit\u00e9 publique de 1967 qui est en cours de renouvellement\u00a0; elle est aliment\u00e9e par le Drac. Cette nappe a une eau de tr\u00e8s bonne qualit\u00e9 qui va \u00eatre pomp\u00e9e par les puits de Rochefort et alimenter une grande partie des usagers de l\u2019eau potable de la M\u00e9tro, avec les puits de Jouchy-Pr\u00e9grivel aliment\u00e9s par la Romanche en amont des entreprises de la chimie. Mais on a d\u00e9couvert r\u00e9cemment, malgr\u00e9 ses qualit\u00e9s min\u00e9rales et sa puret\u00e9 bact\u00e9riologique qu\u2019<a href=\"https:\/\/www.ades-grenoble.org\/wordpress\/2024\/01\/12\/defense-des-ressources-en-eau-potable-de-la-metropole\/\" data-type=\"link\" data-id=\"https:\/\/www.ades-grenoble.org\/wordpress\/2024\/01\/12\/defense-des-ressources-en-eau-potable-de-la-metropole\/\">elle est malheureusement atteinte par des pollutions<\/a> \u2013 dans des pourcentages d\u00e9crits comme soutenables, mais qu\u2019il convient absolument de stopper &#8211; provenant des rejets des industries chimiques dans la Romanche en face des champs de captage de l\u2019eau potable.<\/p>\n\n\n\n<p>La deuxi\u00e8me (num\u00e9rot\u00e9e FRDG372), aliment\u00e9e par la Romanche et le Drac, traverse le sud grenoblois et toute la ville de Grenoble. Elle est de tr\u00e8s mauvaise qualit\u00e9 \u00e0 cause des rejets depuis de tr\u00e8s longues ann\u00e9es par les entreprises de la chimie du sud grenoblois. Elle ne peut, ne doit pas \u00eatre utilis\u00e9e pour arroser les jardins, ni \u00eatre utilis\u00e9e pour des brumisateurs.<\/p>\n\n\n\n<!--more-->\n\n\n<div class=\"wp-block-image is-style-default\">\n<figure class=\"aligncenter size-full\"><img loading=\"lazy\" decoding=\"async\" width=\"639\" height=\"913\" src=\"https:\/\/www.ades-grenoble.org\/wordpress\/wp-content\/uploads\/2024\/03\/nappes.jpg\" alt=\"\" class=\"wp-image-23022\" srcset=\"https:\/\/www.ades-grenoble.org\/wordpress\/wp-content\/uploads\/2024\/03\/nappes.jpg 639w, https:\/\/www.ades-grenoble.org\/wordpress\/wp-content\/uploads\/2024\/03\/nappes-210x300.jpg 210w, https:\/\/www.ades-grenoble.org\/wordpress\/wp-content\/uploads\/2024\/03\/nappes-105x150.jpg 105w, https:\/\/www.ades-grenoble.org\/wordpress\/wp-content\/uploads\/2024\/03\/nappes-600x857.jpg 600w\" sizes=\"auto, (max-width: 639px) 100vw, 639px\" \/><\/figure>\n<\/div>\n\n\n<p>Depuis que le lieu pr\u00e9cis des rejets dans la Romanche de la plateforme chimique du sud grenoblois a \u00e9t\u00e9 pr\u00e9cis\u00e9, exactement en face des champs de captage de Rochefort et que des \u00e9tudes d\u00e9montrent que la pollution atteint certains des puits de captage de Rochefort, la mobilisation s\u2019est d\u00e9velopp\u00e9e pour d\u00e9fendre ces ressources en eau potable naturellement pure, aujourd\u2019hui menac\u00e9es. Ces rejets chimiques sont formellement interdits par la DUP de 1967, mais malheureusement toujours autoris\u00e9s par des arr\u00eat\u00e9s du pr\u00e9fet de l\u2019Is\u00e8re.<\/p>\n\n\n\n<p>Prenant connaissance de ces nouvelles informations sur les pollutions de la nappe FRDG371, Anne-Sophie Olmos, Vice-pr\u00e9sidente de la M\u00e9tro en charge de l\u2019eau a effectu\u00e9 d\u00e9but 2023, deux signalements au procureur de la R\u00e9publique, le parquet de Grenoble a alors ouvert deux enqu\u00eates pr\u00e9liminaires, sur les rejets d\u2019ARKEMA et les carriers dans le lit du Drac.&nbsp;<\/p>\n\n\n\n<p>Auparavant Raymond Avrillier membre du conseil d\u2019exploitation a d\u00e9pos\u00e9 <a href=\"https:\/\/www.ades-grenoble.org\/wordpress\/2023\/01\/06\/en-defense-de-la-qualite-de-leau-potable-et-de-la-sante-des-populations-de-lagglomeration-grenobloise\/\" data-type=\"link\" data-id=\"https:\/\/www.ades-grenoble.org\/wordpress\/2023\/01\/06\/en-defense-de-la-qualite-de-leau-potable-et-de-la-sante-des-populations-de-lagglomeration-grenobloise\/\">des recours au tribunal administratif pour stopper cette situation tout \u00e0 fait anormale<\/a>.<\/p>\n\n\n\n<p>La Ville de Grenoble engage trois proc\u00e9dures judiciaires pour d\u00e9noncer la contamination des eaux grenobloises et faire appliquer le principe pollueur\/payeur. A l\u2019occasion de la Journ\u00e9e mondiale de l\u2019eau, ces recours ont \u00e9t\u00e9 d\u00e9pos\u00e9s devant les tribunaux.<\/p>\n\n\n\n<p>La contamination des cours d\u2019eau et de la nappe va se poursuivre et s\u2019aggraver si aucune mesure n\u2019est prise pour endiguer les pratiques irr\u00e9guli\u00e8res, contraires \u00e0 l\u2019int\u00e9r\u00eat g\u00e9n\u00e9ral et nocives pour la sant\u00e9 et la salubrit\u00e9 publiques dont la Ville de Grenoble est garante. L\u2019eau consomm\u00e9e doit \u00eatre saine, sans risque sanitaire, pour l\u2019ensemble des usager-es. La ville rappelle que c\u2019est aux pollueurs de payer et non aux collectivit\u00e9s et aux habitants.<\/p>\n\n\n\n<p>Dans un communiqu\u00e9 du 22 mars 2024, la Ville de Grenoble pr\u00e9cise les actions men\u00e9es&nbsp;:<\/p>\n\n\n\n<p><em>\u00ab&nbsp;La Ville lance une proc\u00e9dure administrative contre la pr\u00e9fecture de l\u2019Is\u00e8re (arr\u00eat\u00e9s ICPE ARKEMA FRANCE). La Ville de Grenoble demande au pr\u00e9fet de l\u2019Is\u00e8re de retirer toutes les autorisations donn\u00e9es \u00e0 ARKEMA FRANCE pour rejeter des effluents pollu\u00e9s dans La Romanche. Ces arr\u00eat\u00e9s ont \u00e9t\u00e9 pris entre 1976 et 2023 alors qu\u2019un pr\u00e9c\u00e9dent arr\u00eat\u00e9 pr\u00e9fectoral de 1967 prot\u00e8ge les champs de captage de Rochefort. La Ville saisira le Tribunal administratif de Grenoble si le pr\u00e9fet de l\u2019Is\u00e8re ne fait pas droit \u00e0 cette demande.<\/em><\/p>\n\n\n\n<p><em>La Ville s\u2019est constitu\u00e9e partie civile dans deux informations judiciaires ouvertes<\/em><\/p>\n\n\n\n<p><em>Une enqu\u00eate a \u00e9t\u00e9 ouverte par le Procureur le 6 f\u00e9vrier 2023 visant la soci\u00e9t\u00e9 Arkema France qui exploite une installation class\u00e9e pour la protection de l\u2019environnement (ICPE) sur la plateforme chimique de Jarrie, suite aux signalements effectu\u00e9s par Anne-Sophie Olmos, Vice-pr\u00e9sidente au cycle de l\u2019eau \u00e0<\/em><\/p>\n\n\n\n<p><em>Grenoble Alpes M\u00e9tropole, en janvier 2023. La Ville a pris connaissance des rejets quotidiens d\u2019Arkema de plusieurs dizaines de milliers de m3 d\u2019effluents pollu\u00e9s dans la Romanche, laquelle rejoint le Drac\u2026<\/em><\/p>\n\n\n\n<p><em>Le 28 f\u00e9vrier 2024, la Ville a donc pris un arr\u00eat\u00e9 pour se constituer partie civile dans le cadre des deux affaires, afin d\u2019avoir acc\u00e8s et de pouvoir soutenir les enqu\u00eates :<\/em><\/p>\n\n\n\n<ul class=\"wp-block-list\">\n<li><em>ARKEMA FRANCE (n\u00b0 parquet : 23017000230) : rejet de polluants irr\u00e9guliers<\/em><\/li>\n\n\n\n<li><em>SMAG et CARRON (n\u00b0 parquet : 23017000238) : activit\u00e9s et pr\u00e9sence irr\u00e9guli\u00e8res dans le p\u00e9rim\u00e8tre de protection imm\u00e9diat des champs de captage de Rochefort\u2026<\/em><\/li>\n<\/ul>\n\n\n\n<p><em>La Ville d\u00e9pose une plainte contre X au regard de la pollution des deux nappes\u2026\u00bb<\/em><\/p>\n\n\n\n<p>Autre information importante, le conseil de m\u00e9tropole du 29 mars 2024 va proposer d\u2019ajouter aux statuts de la m\u00e9tropole une prise de comp\u00e9tence suppl\u00e9mentaire pour lui permettre de surveiller la qualit\u00e9 des eaux superficielles et souterraines de son territoire et de les prot\u00e9ger&nbsp;:<\/p>\n\n\n\n<p>\u00ab&nbsp;<em>Compte tenu de l\u2019importance des enjeux de gestion des eaux souterraines de la M\u00e9tropole, \u00e0 savoir le maintien d\u2019une eau en quantit\u00e9 et qualit\u00e9 suffisantes ainsi que la mise en \u0153uvre de toutes les actions permettant de garantir la qualit\u00e9 et limiter tout risque de transfert de polluants sur les nappes exploit\u00e9es pour l\u2019eau potable, il est propos\u00e9 de transf\u00e9rer les comp\u00e9tences suivantes, issues de l\u2019article L.211-7 du code de l\u2019environnement :<\/em><\/p>\n\n\n\n<p><em>La protection et la conservation des eaux superficielles et souterraines (7\u00b0) \u00e0 l\u2019exclusion du traitement des pollutions, notamment celles relevant du principe pollueur\/payeur, et de toute forme de r\u00e9gulation des niveaux pi\u00e9zom\u00e9triques des nappes ;<\/em><\/p>\n\n\n\n<ul class=\"wp-block-list\">\n<li><em>La mise en place et l&rsquo;exploitation de dispositifs de surveillance de la ressource en eau et des milieux aquatiques (11\u00b0) ;<\/em><\/li>\n\n\n\n<li><em>L&rsquo;animation et la concertation dans les domaines de la pr\u00e9vention du risque d&rsquo;inondation ainsi que de la gestion et de la protection de la ressource en eau et des milieux aquatiques dans un sous-bassin ou un groupement de sous-bassins, ou dans un syst\u00e8me aquif\u00e8re, correspondant \u00e0 une unit\u00e9 hydrographique (12\u00b0)\u2026<\/em><\/li>\n<\/ul>\n\n\n\n<p><em>Le d\u00e9ploiement d\u2019actions par la M\u00e9tropole suite \u00e0 cette modification statutaire n\u00e9cessitera une mobilisation forte des industriels du territoire et des services de l\u2019Etat (DREAL, DDT), en charge de l\u2019animation du Programme d\u2019Action Op\u00e9rationnel territorialis\u00e9 (PAOT) pour la nappe FRDG372. L\u2019engagement de la M\u00e9tropole sur ces actions, qui sont d\u2019int\u00e9r\u00eat public, mobilisera des financements qui pourront \u00eatre apport\u00e9s par les acteurs publics (Agence de l\u2019Eau notamment) et priv\u00e9s, et son ampleur sera conditionn\u00e9e \u00e0 l\u2019engagement des acteurs concern\u00e9s. Les industriels du territoire seront ainsi sollicit\u00e9s pour financer les actions qui pourraient \u00eatre d\u00e9ploy\u00e9es par la M\u00e9tropole au titre de ce transfert de comp\u00e9tence, conform\u00e9ment au principe \u00ab pollueur-payeur \u00bb, principe juridique et \u00e9conomique r\u00e9gi par l\u2019article L.110-1 du code de l\u2019environnement\u2026\u00bb<\/em><\/p>\n\n\n\n<p>Les conseils municipaux des 49 communes devront donner, sous trois mois, leurs avis sur ce changement de statuts.<\/p>\n\n\n\n<p>A noter que la m\u00e9tropole de Lyon a aussi saisi la justice le 19 mars pour faire appliquer le principe \u00ab\u00a0pollueur-payeur\u00a0\u00bb au fran\u00e7ais Arkema et au japonais Daikin dans un dossier de pollution aux PFAS qui imposent de co\u00fbteux travaux sur ses r\u00e9seaux d&rsquo;eau potable. Les deux sites industriels se trouvent sur les rives du Rh\u00f4ne, dans la vall\u00e9e de la Chimie, en aval de Lyon.<\/p>\n","protected":false},"excerpt":{"rendered":"<p>Deux nappes d\u2019eau souterraines concernent Grenoble et les communes de la M\u00e9tro (voir la carte ci-dessous). La premi\u00e8re (num\u00e9rot\u00e9e FRDG371) comprend la nappe alimentant les puits de captage d\u2019eau potable de Rochefort, prot\u00e9g\u00e9e par la D\u00e9claration d\u2019utilit\u00e9 publique de 1967 qui est en cours de renouvellement\u00a0; elle est aliment\u00e9e par le Drac. Cette nappe a [&hellip;]<\/p>\n","protected":false},"author":1,"featured_media":0,"comment_status":"closed","ping_status":"open","sticky":false,"template":"","format":"standard","meta":{"twitterCardType":"","cardImageID":0,"cardImage":"","cardTitle":"","cardDesc":"","cardImageAlt":"","cardPlayer":"","cardPlayerWidth":0,"cardPlayerHeight":0,"cardPlayerStream":"","cardPlayerCodec":"","footnotes":""},"categories":[62,11],"tags":[232,215,280,152,99],"class_list":["post-23021","post","type-post","status-publish","format-standard","hentry","category-le-rouge-le-vert-hebdo","category-politique-locale","tag-eau","tag-grenoble","tag-metropole","tag-pollution-2","tag-sante"],"_links":{"self":[{"href":"https:\/\/www.ades-grenoble.org\/wordpress\/wp-json\/wp\/v2\/posts\/23021","targetHints":{"allow":["GET"]}}],"collection":[{"href":"https:\/\/www.ades-grenoble.org\/wordpress\/wp-json\/wp\/v2\/posts"}],"about":[{"href":"https:\/\/www.ades-grenoble.org\/wordpress\/wp-json\/wp\/v2\/types\/post"}],"author":[{"embeddable":true,"href":"https:\/\/www.ades-grenoble.org\/wordpress\/wp-json\/wp\/v2\/users\/1"}],"replies":[{"embeddable":true,"href":"https:\/\/www.ades-grenoble.org\/wordpress\/wp-json\/wp\/v2\/comments?post=23021"}],"version-history":[{"count":3,"href":"https:\/\/www.ades-grenoble.org\/wordpress\/wp-json\/wp\/v2\/posts\/23021\/revisions"}],"predecessor-version":[{"id":23031,"href":"https:\/\/www.ades-grenoble.org\/wordpress\/wp-json\/wp\/v2\/posts\/23021\/revisions\/23031"}],"wp:attachment":[{"href":"https:\/\/www.ades-grenoble.org\/wordpress\/wp-json\/wp\/v2\/media?parent=23021"}],"wp:term":[{"taxonomy":"category","embeddable":true,"href":"https:\/\/www.ades-grenoble.org\/wordpress\/wp-json\/wp\/v2\/categories?post=23021"},{"taxonomy":"post_tag","embeddable":true,"href":"https:\/\/www.ades-grenoble.org\/wordpress\/wp-json\/wp\/v2\/tags?post=23021"}],"curies":[{"name":"wp","href":"https:\/\/api.w.org\/{rel}","templated":true}]}}