{"id":23041,"date":"2024-04-05T11:45:55","date_gmt":"2024-04-05T09:45:55","guid":{"rendered":"https:\/\/www.ades-grenoble.org\/wordpress\/?p=23041"},"modified":"2024-04-05T11:45:55","modified_gmt":"2024-04-05T09:45:55","slug":"le-vert-et-le-rouge-lemergence-du-mouvement-ecologiste-grenoblois-fin-des-annees-1960-juillet-1976-suite-4","status":"publish","type":"post","link":"https:\/\/www.ades-grenoble.org\/wordpress\/2024\/04\/05\/le-vert-et-le-rouge-lemergence-du-mouvement-ecologiste-grenoblois-fin-des-annees-1960-juillet-1976-suite-4\/","title":{"rendered":"\u00ab\u00a0Le vert et le rouge\u00a0: l&rsquo;\u00e9mergence du mouvement \u00e9cologiste grenoblois, fin des ann\u00e9es 1960 -juillet 1976\u00a0\u00bb\u00a0: Suite"},"content":{"rendered":"<div class=\"wp-block-image is-style-default\">\n<figure class=\"alignleft size-full\"><img loading=\"lazy\" decoding=\"async\" width=\"380\" height=\"132\" src=\"https:\/\/www.ades-grenoble.org\/wordpress\/wp-content\/uploads\/2024\/03\/HAL.jpg\" alt=\"\" class=\"wp-image-22926\" srcset=\"https:\/\/www.ades-grenoble.org\/wordpress\/wp-content\/uploads\/2024\/03\/HAL.jpg 380w, https:\/\/www.ades-grenoble.org\/wordpress\/wp-content\/uploads\/2024\/03\/HAL-300x104.jpg 300w, https:\/\/www.ades-grenoble.org\/wordpress\/wp-content\/uploads\/2024\/03\/HAL-150x52.jpg 150w\" sizes=\"auto, (max-width: 380px) 100vw, 380px\" \/><\/figure>\n<\/div>\n\n\n<p>Sous forme de s\u00e9rie, chaque semaine, sont propos\u00e9s des extraits de ce travail de recherche effectu\u00e9 par Josselin SIBILLE en 2012.<\/p>\n\n\n\n<p>5.&nbsp;Les actions r\u00e9v\u00e9lant les pollueurs<\/p>\n\n\n\n<p>La question de la pollution appara\u00eet v\u00e9ritablement en avril 1971, lorsque le Secours Rouge de Pont-de-Claix publie <em>V\u00e9rit\u00e9 Chimie, <\/em>un num\u00e9ro unique de quatre pages, sous-titr\u00e9&nbsp;: \u00ab&nbsp;\u00c0 bas le poison du peuple&nbsp;\u00bb. Le journal s&rsquo;attaque essentiellement \u00e0 l&rsquo;usine Progil, plus gros pollueur de la r\u00e9gion selon les mao\u00efstes. Les conditions dc vie \u00ab&nbsp;dans et hors l&rsquo;usine&nbsp;\u00bb, y sont d\u00e9nonc\u00e9es&nbsp;:<\/p>\n\n\n\n<p><em>\u00ab&nbsp;Le profit ne respecte rien ni personne&nbsp;: ni l&rsquo;ouvrier qui \u00e0 chaque instant risque un accident et d&rsquo;ann\u00e9e en ann\u00e9e la maladie, ni le paysan qui ne peut vendre son vin car il pue le produit, ni la m\u00e9nag\u00e8re et l&rsquo;enfant qui supportent l&rsquo;odeur du ph\u00e9nol 24 heures sur 24, ni m\u00eame les morts que Progil veut d\u00e9m\u00e9nager de l&rsquo;ancien cimeti\u00e8re&nbsp;!<\/em>&nbsp;\u00bb<\/p>\n\n\n\n<p>Un article entier, agr\u00e9ment\u00e9 de photos, est consacr\u00e9 aux vignes du Sud de l&rsquo;agglom\u00e9ration, dont le vin ne sera plus tir\u00e9 en raison de la pollution qui br\u00fble les feuilles et transmet un go\u00fbt de plastique au raisin. Les militants publient notamment les analyses effectu\u00e9es par un laboratoire. Sont surlign\u00e9s les passages suivants\u00a0: <em>\u00ab\u00a0l\u00e9g\u00e8re odeur de caoutchouc<\/em>\u00a0\u00bb, \u00ab\u00a0<em>arri\u00e8re-go\u00fbt de caoutchouc<\/em>\u00a0\u00bb, <em>\u00ab\u00a0l\u00e9g\u00e8re odeur rappelant certaines mati\u00e8res plastiques\u00a0\u00bb.<\/em><\/p>\n\n\n\n<!--more-->\n\n\n\n<p>Dans la nuit du 30 au 31 octobre 1971, comme pour donner du cr\u00e9dit aux mao\u00efstes, un wagon d&rsquo;OCPA, d\u00e9sherbant chimique, explose \u00e0 l&rsquo;usine Progil de Pont de Claix. Plusieurs wagons sont d\u00e9truits, et deux personnes bless\u00e9es. L&rsquo;accident cr\u00e9e l&rsquo;\u00e9moi au sein de la population, et suscite alors plusieurs enqu\u00eates dans <em>VRA. <\/em>On y apprend notamment que les d\u00e9sherbants produits par Progil ont servi au Vietnam comme d\u00e9foliant, et qu&rsquo;ils ont de graves r\u00e9percussions sur la faune des rivi\u00e8res. Plusieurs articles traitent plus particuli\u00e8rement des maladies li\u00e9es \u00e0 l&rsquo;utilisation des produits chimiques qui touchent les travailleurs de l&rsquo;usine<a href=\"#_ftn1\" id=\"_ftnref1\"><sup>[1]<\/sup><\/a>.<\/p>\n\n\n\n<p>Enfin, on peut appr\u00e9hender le rapport que les mao\u00efstes entretiennent avec la nature, \u00e0 partir de plusieurs articles consacr\u00e9s \u00e0 la cr\u00e9ation du parc des \u00c9crins. Dans le premier num\u00e9ro de <em>VRA <\/em>para\u00eet un article intitul\u00e9&nbsp;: <em>\u00ab&nbsp;Comment expliquer aux moutons qu&rsquo;il ne faut pas manger les marguerites&nbsp;\u00bb<\/em>. Les signataires du texte, \u00ab&nbsp;des jeunes du Valgaudemar&nbsp;\u00bb, s&rsquo;opposent \u00e0 la cr\u00e9ation du parc. Tout en promouvant, chose peu \u00e9cologiste, la construction des stations de ski afin de maintenir une activit\u00e9 \u00e9conomique dans les zones de montagne, ils posent la question de l&rsquo;acc\u00e8s \u00e0 la nature. Acc\u00e8s pour les classes populaires d&rsquo;abord, qui doivent pouvoir b\u00e9n\u00e9ficier de vacances \u00e0 la montagne, et rompre avec le \u00ab&nbsp;tourisme pour les riches&nbsp;\u00bb. Acc\u00e8s pour les paysans ensuite qui doivent pouvoir continuer \u00e0 chasser et \u00e0 faire pa\u00eetre leurs troupeaux sur le territoire du futur parc. En novembre 1971<em>, VRA <\/em>consacre un num\u00e9ro sp\u00e9cial \u00e0 la lutte contre le parc&nbsp;: <em>\u00ab&nbsp;La montagne aux montagnards, c&rsquo;est la montagne au peuple&nbsp;!&nbsp;\u00bb<\/em><a href=\"#_ftn2\" id=\"_ftnref2\"><sup>[2]<\/sup><\/a>. \u00c0 une conception institutionnelle de la protection de la nature qui d\u00e9l\u00e8gue \u00e0 l&rsquo;\u00c9tat la gestion des espaces prot\u00e9g\u00e9s, les mao\u00efstes opposent alors une \u00ab&nbsp;<em>gestion populaire<\/em>&nbsp;\u00bb&nbsp;:<\/p>\n\n\n\n<p>\u00ab&nbsp;<em>Depuis toujours, la nature a \u00e9t\u00e9 prot\u00e9g\u00e9e par les habitants des vall\u00e9es. [&#8230;] Ce sont les soci\u00e9t\u00e9s de chasse qui ont prot\u00e9g\u00e9 le chamois. Apr\u00e8s les deux guerres, la race \u00e9tait en plein p\u00e9ril, et les chasseurs n&rsquo;ont eu besoin des conseils de personne pour organiser la protection en constituant des r\u00e9serves. [Concernant la flore,] il est vrai que des esp\u00e8ces sont en voie de disparition. [&#8230;] Mais le parc prot\u00e9gera-t-il la flore&nbsp;? [&#8230;] Si on l\u00e2che les gens en libert\u00e9 dans une r\u00e9serve, ils ont tendance \u00e0 faire n&rsquo;importe quoi. Ce ne sont pas les gardiens qui les en dissuaderont. Par contre, quand les touristes vivent au milieu des paysans, ceux-ci leur expliquent ce qu&rsquo;il ne faut pas faire, avec beaucoup plus de persuasion que par des affiches ou des conseils de garde asserment\u00e9. Seul un tourisme populaire peut garantir la protection de la nature&nbsp;\u00bb.<\/em><\/p>\n\n\n\n<p>Reste que l&rsquo;action des mao\u00efstes autour de l&rsquo;environnement ne se limite pas \u00e0 la publication de journaux. Suite \u00e0 l&rsquo;explosion survenue \u00e0 Progil, un Comit\u00e9 Anti-Pollueur (CAP) est fond\u00e9 sur le campus pour soutenir l&rsquo;action du Secours Rouge de Pont-de-Claix. Ses principaux animateurs ne sont autres que Pierre Boisgontier et Michel de Bernardy de Sigoyer. \u00c0 la d\u00e9nonciation de la pollution, le CAP entend substituer la d\u00e9nonciation des pollueurs. Le 11 novembre 1971la ville de Grenoble accueille le premier salon des techniques anti-pollution. Une vingtaine de militants du CAP perturbent l&rsquo;\u00e9v\u00e9nement, s&#8217;emparent du micro et diffusent un tract avant d&rsquo;\u00eatre \u00e9vacu\u00e9s par la police&nbsp;:<\/p>\n\n\n\n<p>\u00ab&nbsp;<em>Poujade<a href=\"#_ftn3\" id=\"_ftnref3\"><sup><strong><sup>[3]<\/sup><\/strong><\/sup><\/a>, le pr\u00e9fet et Progil [&#8230;] essaient de noyer le poisson en rendant responsables de la pollution les papiers gras, les cigarettes, les gaz d&rsquo;\u00e9chappement des promeneurs du dimanche&nbsp;! L&rsquo;action du CAP vise \u00e0 attaquer les v\u00e9ritables responsables dont Progil est le chef de file \u00e0 Grenoble<a href=\"#_ftn4\" id=\"_ftnref4\"><sup><strong><sup>[4]<\/sup><\/strong><\/sup><\/a>.&nbsp;\u00bb<\/em><\/p>\n\n\n\n<p>En d\u00e9cembre, une exposition sur les pollutions est organis\u00e9e sur le campus. Le m\u00eame jour, un meeting du CAP rassemble sur le campus une centaine de personnes, dont une dizaine de travailleurs de Progil.<a href=\"#_ftn5\" id=\"_ftnref5\"><sup>[5]<\/sup><\/a> L&rsquo;id\u00e9e d&rsquo;une grande marche contre les pollueurs, en direction de Progil est lanc\u00e9e. On promet aussi de publier des mesures sur la pollution de l&rsquo;air et de l&rsquo;eau. L&rsquo;action du CAP n&rsquo;ira cependant pas plus loin. En 1972 et 1973, <em>VRA <\/em>continue de relayer certaines luttes li\u00e9es \u00e0 l&rsquo;environnement, celles des parcs notamment, mais l&rsquo;int\u00e9r\u00eat pour les questions environnementales semble d\u00e9cliner. Deux \u00e9l\u00e9ments peuvent expliquer cela&nbsp;: le d\u00e9couragement de militants n&rsquo;ayant pas re\u00e7u au sein de la population les \u00e9chos escompt\u00e9s, et leur implication dans d&rsquo;autres luttes encore jug\u00e9es prioritaires, comme les mouvements de gr\u00e8ve \u00e0 Neyrpic ou \u00e0 la Sescosem.<\/p>\n\n\n\n<hr class=\"wp-block-separator has-alpha-channel-opacity\"\/>\n\n\n\n<p><a href=\"#_ftnref1\" id=\"_ftn1\">[1]<\/a> <em>VRA, <\/em>AD38, PER1771\/1.<\/p>\n\n\n\n<p><a href=\"#_ftnref2\" id=\"_ftn2\">[2]<\/a> <em>VRA<\/em>, num\u00e9ro sp\u00e9cial \u00ab&nbsp;La montagne aux montagnards, c&rsquo;est la montagne au peuple&nbsp;!&nbsp;\u00bb, novembre 1971, AD38, PER1771\/1<\/p>\n\n\n\n<p><a href=\"#_ftnref3\" id=\"_ftn3\">[3]<\/a> Maire de Dijon, Robert Poujade fut le premier ministre fran\u00e7ais charg\u00e9 de la protection de la nature et de l&rsquo;environnement, entre 1971 et 1974.<\/p>\n\n\n\n<p><a href=\"#_ftnref4\" id=\"_ftn4\">[4]<\/a> <em>VRA <\/em>n\u00b04, AD38, PER1771\/1.<\/p>\n\n\n\n<p><a href=\"#_ftnref5\" id=\"_ftn5\">[5]<\/a> Fiche des renseignements g\u00e9n\u00e9raux du 3\/12\/1971, AD38, 6523W40.<\/p>\n","protected":false},"excerpt":{"rendered":"<p>Sous forme de s\u00e9rie, chaque semaine, sont propos\u00e9s des extraits de ce travail de recherche effectu\u00e9 par Josselin SIBILLE en 2012. 5.&nbsp;Les actions r\u00e9v\u00e9lant les pollueurs La question de la pollution appara\u00eet v\u00e9ritablement en avril 1971, lorsque le Secours Rouge de Pont-de-Claix publie V\u00e9rit\u00e9 Chimie, un num\u00e9ro unique de quatre pages, sous-titr\u00e9&nbsp;: \u00ab&nbsp;\u00c0 bas le [&hellip;]<\/p>\n","protected":false},"author":1,"featured_media":0,"comment_status":"closed","ping_status":"open","sticky":false,"template":"","format":"standard","meta":{"twitterCardType":"","cardImageID":0,"cardImage":"","cardTitle":"","cardDesc":"","cardImageAlt":"","cardPlayer":"","cardPlayerWidth":0,"cardPlayerHeight":0,"cardPlayerStream":"","cardPlayerCodec":"","footnotes":""},"categories":[62,11],"tags":[153,215,195],"class_list":["post-23041","post","type-post","status-publish","format-standard","hentry","category-le-rouge-le-vert-hebdo","category-politique-locale","tag-ecologie","tag-grenoble","tag-histoire"],"_links":{"self":[{"href":"https:\/\/www.ades-grenoble.org\/wordpress\/wp-json\/wp\/v2\/posts\/23041","targetHints":{"allow":["GET"]}}],"collection":[{"href":"https:\/\/www.ades-grenoble.org\/wordpress\/wp-json\/wp\/v2\/posts"}],"about":[{"href":"https:\/\/www.ades-grenoble.org\/wordpress\/wp-json\/wp\/v2\/types\/post"}],"author":[{"embeddable":true,"href":"https:\/\/www.ades-grenoble.org\/wordpress\/wp-json\/wp\/v2\/users\/1"}],"replies":[{"embeddable":true,"href":"https:\/\/www.ades-grenoble.org\/wordpress\/wp-json\/wp\/v2\/comments?post=23041"}],"version-history":[{"count":1,"href":"https:\/\/www.ades-grenoble.org\/wordpress\/wp-json\/wp\/v2\/posts\/23041\/revisions"}],"predecessor-version":[{"id":23042,"href":"https:\/\/www.ades-grenoble.org\/wordpress\/wp-json\/wp\/v2\/posts\/23041\/revisions\/23042"}],"wp:attachment":[{"href":"https:\/\/www.ades-grenoble.org\/wordpress\/wp-json\/wp\/v2\/media?parent=23041"}],"wp:term":[{"taxonomy":"category","embeddable":true,"href":"https:\/\/www.ades-grenoble.org\/wordpress\/wp-json\/wp\/v2\/categories?post=23041"},{"taxonomy":"post_tag","embeddable":true,"href":"https:\/\/www.ades-grenoble.org\/wordpress\/wp-json\/wp\/v2\/tags?post=23041"}],"curies":[{"name":"wp","href":"https:\/\/api.w.org\/{rel}","templated":true}]}}