{"id":23048,"date":"2024-04-05T11:46:14","date_gmt":"2024-04-05T09:46:14","guid":{"rendered":"https:\/\/www.ades-grenoble.org\/wordpress\/?p=23048"},"modified":"2024-04-05T11:46:14","modified_gmt":"2024-04-05T09:46:14","slug":"suites-de-lenquete-publique-sur-le-metro-cable","status":"publish","type":"post","link":"https:\/\/www.ades-grenoble.org\/wordpress\/2024\/04\/05\/suites-de-lenquete-publique-sur-le-metro-cable\/","title":{"rendered":"Suites de l\u2019enqu\u00eate publique sur le M\u00e9tro-c\u00e2ble"},"content":{"rendered":"<div class=\"wp-block-image is-style-default\">\n<figure class=\"alignleft size-full\"><img loading=\"lazy\" decoding=\"async\" width=\"362\" height=\"113\" src=\"https:\/\/www.ades-grenoble.org\/wordpress\/wp-content\/uploads\/2017\/03\/EnquetePublique.jpg\" alt=\"\" class=\"wp-image-12697\" srcset=\"https:\/\/www.ades-grenoble.org\/wordpress\/wp-content\/uploads\/2017\/03\/EnquetePublique.jpg 362w, https:\/\/www.ades-grenoble.org\/wordpress\/wp-content\/uploads\/2017\/03\/EnquetePublique-150x47.jpg 150w, https:\/\/www.ades-grenoble.org\/wordpress\/wp-content\/uploads\/2017\/03\/EnquetePublique-300x94.jpg 300w\" sizes=\"auto, (max-width: 362px) 100vw, 362px\" \/><\/figure>\n<\/div>\n\n\n<p>D\u00e8s que la commission d\u2019enqu\u00eate a fait conna\u00eetre son avis tr\u00e8s d\u00e9favorable \u00e0 la d\u00e9claration d\u2019utilit\u00e9 publique, pour la r\u00e9alisation du c\u00e2ble entre Fontaine et Saint Martin le Vinoux, un certain nombre de m\u00e9contents de ce r\u00e9sultat, ont mis en cause le travail de la commission au lieu de lire attentivement les conclusions tr\u00e8s argument\u00e9es de la commission d\u2019enqu\u00eate<\/p>\n\n\n\n<p>Le premier a \u00e9t\u00e9 le pr\u00e9sident de la M\u00e9tro, qui de fa\u00e7on surprenante, a fustig\u00e9 les lourdeurs administratives\u00a0: \u00ab\u00a0<em>J\u2019ai parfois le sentiment que les proc\u00e9dures administratives obligatoires et r\u00e8glements tournent \u00e0 l\u2019envers ou en tout cas pas ronds. L\u2019exigence d\u00e9mocratique et environnementale, l\u2019exigence de bonne gestion des deniers publics, n\u00e9cessiteraient \u00e0 mon sens que ce type d\u2019avis, arrivent beaucoup plus t\u00f4t dans la vie d\u2019un projet. Gagnons du temps\u00a0!<em>\u00bb<\/em><\/em>.<\/p>\n\n\n\n<!--more-->\n\n\n\n<p>Donc pour le pr\u00e9sident de la M\u00e9tro c\u2019est la faute \u00e0 la Loi mais pas \u00e0 l\u2019insuffisance criante du dossier d\u2019enqu\u00eate \u00e9labor\u00e9 par le SMMAG, il oublie aussi l\u2019incapacit\u00e9 du SMMAG \u00e0 finaliser rapidement ce dossier.<\/p>\n\n\n\n<p>Les promoteurs du c\u00e2ble ne se sont pas rendus compte, que ce mode de d\u00e9placement n\u2019\u00e9tait plus une solution prioritaire pour am\u00e9liorer les transports en commun dans l\u2019agglom\u00e9ration, surtout depuis l\u2019abandon du d\u00e9marrage du BHNS (Bus \u00e0 Haut Niveau de Service) depuis la Presqu\u2019ile vers le Gr\u00e9sivaudan.<\/p>\n\n\n\n<p>Il s\u2019av\u00e8re n\u00e9cessaire de rafraichir un peu les m\u00e9moires de nos d\u00e9cideurs qui oublient vite le pass\u00e9. Lors du conseil du SMMAG du 28 mars les discours des pr\u00e9sidents de la M\u00e9tro et du SMMAG ne se sont pas priv\u00e9s de r\u00e9\u00e9crire le pass\u00e9.<\/p>\n\n\n\n<p>D\u00e8s l\u2019enqu\u00eate publique sur le nouveau PDU qui s\u2019est termin\u00e9e en octobre 2018, le projet de c\u00e2ble a \u00e9t\u00e9 critiqu\u00e9 et le SMTC lui-m\u00eame, pr\u00e9sid\u00e9 par Yann Mongaburu, a pris des engagements tr\u00e8s clairs sur les conditions \u00e0 remplir pour que le M\u00e9tro-c\u00e2ble soit acceptable dans l\u2019esprit du PDU&nbsp;: <em>\u00ab&nbsp;La politique du SMTC est que chaque nouvel investissement lourd soit d\u00e9cid\u00e9 au regard de l\u2019\u00e9quilibre entre les sommes investies, le nombre d\u2019usagers transport\u00e9s et le niveau de priorit\u00e9 par rapport aux objectifs fondateurs du PDU\u2026Le SMTC pr\u00e9voit d\u2019actualiser l\u2019\u00e9tude socio-\u00e9conomique du projet de c\u00e2ble entre Fontaine et Saint-Martin-Le-Vinoux, avec une nouvelle mod\u00e9lisation qui permettra de pr\u00e9ciser les estimations de voyageurs. En 2019,&nbsp;le SMTC pr\u00e9voit \u00e9galement d\u2019approfondir l\u2019articulation entre ce c\u00e2ble et les autres modes de d\u00e9placements \u00e0 l\u2019\u00e9chelle de la branche nord-ouest de l\u2019agglom\u00e9ration\u2026\u00bb<\/em><\/p>\n\n\n\n<p>C\u2019est pourquoi le PDU 2030 indiquait que le c\u00e2ble, qui devait \u00eatre r\u00e9alis\u00e9 en 2023, soit associ\u00e9 \u00e0 un bus \u00e0 haut niveau de service (BHNS), allant de la Presqu\u2019Ile vers le Gr\u00e9sivaudan et les entreprises de micro\u00e9lectronique. Mais le SMMAG a abandonn\u00e9 le d\u00e9part du BHNS dans la Presqu\u2019ile, ce qui privait le c\u00e2ble d\u2019un grand int\u00e9r\u00eat.<\/p>\n\n\n\n<p>De plus des fautes inexcusables ont \u00e9t\u00e9 faites dans le dossier d\u2019enqu\u00eate r\u00e9alis\u00e9 par le SMMAG, malgr\u00e9 le signal d\u2019alarme donn\u00e9 par la Mission R\u00e9gionale d\u2019Autorisation Environnementale dans son avis sur le dossier d\u2019enqu\u00eate publique quant \u00e0 l\u2019estimation du nombre de personnes qui prendraient le c\u00e2ble.<\/p>\n\n\n\n<p>Conclusion&nbsp;: les promoteurs du c\u00e2ble essayent de se d\u00e9douaner de leurs responsabilit\u00e9s en cherchant des boucs \u00e9missaires. Mais maintenant, s\u2019ils insistent pour poursuivre ce projet, ils sont dans l\u2019obligation de le revoir de fond en comble. Il serait surprenant que le pr\u00e9fet arr\u00eate une d\u00e9claration d\u2019utilit\u00e9 publique suite \u00e0 un tel avis d\u00e9favorable. Il est alors pr\u00e9f\u00e9rable de passer \u00e0 un autre investissement plus utile pour les habitants de l\u2019agglom\u00e9ration, au lieu de continuer \u00e0 perdre du temps sur un dossier aussi mal ficel\u00e9.<\/p>\n\n\n\n<p>Nous recommandons <a href=\"https:\/\/www.isere.gouv.fr\/Publications\/Mises-a-disposition-Consultations-enquetes-publiques-concertations-prealables-declarations-de-projets\/Rapports-d-enquetes\/Rapports-d-enquetes-2023\/Liaison-par-cable-entre-Fontaine-et-Saint-Martin-le-Vinoux\" data-type=\"link\" data-id=\"https:\/\/www.isere.gouv.fr\/Publications\/Mises-a-disposition-Consultations-enquetes-publiques-concertations-prealables-declarations-de-projets\/Rapports-d-enquetes\/Rapports-d-enquetes-2023\/Liaison-par-cable-entre-Fontaine-et-Saint-Martin-le-Vinoux\">une lecture attentive des conclusions de la commission d\u2019enqu\u00eate \u00e0 toute personne qui veut se faire sa propre id\u00e9e sur ce dossier<\/a>.<\/p>\n\n\n\n<p>Le 27 mars, dans un communiqu\u00e9, <a href=\"https:\/\/unemetropoledavance.fr\/2024\/03\/27\/communique-de-presse-du-groupe-uma-suite-aux-conclusions-de-lenquete-publique-sur-le-projet-de-transport-par-cable\/\" data-type=\"link\" data-id=\"https:\/\/unemetropoledavance.fr\/2024\/03\/27\/communique-de-presse-du-groupe-uma-suite-aux-conclusions-de-lenquete-publique-sur-le-projet-de-transport-par-cable\/\">le groupe politique UMA de la gauche et des \u00e9cologistes \u00e0 la M\u00e9tro a donn\u00e9 son analyse sur ce dossier\u00a0<\/a>:<\/p>\n\n\n\n<p><em>\u00ab\u00a0Les \u00e9lu.es du groupe UMA ont pris connaissance des conclusions du rapport des commissaires enqu\u00eateurs. Notre groupe s\u2019est exprim\u00e9 lors de cette enqu\u00eate ainsi que les communes membres du groupe concern\u00e9es par le projet. Les \u00e9lu.es du groupe UMA se sont exprim\u00e9s d\u00e9favorablement au projet du M\u00e9tro c\u00e2ble tel qu\u2019il a \u00e9t\u00e9 soumis \u00e0 l\u2019enqu\u00eate publique. Nous tenons en premier lieu \u00e0 souligner la raret\u00e9 d\u2019un avis d\u00e9favorable \u00e0 la fois sur la d\u00e9claration d\u2019utilit\u00e9 publique et sur l\u2019autorisation environnementale. Ce rapport est accablant, il t\u00e9moigne d\u2019un projet non concert\u00e9, d\u2019alternatives non-\u00e9tudi\u00e9es, et d\u2019une analyse socio-\u00e9conomique n\u00e9gative, un bilan carbone sous-estim\u00e9 pour un report modal extr\u00eamement limit\u00e9.<br><\/em><\/p>\n\n\n\n<p><em>Il remet en question les informations transmises au public et les manques de fiabilit\u00e9 des \u00e9tudes au vu des non r\u00e9alisation du PDU page 10 et 11 :<\/em><\/p>\n\n\n\n<ul class=\"wp-block-list\">\n<li><em>\u00ab De plus, le scenario de r\u00e9f\u00e9rence de cette \u00e9tude prend en compte un grand nombre de projets qui sont consid\u00e9r\u00e9s comme r\u00e9alis\u00e9s en 2025 alors qu\u2019ils ne le sont pas, \u00e0 savoir : \u00ab la 1\u00e8re \u00e9tape du RER ferroviaire \u00bb, le \u00ab BHNS Grenoble Presqu\u2019\u00eele-Montbonnot \u00bb, la \u00ab passerelle Berges de l\u2019Is\u00e8re rive droite-Presqu\u2019\u00eele dans le cadre du projet A480 \u00bb, la \u00ab cr\u00e9ation d\u2019une passerelle Esplanade \u2013 Presqu\u2019\u00eele \u00bb, \u00ab l\u2019axe Chronov\u00e9lo Grenoble \u2013 Berges de l\u2019Is\u00e8re rive droite \u00bb. L\u2019\u00e9tude socio-\u00e9conomique n\u2019int\u00e8gre ni l\u2019abandon du projet Portes du Vercors sur Sassenage, ni le d\u00e9veloppement acc\u00e9l\u00e9r\u00e9 de la presqu\u2019ile, ni l\u2019enqu\u00eate PDIE Giant pour la Presqu\u2019ile. \u00bb<\/em><em><\/em><\/li>\n\n\n\n<li><em>\u00ab Plusieurs informations n\u00e9cessaires \u00e0 la compr\u00e9hension du projet sont absentes du dossier, voire erron\u00e9es \u00bb et \u00ab \u00ab Le dossier n\u2019a pas permis au public de se forger une opinion en toute connaissance de cause \u00bb<\/em><em><\/em><\/li>\n<\/ul>\n\n\n\n<p><em>Et s\u2019\u00e9tonne de la non prise en consid\u00e9ration des avis des communes concern\u00e9es :<\/em><\/p>\n\n\n\n<ul class=\"wp-block-list\">\n<li><em>\u00ab Pour un projet de cette nature, future vitrine de l\u2019excellence grenobloise, marquant de fa\u00e7on durable l\u2019entr\u00e9e Nord-Ouest de la m\u00e9tropole, la commission d\u2019enqu\u00eate estime qu\u2019on aurait \u00e9t\u00e9 en droit d\u2019attendre en premier lieu un soutien unanime des quatre communes directement concern\u00e9es. Au-del\u00e0, un avis positif largement partag\u00e9 au sein de la M\u00e9tropole, dont le p\u00e9rim\u00e8tre est celui d\u2019application du PDU, aurait donn\u00e9 une tout autre assise politique au projet. Et \u00e0 une \u00e9chelle encore plus large, que ni le D\u00e9partement, ni la R\u00e9gion, ni m\u00eame l\u2019\u00c9tat, n\u2019ait fait part de leur volont\u00e9 de voir aboutir le projet pose question \u00bb<\/em><em><\/em><\/li>\n<\/ul>\n\n\n\n<p><em>Nous d\u00e9couvrons dans ce rapport la difficult\u00e9 dans laquelle se sont retrouv\u00e9 les commissaires enqu\u00eateurs dont la neutralit\u00e9 a \u00e9t\u00e9 remise en cause a de nombreuses reprises page 5 :<\/em><\/p>\n\n\n\n<ul class=\"wp-block-list\">\n<li><em>\u00ab&nbsp;La commission d\u2019enqu\u00eate d\u00e9plore d\u2019avoir entendu \u00e0 plusieurs reprises, \u00e0 l\u2019occasion de ses rencontres et de ses permanences, des propos mettant en doute sa neutralit\u00e9. Un incident de cette nature lors d\u2019une permanence l\u2019a conduite \u00e0 assurer les derni\u00e8res permanences avec deux commissaires-enqu\u00eateurs&nbsp;\u00bb.<\/em><em><\/em><\/li>\n<\/ul>\n\n\n\n<p><em>Nous proposons, \u00e0 l\u2019aune de ce rapport, qu\u2019un nouveau travail s\u2019engage afin de d\u00e9finir les alternatives qui permettront de diminuer drastiquement l\u2019autosolisme, avec un impact fort sur le report modal pour r\u00e9pondre aux besoins des habitants de la M\u00e9tropole.\u00a0\u00bb<\/em><\/p>\n","protected":false},"excerpt":{"rendered":"<p>D\u00e8s que la commission d\u2019enqu\u00eate a fait conna\u00eetre son avis tr\u00e8s d\u00e9favorable \u00e0 la d\u00e9claration d\u2019utilit\u00e9 publique, pour la r\u00e9alisation du c\u00e2ble entre Fontaine et Saint Martin le Vinoux, un certain nombre de m\u00e9contents de ce r\u00e9sultat, ont mis en cause le travail de la commission au lieu de lire attentivement les conclusions tr\u00e8s argument\u00e9es [&hellip;]<\/p>\n","protected":false},"author":1,"featured_media":0,"comment_status":"closed","ping_status":"open","sticky":false,"template":"","format":"standard","meta":{"twitterCardType":"","cardImageID":0,"cardImage":"","cardTitle":"","cardDesc":"","cardImageAlt":"","cardPlayer":"","cardPlayerWidth":0,"cardPlayerHeight":0,"cardPlayerStream":"","cardPlayerCodec":"","footnotes":""},"categories":[62,11],"tags":[5,280,343],"class_list":["post-23048","post","type-post","status-publish","format-standard","hentry","category-le-rouge-le-vert-hebdo","category-politique-locale","tag-deplacements","tag-metropole","tag-smmag"],"_links":{"self":[{"href":"https:\/\/www.ades-grenoble.org\/wordpress\/wp-json\/wp\/v2\/posts\/23048","targetHints":{"allow":["GET"]}}],"collection":[{"href":"https:\/\/www.ades-grenoble.org\/wordpress\/wp-json\/wp\/v2\/posts"}],"about":[{"href":"https:\/\/www.ades-grenoble.org\/wordpress\/wp-json\/wp\/v2\/types\/post"}],"author":[{"embeddable":true,"href":"https:\/\/www.ades-grenoble.org\/wordpress\/wp-json\/wp\/v2\/users\/1"}],"replies":[{"embeddable":true,"href":"https:\/\/www.ades-grenoble.org\/wordpress\/wp-json\/wp\/v2\/comments?post=23048"}],"version-history":[{"count":1,"href":"https:\/\/www.ades-grenoble.org\/wordpress\/wp-json\/wp\/v2\/posts\/23048\/revisions"}],"predecessor-version":[{"id":23049,"href":"https:\/\/www.ades-grenoble.org\/wordpress\/wp-json\/wp\/v2\/posts\/23048\/revisions\/23049"}],"wp:attachment":[{"href":"https:\/\/www.ades-grenoble.org\/wordpress\/wp-json\/wp\/v2\/media?parent=23048"}],"wp:term":[{"taxonomy":"category","embeddable":true,"href":"https:\/\/www.ades-grenoble.org\/wordpress\/wp-json\/wp\/v2\/categories?post=23048"},{"taxonomy":"post_tag","embeddable":true,"href":"https:\/\/www.ades-grenoble.org\/wordpress\/wp-json\/wp\/v2\/tags?post=23048"}],"curies":[{"name":"wp","href":"https:\/\/api.w.org\/{rel}","templated":true}]}}