{"id":23089,"date":"2024-04-19T11:53:49","date_gmt":"2024-04-19T09:53:49","guid":{"rendered":"https:\/\/www.ades-grenoble.org\/wordpress\/?p=23089"},"modified":"2024-04-19T14:08:34","modified_gmt":"2024-04-19T12:08:34","slug":"diverses-actualites-165","status":"publish","type":"post","link":"https:\/\/www.ades-grenoble.org\/wordpress\/2024\/04\/19\/diverses-actualites-165\/","title":{"rendered":"Diverses actualit\u00e9s"},"content":{"rendered":"<div class=\"wp-block-image is-style-default\">\n<figure class=\"alignleft size-full\"><img loading=\"lazy\" decoding=\"async\" width=\"400\" height=\"222\" src=\"https:\/\/www.ades-grenoble.org\/wordpress\/wp-content\/uploads\/2020\/11\/crieur.jpg\" alt=\"\" class=\"wp-image-18106\" srcset=\"https:\/\/www.ades-grenoble.org\/wordpress\/wp-content\/uploads\/2020\/11\/crieur.jpg 400w, https:\/\/www.ades-grenoble.org\/wordpress\/wp-content\/uploads\/2020\/11\/crieur-150x83.jpg 150w, https:\/\/www.ades-grenoble.org\/wordpress\/wp-content\/uploads\/2020\/11\/crieur-300x167.jpg 300w\" sizes=\"auto, (max-width: 400px) 100vw, 400px\" \/><\/figure>\n<\/div>\n\n\n<p><strong>Moustique tigre, un guide pour le combattre<\/strong>. Les moustiques tigres seront bient\u00f4t de retour. Et c\u2019est maintenant qu\u2019il faut agir. Reporterre dans <a href=\"https:\/\/reporterre.net\/Notre-guide-pour-combattre-le-moustique-tigre?\" data-type=\"link\" data-id=\"https:\/\/reporterre.net\/Notre-guide-pour-combattre-le-moustique-tigre?\">son guide<\/a> pr\u00e9sente quelques gestes simples pour bien les combattre. Pour y parvenir encore faut-il bien conna\u00eetre ses habitudes. Il aime l\u2019eau stagnante et le moindre objet creux peut devenir un site de ponte. Un simple bouchon de bouteille lui suffit. Les \u0153ufs peuvent rester tout l\u2019hiver en <em>\u00ab\u00a0diapause\u00a0\u00bb<\/em> sur les bords du r\u00e9cipient. Ils sont tr\u00e8s r\u00e9sistants, y compris au gel et \u00e0 la s\u00e9cheresse. Aux premi\u00e8res pluies\u00a0ou arrosages de printemps, lorsque les parois du contenant sont submerg\u00e9es, ils vont\u00a0\u00e9clore voici les principaux conseils \u00e0 suivre\u00a0: faites la guerre \u00e0 tous les petits r\u00e9cipients d\u2019eau\u00a0; cr\u00e9ez un environnement hostile au moustique tigre\u00a0; prot\u00e9gez-vous en int\u00e9rieur et en ext\u00e9rieur\u00a0; sensibilisez votre voisinage.<\/p>\n\n\n\n<hr class=\"wp-block-separator has-alpha-channel-opacity\"\/>\n\n\n\n<p><strong><a href=\"https:\/\/stopmicro38.noblogs.org\/files\/2023\/10\/05-Synthese-PollutionDerogation-Rejets-Aqueux.pdf\" data-type=\"link\" data-id=\"https:\/\/stopmicro38.noblogs.org\/files\/2023\/10\/05-Synthese-PollutionDerogation-Rejets-Aqueux.pdf\">Note d\u2019analyse des rejets aqueux de STMicroelectronics dans l\u2019Is\u00e8re<\/a><\/strong>. La pr\u00e9occupation des auteurs de la note porte sur 3 param\u00e8tres en particulier : l\u2019azote (N), le phosphore (P) et le Cuivre (Cu), dont les rejets d\u00e9passent les valeurs r\u00e9glementaires et pour lesquelles STMicroelectronics effectue une demande de d\u00e9rogation suppl\u00e9mentaire (Annexe 7 de l\u2019\u00e9tude d\u2019impact &#8211; pi\u00e8ce figurant au dossier d\u2019enqu\u00eate publique).Les rejets d\u2019azote et de phosphore dans les milieux aquatiques de surface entra\u00eenent en effet l\u2019eutrophisation des milieux aquatiques : la forte disponibilit\u00e9 de ces nutriments (N et P) d\u00e9veloppe une croissance excessive des plantes et des algues qui absorbent donc de grandes quantit\u00e9s de dioxyg\u00e8ne, provoquant l\u2019asphyxie des \u00e9cosyst\u00e8mes aquatiques. La basse Is\u00e8re est class\u00e9e comme zone sensible \u00e0 l\u2019eutrophisation en 2017(Agence de l\u2019Eau RMC) et la directive 91\/271\/CEE du 21 mai 1991 impose un traitement plus pouss\u00e9 dans ces zones. Une plus grande prudence concernant les rejets en amont doit imp\u00e9rativement \u00eatre respect\u00e9e au vu notamment,\u00a0 des effets cumul\u00e9s entre les activit\u00e9s agricoles de la vall\u00e9e du Gr\u00e9sivaudan et les rejets des industriels.<\/p>\n\n\n\n<hr class=\"wp-block-separator has-alpha-channel-opacity\"\/>\n\n\n\n<p><strong>Pr\u00e9l\u00e8vements et consommations d\u2019eau : quels enjeux et usages ? <\/strong>La ressource en eau renouvelable, indispensable aux diff\u00e9rents usages anthropiques et au fonctionnement des milieux aquatiques, a diminu\u00e9 de 14 % en France au cours de ces quinze derni\u00e8res ann\u00e9es. Cette tendance devrait s\u2019aggraver, notamment en p\u00e9riode estivale, avec le changement climatique. Quel est l\u2019\u00e9tat actuel des connaissances de la demande en eau ? Quelles sont les dynamiques spatiales de cette demande ? <a href=\"https:\/\/www.strategie.gouv.fr\/publications\/prelevements-consommations-deau-enjeux-usages\" data-type=\"link\" data-id=\"https:\/\/www.strategie.gouv.fr\/publications\/prelevements-consommations-deau-enjeux-usages\">Une note d\u2019analyse de France strat\u00e9gie du 18 avril 2024<\/a> qui montre que l&rsquo;\u00e9nergie est la championne des pr\u00e9l\u00e8vements, en particulier pour les besoins de refroidissement des centrales nucl\u00e9aires et que l&rsquo;agriculture arrive en t\u00eate des consommations, avec des \u00e9quipements d&rsquo;irrigation qui se d\u00e9veloppent dans toutes les r\u00e9gions.<\/p>\n\n\n\n<!--more-->\n\n\n\n<hr class=\"wp-block-separator has-alpha-channel-opacity\"\/>\n\n\n\n<p><strong>Lutte contre l\u2019habitat d\u00e9grad\u00e9 : une avanc\u00e9e l\u00e9gislative majeure. <\/strong><a href=\"https:\/\/www.seban-associes.avocat.fr\/lutte-contre-lhabitat-degrade-une-avancee-legislative-majeure\/?idLAJ=120207\" data-type=\"link\" data-id=\"https:\/\/www.seban-associes.avocat.fr\/lutte-contre-lhabitat-degrade-une-avancee-legislative-majeure\/?idLAJ=120207\">Une analyse du cabinet d\u2019avocats Seban et associ\u00e9s<\/a>. Le 27 mars dernier, le Parlement a d\u00e9finitivement \u2013 et \u00e0 l\u2019unanimit\u00e9 \u2013 adopt\u00e9 le projet de loi relatif \u00e0 <em>l\u2019acc\u00e9l\u00e9ration et \u00e0 la simplification de la r\u00e9novation de l\u2019habitat d\u00e9grad\u00e9 et des grandes op\u00e9rations d\u2019am\u00e9nagement<\/em>, port\u00e9 par plusieurs collectivit\u00e9s impact\u00e9es par ce fl\u00e9au, et principalement par la commune de SAINT-DENIS (93). Ces nouvelles dispositions visant \u00e0 renforcer l\u2019arsenal juridique pr\u00e9existant, ont vocation \u00e0 permettre la mise en \u0153uvre de proc\u00e9dures concr\u00e8tes et op\u00e9rationnelles de protection des occupants, face au risque de d\u00e9gradations des copropri\u00e9t\u00e9s, en sollicitant davantage l\u2019intervention des pouvoirs publics. Plusieurs mesures pr\u00e9ventives ou curatives de r\u00e9novation peuvent \u00eatre mises en sur l\u2019habitat d\u00e9grad\u00e9, permettant ainsi une acc\u00e9l\u00e9ration et une simplification des actions de lutte contre la d\u00e9gradation de l\u2019habitat et le d\u00e9veloppement strat\u00e9gique des op\u00e9rations d\u2019am\u00e9nagement. <\/p>\n\n\n\n<hr class=\"wp-block-separator has-alpha-channel-opacity\"\/>\n\n\n\n<p><strong>D\u00e8s la maternelle, les \u00e9l\u00e8ves de milieux d\u00e9favoris\u00e9s prennent moins la parole\u00a0\u00bb.<\/strong>Un entretien avec S\u00e9bastien Goudeau sur le site de l\u2019Observatoire des in\u00e9galit\u00e9s. En classe de maternelle, les enfants de milieux favoris\u00e9s prennent plus la parole que les autres et ils sont jug\u00e9s plus \u00ab\u00a0intelligents\u00a0\u00bb par les autres \u00e9l\u00e8ves. Dans un entretien, S\u00e9bastien Goudeau, enseignant-chercheur en psychologie sociale, revient sur deux exp\u00e9riences qui permettent de mieux comprendre comment se forgent, tr\u00e8s t\u00f4t, les in\u00e9galit\u00e9s. \u00ab\u00a0<em>Nous avons effectu\u00e9 <a href=\"https:\/\/inegalites.fr\/Goudeau-inegalites-parole-eleves-maternelle\" data-type=\"link\" data-id=\"https:\/\/inegalites.fr\/Goudeau-inegalites-parole-eleves-maternelle\">deux exp\u00e9riences<\/a>\u00a0<\/em>d<em>\u00e9crites dans Unequal Opportunies From the Start : Socioeconomic\u00a0. Dans la premi\u00e8re, nous avons mesur\u00e9, \u00e0 l\u2019aide d\u2019observations vid\u00e9o, les prises de parole d\u2019\u00e9l\u00e8ves \u00e2g\u00e9s de cinq ans dans des classes de grande section de maternelle. Ces observations ont eu lieu lors des moments de regroupement, quand tous les \u00e9l\u00e8ves sont ensemble avec l\u2019enseignant. Dans la seconde, nous avons pr\u00e9sent\u00e9 aux \u00e9l\u00e8ves ce que nous appelons des \u00ab\u00a0sc\u00e9narios\u00a0\u00bb dans lesquels ils voient des \u00e9l\u00e8ves qui prennent la parole plus souvent et plus longtemps que les autres, et on demande ensuite aux enfants <\/em>\u00ab\u00a0<em>pourquoi penses-tu que tel enfant parle plus longtemps que les autres\u00a0?<\/em>\u00a0\u00bb.<\/p>\n\n\n\n<hr class=\"wp-block-separator has-alpha-channel-opacity\"\/>\n\n\n\n<p><strong>Lutte contre l\u2019artificialisation des sols : liste des projets d\u2019envergure nationale ou europ\u00e9enne d\u2019int\u00e9r\u00eat g\u00e9n\u00e9ral majeur. <\/strong>Le minist\u00e8re de la Transition \u00e9cologique a pr\u00e9sent\u00e9 le 12 avril <a href=\"https:\/\/www.ecologie.gouv.fr\/lutte-contre-lartificialisation-des-sols-liste-des-projets-denvergure-nationale-ou-europeenne\" data-type=\"link\" data-id=\"https:\/\/www.ecologie.gouv.fr\/lutte-contre-lartificialisation-des-sols-liste-des-projets-denvergure-nationale-ou-europeenne\">une premi\u00e8re liste des \u00ab\u00a0grands projets\u00a0\u00bb qui seront comptabilis\u00e9s \u00e0 part dans le d\u00e9compte du ZAN (z\u00e9ro artificialisation nette)<\/a>. Le forfait national de 12 500 hectares risque fort de s&rsquo;agrandir.\u00a0Le projet d\u2019arr\u00eat\u00e9, mis en consultation, recense les 464 projets concern\u00e9s, consultables via une carte interactive en ligne. L\u2019ensemble des projets retenus s\u2019articulent en 2 listes. La liste 1 recense 167 projets. Ce sont des projets dont les caract\u00e9ristiques sont bien d\u00e9finies et le calendrier certain. La liste 2 identifie les projets pour lesquels les informations disponibles \u00e0 ce jour ne permettent pas leur inscription en liste 1, notamment au regard d\u2019incertitudes quant \u00e0 leur nature, la r\u00e9alisation effective du projet ou la consommation d\u2019espaces qu\u2019ils emportent sur la p\u00e9riode 2021-2031.<\/p>\n\n\n\n<hr class=\"wp-block-separator has-alpha-channel-opacity\"\/>\n\n\n\n<p><strong>Le budget de l\u2019\u00c9tat en 2023 (r\u00e9sultats et gestion). <\/strong>La Cour des comptes rend public <a href=\"https:\/\/www.ccomptes.fr\/fr\/publications\/le-budget-de-letat-en-2023-resultats-et-gestion\" data-type=\"link\" data-id=\"https:\/\/www.ccomptes.fr\/fr\/publications\/le-budget-de-letat-en-2023-resultats-et-gestion\">son rapport sur le budget de l\u2019\u00c9tat en 2023<\/a>. Le d\u00e9ficit budg\u00e9taire de l\u2019\u00c9tat s\u2019est \u00e9lev\u00e9 \u00e0 173,0 Md\u20ac en 2023, soit le niveau le plus \u00e9lev\u00e9 jamais enregistr\u00e9 apr\u00e8s celui de 2020 (178,1 Md\u20ac), ann\u00e9e marqu\u00e9e par la crise Covid. Les d\u00e9penses se sont maintenues \u00e0 un niveau tr\u00e8s \u00e9lev\u00e9, la loi de finances initiale ne pr\u00e9voyant pas d\u2019\u00e9conomies structurelles permettant d\u2019amorcer la r\u00e9duction du d\u00e9ficit. Si certains dispositifs exceptionnels d\u2019urgence sanitaire et de relance ont reflu\u00e9 en 2023, des d\u00e9penses nouvelles ont pris le relais, qu\u2019il s\u2019agisse de dispositifs de soutien face \u00e0 l\u2019inflation et aux prix \u00e9lev\u00e9s de l\u2019\u00e9nergie, ou des d\u00e9penses \u00ab ordinaires \u00bb de l\u2019\u00c9tat, qui augmentent contin\u00fbment. L\u2019ann\u00e9e 2023 se caract\u00e9rise \u00e9galement par des recettes fiscales en baisse, apr\u00e8s deux ann\u00e9es tr\u00e8s dynamiques. Certains imp\u00f4ts ont fait l\u2019objet de pr\u00e9visions trop optimistes par le Gouvernement. Plus fondamentalement, l\u2019\u00e9volution des recettes fiscales de l\u2019\u00c9tat est de moins en moins corr\u00e9l\u00e9e \u00e0 celle de la croissance \u00e9conomique, l\u2019\u00c9tat ne recevant plus qu\u2019une part\u00a0minoritaire de la TVA. <\/p>\n","protected":false},"excerpt":{"rendered":"<p>Moustique tigre, un guide pour le combattre. Les moustiques tigres seront bient\u00f4t de retour. Et c\u2019est maintenant qu\u2019il faut agir. Reporterre dans son guide pr\u00e9sente quelques gestes simples pour bien les combattre. Pour y parvenir encore faut-il bien conna\u00eetre ses habitudes. Il aime l\u2019eau stagnante et le moindre objet creux peut devenir un site de [&hellip;]<\/p>\n","protected":false},"author":1,"featured_media":0,"comment_status":"closed","ping_status":"open","sticky":false,"template":"","format":"standard","meta":{"twitterCardType":"","cardImageID":0,"cardImage":"","cardTitle":"","cardDesc":"","cardImageAlt":"","cardPlayer":"","cardPlayerWidth":0,"cardPlayerHeight":0,"cardPlayerStream":"","cardPlayerCodec":"","footnotes":""},"categories":[62,11],"tags":[232,281,152,99],"class_list":["post-23089","post","type-post","status-publish","format-standard","hentry","category-le-rouge-le-vert-hebdo","category-politique-locale","tag-eau","tag-habitat","tag-pollution-2","tag-sante"],"_links":{"self":[{"href":"https:\/\/www.ades-grenoble.org\/wordpress\/wp-json\/wp\/v2\/posts\/23089","targetHints":{"allow":["GET"]}}],"collection":[{"href":"https:\/\/www.ades-grenoble.org\/wordpress\/wp-json\/wp\/v2\/posts"}],"about":[{"href":"https:\/\/www.ades-grenoble.org\/wordpress\/wp-json\/wp\/v2\/types\/post"}],"author":[{"embeddable":true,"href":"https:\/\/www.ades-grenoble.org\/wordpress\/wp-json\/wp\/v2\/users\/1"}],"replies":[{"embeddable":true,"href":"https:\/\/www.ades-grenoble.org\/wordpress\/wp-json\/wp\/v2\/comments?post=23089"}],"version-history":[{"count":1,"href":"https:\/\/www.ades-grenoble.org\/wordpress\/wp-json\/wp\/v2\/posts\/23089\/revisions"}],"predecessor-version":[{"id":23090,"href":"https:\/\/www.ades-grenoble.org\/wordpress\/wp-json\/wp\/v2\/posts\/23089\/revisions\/23090"}],"wp:attachment":[{"href":"https:\/\/www.ades-grenoble.org\/wordpress\/wp-json\/wp\/v2\/media?parent=23089"}],"wp:term":[{"taxonomy":"category","embeddable":true,"href":"https:\/\/www.ades-grenoble.org\/wordpress\/wp-json\/wp\/v2\/categories?post=23089"},{"taxonomy":"post_tag","embeddable":true,"href":"https:\/\/www.ades-grenoble.org\/wordpress\/wp-json\/wp\/v2\/tags?post=23089"}],"curies":[{"name":"wp","href":"https:\/\/api.w.org\/{rel}","templated":true}]}}