{"id":23091,"date":"2024-04-19T11:54:14","date_gmt":"2024-04-19T09:54:14","guid":{"rendered":"https:\/\/www.ades-grenoble.org\/wordpress\/?p=23091"},"modified":"2024-04-24T19:31:05","modified_gmt":"2024-04-24T17:31:05","slug":"le-vert-et-le-rouge-lemergence-du-mouvement-ecologiste-grenoblois-fin-des-annees-1960-juillet-1976-suite-6","status":"publish","type":"post","link":"https:\/\/www.ades-grenoble.org\/wordpress\/2024\/04\/19\/le-vert-et-le-rouge-lemergence-du-mouvement-ecologiste-grenoblois-fin-des-annees-1960-juillet-1976-suite-6\/","title":{"rendered":"Le vert et le rouge\u00a0: l&rsquo;\u00e9mergence du mouvement \u00e9cologiste grenoblois, fin des ann\u00e9es 1960 -juillet 1976.Suite"},"content":{"rendered":"<div class=\"wp-block-image is-style-default\">\n<figure class=\"alignleft size-full\"><img loading=\"lazy\" decoding=\"async\" width=\"380\" height=\"132\" src=\"https:\/\/www.ades-grenoble.org\/wordpress\/wp-content\/uploads\/2024\/03\/HAL.jpg\" alt=\"\" class=\"wp-image-22926\" srcset=\"https:\/\/www.ades-grenoble.org\/wordpress\/wp-content\/uploads\/2024\/03\/HAL.jpg 380w, https:\/\/www.ades-grenoble.org\/wordpress\/wp-content\/uploads\/2024\/03\/HAL-300x104.jpg 300w, https:\/\/www.ades-grenoble.org\/wordpress\/wp-content\/uploads\/2024\/03\/HAL-150x52.jpg 150w\" sizes=\"auto, (max-width: 380px) 100vw, 380px\" \/><\/figure>\n<\/div>\n\n\n<p>Sous forme de s\u00e9rie, chaque semaine, sont propos\u00e9s des extraits de ce travail de recherche effectu\u00e9 par Josselin SIBILLE en 2012.<\/p>\n\n\n\n<p><strong>7.&nbsp;Le courant autogestionnaire&nbsp;: du cadre de vie \u00e0 l&rsquo;environnement&nbsp;?<\/strong><\/p>\n\n\n\n<p>\u00c0 Grenoble au d\u00e9but des ann\u00e9es 1970, les groupes locaux du PSU et de la CFDT entretiennent des relations complexes avec les autres forces politiques, qu&rsquo;il faut appr\u00e9hender afin de saisir leur r\u00f4le au sein des luttes environnementales, et plus tard du mouvement \u00e9cologiste. Une partie de leurs militants est tout d&rsquo;abord tr\u00e8s proche de l&rsquo;extr\u00eame gauche. Cela vaut autant pour les militants du PSU, dont certains participent aux r\u00e9unions du Secours Rouge<a id=\"_ftnref1\" href=\"#_ftn1\"><sup>[1]<\/sup><\/a>, que pour les syndicalistes de la CFDT, qui trouvent parmi les mao\u00efstes, des alli\u00e9s de circonstance dans la lutte qu&rsquo;ils m\u00e8nent contre la CGT au sein des usines<a id=\"_ftnref2\" href=\"#_ftn2\"><sup>[2]<\/sup><\/a>. Dans le m\u00eame temps, les deux organisations restent intimement li\u00e9es aux pouvoirs locaux. On sait que le PSU participe de la coalition qui permet \u00e0 Hubert Dubedout de devenir maire de Grenoble en 1965<em>, <\/em>et que la nouvelle municipalit\u00e9 reste tout au long des ann\u00e9es 1970 tr\u00e8s attach\u00e9e aux questions du cadre de vie et de la d\u00e9mocratie locale si ch\u00e8res au PSU<a id=\"_ftnref3\" href=\"#_ftn3\"><sup>[3]<\/sup><\/a>.<\/p>\n\n\n\n<!--more-->\n\n\n\n<p>Ce n&rsquo;est qu&rsquo;en 1974 que Jean Verlhac, premier adjoint au maire, quitte le PSU pour le parti socialiste. De la m\u00eame mani\u00e8re, une partie des dirigeants locaux de la CFDT entretiennent des liens \u00e9troits avec la municipalit\u00e9<a id=\"_ftnref4\" href=\"#_ftn4\"><sup>[4]<\/sup><\/a>, mais aussi avec le Centre d&rsquo;\u00e9tude nucl\u00e9aire de Grenoble (CENG). C&rsquo;est le cas notamment d&rsquo;Yves Droulers, ing\u00e9nieur au CENG, dirigeant de l&rsquo;union d\u00e9partementale CFDT jusqu&rsquo;en 1965 puis adjoint d&rsquo;Hubert Dubedout. Tout au long de la p\u00e9riode, les deux organisations r\u00e9alisent donc un grand \u00e9cart constant entre des militants aux id\u00e9es et modes d&rsquo;actions fonci\u00e8rement diff\u00e9rents. D\u00e9terminer la mani\u00e8re dont ces tensions internes influencent la prise en compte des questions environnementales par la Nouvelle Gauche \u00e0 l&rsquo;\u00e9chelle locale, n\u00e9cessiterait un travail plus approfondi. Tr\u00e8s t\u00f4t, d\u00e8s 1970, les groupes locaux du PSU et de la CFDT mettent chacun en place une commission d\u00e9di\u00e9e au \u00ab\u00a0cadre de vie\u00a0\u00bb<a id=\"_ftnref5\" href=\"#_ftn5\"><sup>[5]<\/sup><\/a>. Elles m\u00e8nent ainsi un travail de r\u00e9flexion sur les \u00ab\u00a0conditions de vie hors l&rsquo;usine\u00a0\u00bb\u00a0: urbanisme, logement, transports, mais aussi sant\u00e9 et action sociale. Cette r\u00e9flexion s&rsquo;accompagne parfois d&rsquo;actions plus concr\u00e8tes. En 1972, elles se mobilisent au c\u00f4t\u00e9 des mao\u00efstes pour exiger des mesures de protection pour les pi\u00e9tons et cyclistes, qui traversent chaque jour la rocade Sud de Grenoble en un point o\u00f9 les accidents se multiplient.<a id=\"_ftnref6\" href=\"#_ftn6\"><sup>[6]<\/sup><\/a><\/p>\n\n\n\n<p>Comme l&rsquo;a montr\u00e9 Renaud B\u00e9cot dans un article r\u00e9cent<a href=\"#_ftn7\" id=\"_ftnref7\"><sup>[7]<\/sup><\/a>, ces pr\u00e9occupations pour le cadre de vie sont assur\u00e9ment un pont vers le d\u00e9veloppement de pr\u00e9occupations environnementales. Cela ne signifie pas pour autant que le passage de l&rsquo;un \u00e0 l&rsquo;autre soit automatique. Alors qu&rsquo;au niveau national le PSU fait figure de pionnier sur la question environnementale, cela est moins \u00e9vident \u00e0 Grenoble. Au moment o\u00f9 les mao\u00efstes diffusent leur journal sur le parc des \u00c9crins et posent la question de la protection de la nature, le PSU grenoblois publie un num\u00e9ro \u00ab&nbsp;sp\u00e9cial neige&nbsp;: main basse sur les 7 Laux&nbsp;\u00bb<a href=\"#_ftn8\" id=\"_ftnref8\"><sup>[8]<\/sup><\/a> Il accuse M. Paquet, d\u00e9put\u00e9 de la circonscription, de cr\u00e9er une station pour les riches et de faire le lit des groupes financiers. Face \u00e0 cela, les \u00ab&nbsp;travailleurs&nbsp;\u00bb doivent exiger la cr\u00e9ation de v\u00e9ritables stades de neige, accessibles \u00e0 tous. Pas un mot dans le journal qui ne traduise alors l&rsquo;ombre d&rsquo;une pr\u00e9occupation environnementale<a href=\"#_ftn9\" id=\"_ftnref9\"><sup>[9]<\/sup><\/a>.<\/p>\n\n\n\n<p><strong>La convergence au sein des luttes \u00e9cologistes<\/strong><\/p>\n\n\n\n<p>\u00c0 partir de 1974, on assiste \u00e0 la convergence de militants issus de tous ces courants, au sein des premi\u00e8res luttes \u00e9cologistes grenobloises. Tr\u00e8s concr\u00e8tement, des militants venus d&rsquo;horizons compl\u00e8tement diff\u00e9rents sont donc amen\u00e9s \u00e0 se rencontrer et \u00e0 travailler ensemble. R\u00e9unions, manifestations, \u00e9laborations de journaux en commun, actions politiques diverses et vari\u00e9es sont autant de moments qui contribuent \u00e0 tisser un vaste r\u00e9seau de militants et \u00e0 enclencher une dynamique collective autour des questions environnementales. Ainsi consid\u00e9r\u00e9, le mouvement \u00e9cologiste rassemble bien au-del\u00e0 des militants strictement \u00e9cologistes, dont il est d&rsquo;ailleurs tr\u00e8s difficile de distinguer ce qui fait la sp\u00e9cificit\u00e9. En effet, la plupart de ceux qui se disent \u00e9cologistes sont directement issus des tendances gauchistes, environnementalistes ou autogestionnaires, et militent encore au sein de ces organisations. Rendant la distinction encore plus difficile, les \u00e9cologistes n&rsquo;existent pas en tant que groupe organis\u00e9 avant la cr\u00e9ation de la section locale des Amis de la Terre en mai 1976. Avant cette date, les \u00e9cologistes \u00e9voluent donc soit au sein d&rsquo;organisations non sp\u00e9cifiquement \u00e9cologistes, soit au sein de collectifs tr\u00e8s informels ou en dehors de toute structure. \u00c0 partir de 1974, l&rsquo;\u00e9mergence du mouvement \u00e9cologiste grenoblois s&rsquo;organise autour de trois axes principaux&nbsp;: la presse de contre-information \u00e9cologiste qui s&rsquo;attache \u00e0 d\u00e9noncer les probl\u00e8mes environnementaux locaux pour d\u00e9velopper une critique plus globale, la d\u00e9fense de deux sites locaux menac\u00e9s, l&rsquo;un par l&rsquo;ouverture d&rsquo;une carri\u00e8re de gravier, l&rsquo;autre par un champ de tir militaire, et enfin la lutte anti-nucl\u00e9aire, qui se concentre tr\u00e8s t\u00f4t sur fa contestation du surg\u00e9n\u00e9rateur Superph\u00e9nix.<\/p>\n\n\n\n<hr class=\"wp-block-separator has-alpha-channel-opacity\"\/>\n\n\n\n<p><a href=\"#_ftnref1\" id=\"_ftn1\">[1]<\/a> AD38, Fonds Boisgontier, carton 26.<\/p>\n\n\n\n<p><a href=\"#_ftnref2\" id=\"_ftn2\">[2]<\/a> Claire Bri\u00e8re-Blanchet, <em>op. cit.<\/em> p. 173<\/p>\n\n\n\n<p><a href=\"#_ftnref3\" id=\"_ftn3\">[3]<\/a> Bernard Bruneteau, \u00ab&nbsp;Le \u00ab\u00a0mythe de Grenoble\u00a0\u00bb des ann\u00e9es 1960 et 1970 un usage politique de la modernit\u00e9&nbsp;\u00bb, <em>Vingti\u00e8me si\u00e8cle, revue d\u2019histoire, <\/em>n\u00b058, avril-juin 1998, p. 111-126<\/p>\n\n\n\n<p><a href=\"#_ftnref4\" id=\"_ftn4\">[4]<\/a> Franck Georgi, <em>L&rsquo;invention de la CFDT, 1957-1970, <\/em>Pr\u00e9face d&rsquo;Antoine Prost, \u00c9ditions de l&rsquo;Atelier\/\u00c9ditions Ouvri\u00e8res, 1995 p. 272.<\/p>\n\n\n\n<p><a href=\"#_ftnref5\" id=\"_ftn5\">[5]<\/a> Archives de l&rsquo;union d\u00e9partementale dc la CFDT de l&rsquo;Is\u00e8re, AD38, 51J52&nbsp;; <em>PSU information, <\/em>journal de la section grenobloise du PSU, notamment les num\u00e9ros 2, 3 et 12, AD38, PER 1786\/1.<\/p>\n\n\n\n<p><a href=\"#_ftnref6\" id=\"_ftn6\">[6]<\/a> R\u00e9ponse \u00e0 une enqu\u00eate de la commission nationale \u00ab&nbsp;cadre de vie&nbsp;\u00bb dc la CFDT en novembre 1972, AD38, 51J52.<\/p>\n\n\n\n<p><a href=\"#_ftnref7\" id=\"_ftn7\">[7]<\/a> Renaud B\u00e9cot, \u00ab&nbsp;L&rsquo;Invention syndicale de l&rsquo;environnement dans la France des ann\u00e9es 1960&nbsp;\u00bb, <em>Vingti\u00e8me Si\u00e8cle, revue d&rsquo;histoire, <\/em>n\u00b0113, janvier 2012.<\/p>\n\n\n\n<p><a href=\"#_ftnref8\" id=\"_ftn8\">[8]<\/a> Les Sept Laux sont un domaine skiable \u00e0 proximit\u00e9 de Grenoble<\/p>\n\n\n\n<p><a href=\"#_ftnref9\" id=\"_ftn9\">[9]<\/a> PSU Information n\u00b05, d\u00e9cembre 1071, AD38, PER 1786\/1<\/p>\n","protected":false},"excerpt":{"rendered":"<p>Sous forme de s\u00e9rie, chaque semaine, sont propos\u00e9s des extraits de ce travail de recherche effectu\u00e9 par Josselin SIBILLE en 2012. 7.&nbsp;Le courant autogestionnaire&nbsp;: du cadre de vie \u00e0 l&rsquo;environnement&nbsp;? \u00c0 Grenoble au d\u00e9but des ann\u00e9es 1970, les groupes locaux du PSU et de la CFDT entretiennent des relations complexes avec les autres forces politiques, [&hellip;]<\/p>\n","protected":false},"author":1,"featured_media":0,"comment_status":"closed","ping_status":"open","sticky":false,"template":"","format":"standard","meta":{"twitterCardType":"","cardImageID":0,"cardImage":"","cardTitle":"","cardDesc":"","cardImageAlt":"","cardPlayer":"","cardPlayerWidth":0,"cardPlayerHeight":0,"cardPlayerStream":"","cardPlayerCodec":"","footnotes":""},"categories":[62,11],"tags":[153,215,195,7],"class_list":["post-23091","post","type-post","status-publish","format-standard","hentry","category-le-rouge-le-vert-hebdo","category-politique-locale","tag-ecologie","tag-grenoble","tag-histoire","tag-le-rouge-le-vert"],"_links":{"self":[{"href":"https:\/\/www.ades-grenoble.org\/wordpress\/wp-json\/wp\/v2\/posts\/23091","targetHints":{"allow":["GET"]}}],"collection":[{"href":"https:\/\/www.ades-grenoble.org\/wordpress\/wp-json\/wp\/v2\/posts"}],"about":[{"href":"https:\/\/www.ades-grenoble.org\/wordpress\/wp-json\/wp\/v2\/types\/post"}],"author":[{"embeddable":true,"href":"https:\/\/www.ades-grenoble.org\/wordpress\/wp-json\/wp\/v2\/users\/1"}],"replies":[{"embeddable":true,"href":"https:\/\/www.ades-grenoble.org\/wordpress\/wp-json\/wp\/v2\/comments?post=23091"}],"version-history":[{"count":4,"href":"https:\/\/www.ades-grenoble.org\/wordpress\/wp-json\/wp\/v2\/posts\/23091\/revisions"}],"predecessor-version":[{"id":23116,"href":"https:\/\/www.ades-grenoble.org\/wordpress\/wp-json\/wp\/v2\/posts\/23091\/revisions\/23116"}],"wp:attachment":[{"href":"https:\/\/www.ades-grenoble.org\/wordpress\/wp-json\/wp\/v2\/media?parent=23091"}],"wp:term":[{"taxonomy":"category","embeddable":true,"href":"https:\/\/www.ades-grenoble.org\/wordpress\/wp-json\/wp\/v2\/categories?post=23091"},{"taxonomy":"post_tag","embeddable":true,"href":"https:\/\/www.ades-grenoble.org\/wordpress\/wp-json\/wp\/v2\/tags?post=23091"}],"curies":[{"name":"wp","href":"https:\/\/api.w.org\/{rel}","templated":true}]}}