{"id":23133,"date":"2024-04-26T11:18:07","date_gmt":"2024-04-26T09:18:07","guid":{"rendered":"https:\/\/www.ades-grenoble.org\/wordpress\/?p=23133"},"modified":"2024-04-26T11:18:07","modified_gmt":"2024-04-26T09:18:07","slug":"pour-une-voie-cyclable-dans-la-combe-de-gieres-une-petition-citoyenne","status":"publish","type":"post","link":"https:\/\/www.ades-grenoble.org\/wordpress\/2024\/04\/26\/pour-une-voie-cyclable-dans-la-combe-de-gieres-une-petition-citoyenne\/","title":{"rendered":"Pour une voie cyclable dans la combe de Gi\u00e8res\u00a0: une p\u00e9tition citoyenne"},"content":{"rendered":"<div class=\"wp-block-image is-style-default\">\n<figure class=\"alignleft size-full\"><img loading=\"lazy\" decoding=\"async\" width=\"380\" height=\"243\" src=\"https:\/\/www.ades-grenoble.org\/wordpress\/wp-content\/uploads\/2024\/04\/VeloCombeGieres.jpg\" alt=\"\" class=\"wp-image-23134\" srcset=\"https:\/\/www.ades-grenoble.org\/wordpress\/wp-content\/uploads\/2024\/04\/VeloCombeGieres.jpg 380w, https:\/\/www.ades-grenoble.org\/wordpress\/wp-content\/uploads\/2024\/04\/VeloCombeGieres-300x192.jpg 300w, https:\/\/www.ades-grenoble.org\/wordpress\/wp-content\/uploads\/2024\/04\/VeloCombeGieres-150x96.jpg 150w\" sizes=\"auto, (max-width: 380px) 100vw, 380px\" \/><\/figure>\n<\/div>\n\n\n<p><strong>Grenoble Alpes M\u00e9tropole a mis en place une possibilit\u00e9 de p\u00e9tition citoyenne pour les habitants de l\u2019agglom\u00e9ration. Lorsqu\u2019une p\u00e9tition a obtenu <\/strong>plus de 800 signatures (avec une r\u00e9partition dans au moins 12 communes sans qu\u2019une commune d\u00e9passe le tiers des signataires) : le pr\u00e9sident de la M\u00e9tropole organise un d\u00e9bat en conseil m\u00e9tropolitain. Si la proposition est retenue, elle pourra faire l\u2019objet d\u2019\u00e9tudes compl\u00e9mentaires ou \u00eatre prise en compte dans un projet de la M\u00e9tropole. Si la p\u00e9tition d\u00e9passe les 1500 signatures : la M\u00e9tropole r\u00e9unit en plus un panel de 30 citoyens tir\u00e9s au sort pour enrichir le projet.<\/p>\n\n\n\n<p><a href=\"https:\/\/metropoleparticipative.fr\/participation\/43399\/32-espace-participatif.htm?submission=56848&amp;tab=43802\" data-type=\"link\" data-id=\"https:\/\/metropoleparticipative.fr\/participation\/43399\/32-espace-participatif.htm?submission=56848&amp;tab=43802\">La premi\u00e8re p\u00e9tition citoyenne d\u00e9pos\u00e9e concerne la demande d\u2019une voie cyclable dans la combe de Gi\u00e8res<\/a>, elle est ouverte jusqu\u2019au 1<sup>er<\/sup> ao\u00fbt 2024, elle est d\u00e9pos\u00e9e par le collectif Uriage \u00e0 V\u00e9lo, dont voici l\u2019objectif\u00a0:<\/p>\n\n\n\n<p><em>\u00a0\u00ab\u00a0La M\u00e9tropole travaille actuellement sur un sc\u00e9nario qui proposerait un am\u00e9nagement discontinu dans le sens de la descente, que nous jugeons tr\u00e8s accidentog\u00e8ne et qui ne respecte pas les recommandations du CEREMA (organisme public d\u00e9finissant les bonnes pratiques d&rsquo;am\u00e9nagements).<\/em><\/p>\n\n\n\n<!--more-->\n\n\n\n<p><em><br>Nous d\u00e9plorons les accidents mortels pour les cyclistes d\u00e9nombr\u00e9s ces derni\u00e8res ann\u00e9es et regrettons que ce qui nous apparait du futur projet ne permettrait pas, selon nous, d&rsquo;assurer la s\u00e9curit\u00e9 des cyclistes, ni de d\u00e9velopper l&rsquo;usage du v\u00e9lo sur cet axe, que ce soit pour <\/em><\/p>\n\n\n\n<ul class=\"wp-block-list\">\n<li><em>les trajets quotidiens domicile-travail<\/em><\/li>\n\n\n\n<li><em>les d\u00e9placements individuels ou en famille<\/em><\/li>\n\n\n\n<li><em>les usages touristiques ou sportifs pour cette voie de transit majeur entre Uriage et Grenoble et plus globalement entre Oisans et Gr\u00e9sivaudan.<\/em><\/li>\n<\/ul>\n\n\n\n<p><em><br>Cette section de route voit converger les parcours entre les Vaulnaveys, Bri\u00e9, Vizille, St Martin d&rsquo;Uriage, Chamrousse et l&rsquo;agglom\u00e9ration grenobloise (Gi\u00e8res, campus universitaire, CHU, Inovall\u00e9e et Grenoble&#8230;) Ce goulot d&rsquo;\u00e9tranglement pour la circulation doit offrir \u00e9galement une<br>alternative cyclable s\u00fbre.<br><br>A ce jour, de tr\u00e8s nombreux cyclistes refusent d&#8217;emprunter cette section de route compte-tenu de sa dangerosit\u00e9. Cette peur de circuler \u00e0 v\u00e9lo sur la voie publique n&rsquo;est plus acceptable. C&rsquo;est pourquoi cette p\u00e9tition veut montrer la mobilisation citoyenne en faveur de ce projet. Nous vous remercions par avance d&rsquo;y apporter votre signature, afin que Grenoble Alpes M\u00e9tropole propose un am\u00e9nagement d&rsquo;une piste cyclable s\u00e9curis\u00e9 \u00e0 la mont\u00e9e et \u00e0 la descente conform\u00e9ment aux pr\u00e9conisations du CEREMA.<br><br>Collectif Uriage \u00e0 v\u00e9lo<br><br>Historique pour m\u00e9moire :<br>2016 : Cr\u00e9ation du collectif citoyen \u00e0 la suite de deux accidents mortels pour des cyclistes, en 2014 puis 2016.<br>Revendication port\u00e9e aupr\u00e8s du d\u00e9partement et de Grenoble m\u00e9tropole qui sont les gestionnaires de voirie sur ce trajet.<br>Soutien des Maires de VLH , SMU, Venon, Gi\u00e8res<br>2017 : Remise de tracts sur la voie publique (dans la combe) pour sensibiliser tous les usagers.<br>2018 : Conclusion de l&rsquo;enqu\u00eate publique sur le PDU de l&rsquo;agglom\u00e9ration grenobloise qui fixe un objectif de r\u00e9alisation d&rsquo;une piste cyclable entre Gi\u00e8res et Uriage \u00e0 l&rsquo;\u00e9ch\u00e9ance 2023<br>Participation annuelle aux convergences v\u00e9lo de Grenoble depuis Uriage<br>2018 : Courrier du pr\u00e9fet de l&rsquo;Is\u00e8re encourageant le projet.<br>2019 : engagement d\u2019une \u00e9tude pr\u00e9liminaire conjointe entre Grenoble Alpes M\u00e9tropole et le D\u00e9partement de l\u2019Is\u00e8re relative aux am\u00e9nagements multimodaux de s\u00e9curisation de la combe de Gi\u00e8res et \u00e0 l\u2019am\u00e9lioration de l\u2019attractivit\u00e9 des transports en commune, r\u00e9alis\u00e9e par un groupement de bureaux d\u2019\u00e9tude<br>2021 : pr\u00e9sentation des r\u00e9sultats de cette \u00e9tude pr\u00e9liminaire dans les communes concern\u00e9es<br>2022 : Cr\u00e9ation du collectif Uriage \u00e0 V\u00e9lo dont la priorit\u00e9 se porte sur la cr\u00e9ation de la piste cyclable<br>2023 : Obtention de 4406 signatures \u00e0 la p\u00e9tition lanc\u00e9e en faveur des am\u00e9nagements cyclables lors des travaux de la station d&rsquo;\u00e9puration sur la RD524.<br>Mais aussi : Interventions r\u00e9p\u00e9t\u00e9es aupr\u00e8s du SMMAG, du d\u00e9partement Is\u00e8re, de Grenoble<br>M\u00e9tropole.<br>\u2026 et pour l&rsquo;instant aucun am\u00e9nagement cyclable s\u00e9curis\u00e9 ne permet de relier Uriage \u00e0 Gi\u00e8res<\/em><\/p>\n","protected":false},"excerpt":{"rendered":"<p>Grenoble Alpes M\u00e9tropole a mis en place une possibilit\u00e9 de p\u00e9tition citoyenne pour les habitants de l\u2019agglom\u00e9ration. Lorsqu\u2019une p\u00e9tition a obtenu plus de 800 signatures (avec une r\u00e9partition dans au moins 12 communes sans qu\u2019une commune d\u00e9passe le tiers des signataires) : le pr\u00e9sident de la M\u00e9tropole organise un d\u00e9bat en conseil m\u00e9tropolitain. Si la [&hellip;]<\/p>\n","protected":false},"author":1,"featured_media":0,"comment_status":"closed","ping_status":"open","sticky":false,"template":"","format":"standard","meta":{"twitterCardType":"","cardImageID":0,"cardImage":"","cardTitle":"","cardDesc":"","cardImageAlt":"","cardPlayer":"","cardPlayerWidth":0,"cardPlayerHeight":0,"cardPlayerStream":"","cardPlayerCodec":"","footnotes":""},"categories":[62,11],"tags":[268,35,280,12,211,76],"class_list":["post-23133","post","type-post","status-publish","format-standard","hentry","category-le-rouge-le-vert-hebdo","category-politique-locale","tag-cycles","tag-democratie-locale","tag-metropole","tag-mobilisations","tag-modes-actifs","tag-securite"],"_links":{"self":[{"href":"https:\/\/www.ades-grenoble.org\/wordpress\/wp-json\/wp\/v2\/posts\/23133","targetHints":{"allow":["GET"]}}],"collection":[{"href":"https:\/\/www.ades-grenoble.org\/wordpress\/wp-json\/wp\/v2\/posts"}],"about":[{"href":"https:\/\/www.ades-grenoble.org\/wordpress\/wp-json\/wp\/v2\/types\/post"}],"author":[{"embeddable":true,"href":"https:\/\/www.ades-grenoble.org\/wordpress\/wp-json\/wp\/v2\/users\/1"}],"replies":[{"embeddable":true,"href":"https:\/\/www.ades-grenoble.org\/wordpress\/wp-json\/wp\/v2\/comments?post=23133"}],"version-history":[{"count":1,"href":"https:\/\/www.ades-grenoble.org\/wordpress\/wp-json\/wp\/v2\/posts\/23133\/revisions"}],"predecessor-version":[{"id":23135,"href":"https:\/\/www.ades-grenoble.org\/wordpress\/wp-json\/wp\/v2\/posts\/23133\/revisions\/23135"}],"wp:attachment":[{"href":"https:\/\/www.ades-grenoble.org\/wordpress\/wp-json\/wp\/v2\/media?parent=23133"}],"wp:term":[{"taxonomy":"category","embeddable":true,"href":"https:\/\/www.ades-grenoble.org\/wordpress\/wp-json\/wp\/v2\/categories?post=23133"},{"taxonomy":"post_tag","embeddable":true,"href":"https:\/\/www.ades-grenoble.org\/wordpress\/wp-json\/wp\/v2\/tags?post=23133"}],"curies":[{"name":"wp","href":"https:\/\/api.w.org\/{rel}","templated":true}]}}