{"id":23163,"date":"2024-05-03T11:55:44","date_gmt":"2024-05-03T09:55:44","guid":{"rendered":"https:\/\/www.ades-grenoble.org\/wordpress\/?p=23163"},"modified":"2024-05-03T11:55:44","modified_gmt":"2024-05-03T09:55:44","slug":"contre-une-democratie-baillonnee-defendons-les-libertes-publiques","status":"publish","type":"post","link":"https:\/\/www.ades-grenoble.org\/wordpress\/2024\/05\/03\/contre-une-democratie-baillonnee-defendons-les-libertes-publiques\/","title":{"rendered":"Contre une d\u00e9mocratie b\u00e2illonn\u00e9e, d\u00e9fendons les libert\u00e9s publiques"},"content":{"rendered":"<div class=\"wp-block-image is-style-default\">\n<figure class=\"alignleft size-full\"><img loading=\"lazy\" decoding=\"async\" width=\"396\" height=\"232\" src=\"https:\/\/www.ades-grenoble.org\/wordpress\/wp-content\/uploads\/2021\/06\/MarcheLibertes.jpg\" alt=\"\" class=\"wp-image-18964\" srcset=\"https:\/\/www.ades-grenoble.org\/wordpress\/wp-content\/uploads\/2021\/06\/MarcheLibertes.jpg 396w, https:\/\/www.ades-grenoble.org\/wordpress\/wp-content\/uploads\/2021\/06\/MarcheLibertes-300x176.jpg 300w, https:\/\/www.ades-grenoble.org\/wordpress\/wp-content\/uploads\/2021\/06\/MarcheLibertes-150x88.jpg 150w\" sizes=\"auto, (max-width: 396px) 100vw, 396px\" \/><\/figure>\n<\/div>\n\n\n<p>Contre le musellement de voix engag\u00e9es sur le conflit isra\u00e9lo-palestinien et face \u00e0 la gravit\u00e9 des atteintes aux libert\u00e9s publiques, un large collectif de personnalit\u00e9s, syndicats, associations (o\u00f9 l&rsquo;on retrouve le Syndicat de la Magistrature, la LDH, le Gisti, la CGT, le Planning familial\u2026) soutenu \u00e9galement par les partis de gauche et \u00e9cologistes, d\u00e9nonce \u00ab\u00a0<em>une limitation inacceptable du pluralisme d\u00e9mocratique<\/em>\u00a0\u00bb, dans <a href=\"https:\/\/blogs.mediapart.fr\/les-invites-de-mediapart\/blog\/250424\/contre-une-democratie-baillonnee-defendons-les-libertes-publiques\" data-type=\"link\" data-id=\"https:\/\/blogs.mediapart.fr\/les-invites-de-mediapart\/blog\/250424\/contre-une-democratie-baillonnee-defendons-les-libertes-publiques\">un appel lanc\u00e9 le 25 avril 2024<\/a>.<\/p>\n\n\n\n<p><em>\u00ab\u00a0Ces derniers jours ont \u00e9t\u00e9 marqu\u00e9s par une nette aggravation des atteintes \u00e0 la libert\u00e9 syndicale, aux libert\u00e9s d\u2019expression et de manifestation. L&rsquo;accumulation convergente de divers moyens de r\u00e9pression et d&rsquo;intimidation contre des acteurs du d\u00e9bat public, en raison de leur positionnement sur les termes du conflit isra\u00e9lo-palestinien, constitue une limitation inacceptable du pluralisme d\u00e9mocratique.<\/em><\/p>\n\n\n\n<!--more-->\n\n\n\n<p><em>Apr\u00e8s l\u2019appel \u00e0 interdiction syst\u00e9matique des \u00ab&nbsp;manifestations pro-palestiniennes&nbsp;\u00bb lanc\u00e9 par G\u00e9rald Darmanin \u00e0 l\u2019automne 2023, imm\u00e9diatement recadr\u00e9 par le Conseil d\u2019\u00c9tat, des centaines d\u2019amendes et de nombreux placements en garde \u00e0 vue ont \u00e9t\u00e9 d\u00e9cid\u00e9s, notamment \u00e0 l\u2019encontre de personnes racis\u00e9es. Les atteintes aux libert\u00e9s ont d\u00e9sormais franchi de nouveaux caps&nbsp;: l\u2019interdiction administrative \u2013 finalement suspendue \u2013 de la marche du 21 avril 2024 et l\u2019interdiction par arr\u00eat\u00e9 pr\u00e9fectoral, notamment pour risque de \u00ab&nbsp;trouble \u00e0 l\u2019ordre public&nbsp;\u00bb d\u2019une conf\u00e9rence organis\u00e9e par l\u2019association \u00ab&nbsp;Libre Palestine&nbsp;\u00bb. A ces interdictions s\u2019ajoutent les convocations par les services de police de l\u2019une de ses intervenantes, par ailleurs candidate aux \u00e9lections europ\u00e9ennes ainsi que d\u2019une pr\u00e9sidente de groupe parlementaire, lesquelles interviennent apr\u00e8s l\u2019ouverture de plusieurs autres enqu\u00eates judiciaires contre des militant\u00b7es, membres d\u2019organisations syndicales (CGT, Solidaires, Sud Rail, Sud A\u00e9rien) et politiques pour des faits d\u2019apologie du terrorisme.<\/em><\/p>\n\n\n\n<p><em>Dans ce contexte, nous exprimons notre plus vive pr\u00e9occupation devant des interpr\u00e9tations extensives et al\u00e9atoires du d\u00e9lit d\u2019apologie du terrorisme et de la notion d\u2019\u00ab&nbsp;ordre public&nbsp;\u00bb, ayant pour objet ou pour effet d\u2019intimider lourdement des militants associatifs, syndicaux ou politiques.<\/em><\/p>\n\n\n\n<p><em>Nous tenons ainsi \u00e0 alerter l\u2019ensemble des acteurs institutionnels concern\u00e9s, de m\u00eame que l\u2019opinion publique, quant \u00e0 l\u2019existence de m\u00e9canismes de proc\u00e9dures b\u00e2illons ayant pour cons\u00e9quence, in fine, l\u2019\u00e9viction de certain\u00b7es militant\u00b7es associatifs, syndicaux ou politiques du d\u00e9bat public.<\/em><\/p>\n\n\n\n<p><em>L\u2019accumulation de d\u00e9cisions de ce type de la part des autorit\u00e9s administratives, polici\u00e8res et judiciaires s\u2019inscrit dans un mouvement plus large qui tend \u00e0 r\u00e9primer des formes toujours plus diversifi\u00e9es de contestation sociale ou politique. Ces tentatives d\u2019intimidation se font au demeurant \u00e0 l\u2019aide d\u2019outils juridiques toujours plus nombreux (interdictions de manifester, gardes-\u00e0-vue pr\u00e9ventives, tentatives de dissolutions ou retraits d\u2019agr\u00e9ment ou de subventions d\u2019associations, etc.). Leur d\u00e9voiement est d\u2019ailleurs d\u00e9nonc\u00e9 par l\u2019ONU, le Conseil de l\u2019Europe, le D\u00e9fenseur des droits et les organisations de d\u00e9fense des droits humains.<\/em><\/p>\n\n\n\n<p><em>Les moyens pr\u00e9ventifs, coercitifs et r\u00e9pressifs ne doivent pas servir \u00e0 orienter ou restreindre le d\u00e9bat public. Nous appelons l\u2019ensemble des magistrat\u00b7es \u00e0 redoubler de vigilance afin de ne pas r\u00e9duire la justice \u00e0 un outil de censure du d\u00e9bat d\u00e9mocratique, alors qu\u2019elle est cens\u00e9e \u00eatre le dernier rempart des libert\u00e9s publiques et individuelles. Nous r\u00e9affirmons son r\u00f4le fondamental de contr\u00f4le du respect des garanties pr\u00e9vues par le code de proc\u00e9dure p\u00e9nale et par la Convention europ\u00e9enne des droits de l\u2019Homme, sp\u00e9cifiquement lorsqu\u2019il est fait recours \u00e0 des mesures privatives de libert\u00e9 telles que la garde-\u00e0-vue. Le principe d\u2019interpr\u00e9tation stricte de la loi p\u00e9nale commande aux magistrat-es de se pr\u00e9munir contre toute interpr\u00e9tation extensive des textes d\u2019incriminations de ces infractions.<\/em><\/p>\n\n\n\n<p><em>Nous exprimons, par suite, notre attachement \u00e0 une conception ouverte et \u00e9quilibr\u00e9e de la libert\u00e9 d\u2019expression et de contestation en d\u00e9mocratie, constitutionnellement prot\u00e9g\u00e9es. \u00bb<\/em><\/p>\n","protected":false},"excerpt":{"rendered":"<p>Contre le musellement de voix engag\u00e9es sur le conflit isra\u00e9lo-palestinien et face \u00e0 la gravit\u00e9 des atteintes aux libert\u00e9s publiques, un large collectif de personnalit\u00e9s, syndicats, associations (o\u00f9 l&rsquo;on retrouve le Syndicat de la Magistrature, la LDH, le Gisti, la CGT, le Planning familial\u2026) soutenu \u00e9galement par les partis de gauche et \u00e9cologistes, d\u00e9nonce \u00ab\u00a0une [&hellip;]<\/p>\n","protected":false},"author":1,"featured_media":0,"comment_status":"closed","ping_status":"open","sticky":false,"template":"","format":"standard","meta":{"twitterCardType":"","cardImageID":0,"cardImage":"","cardTitle":"","cardDesc":"","cardImageAlt":"","cardPlayer":"","cardPlayerWidth":0,"cardPlayerHeight":0,"cardPlayerStream":"","cardPlayerCodec":"","footnotes":""},"categories":[62,11],"tags":[300,295,279],"class_list":["post-23163","post","type-post","status-publish","format-standard","hentry","category-le-rouge-le-vert-hebdo","category-politique-locale","tag-democratie","tag-droits","tag-libertes"],"_links":{"self":[{"href":"https:\/\/www.ades-grenoble.org\/wordpress\/wp-json\/wp\/v2\/posts\/23163","targetHints":{"allow":["GET"]}}],"collection":[{"href":"https:\/\/www.ades-grenoble.org\/wordpress\/wp-json\/wp\/v2\/posts"}],"about":[{"href":"https:\/\/www.ades-grenoble.org\/wordpress\/wp-json\/wp\/v2\/types\/post"}],"author":[{"embeddable":true,"href":"https:\/\/www.ades-grenoble.org\/wordpress\/wp-json\/wp\/v2\/users\/1"}],"replies":[{"embeddable":true,"href":"https:\/\/www.ades-grenoble.org\/wordpress\/wp-json\/wp\/v2\/comments?post=23163"}],"version-history":[{"count":1,"href":"https:\/\/www.ades-grenoble.org\/wordpress\/wp-json\/wp\/v2\/posts\/23163\/revisions"}],"predecessor-version":[{"id":23164,"href":"https:\/\/www.ades-grenoble.org\/wordpress\/wp-json\/wp\/v2\/posts\/23163\/revisions\/23164"}],"wp:attachment":[{"href":"https:\/\/www.ades-grenoble.org\/wordpress\/wp-json\/wp\/v2\/media?parent=23163"}],"wp:term":[{"taxonomy":"category","embeddable":true,"href":"https:\/\/www.ades-grenoble.org\/wordpress\/wp-json\/wp\/v2\/categories?post=23163"},{"taxonomy":"post_tag","embeddable":true,"href":"https:\/\/www.ades-grenoble.org\/wordpress\/wp-json\/wp\/v2\/tags?post=23163"}],"curies":[{"name":"wp","href":"https:\/\/api.w.org\/{rel}","templated":true}]}}