{"id":23195,"date":"2024-05-10T10:45:08","date_gmt":"2024-05-10T08:45:08","guid":{"rendered":"https:\/\/www.ades-grenoble.org\/wordpress\/?p=23195"},"modified":"2024-05-10T10:45:08","modified_gmt":"2024-05-10T08:45:08","slug":"le-mensonge-du-gouvernement-pour-freiner-la-sortie-des-pesticides","status":"publish","type":"post","link":"https:\/\/www.ades-grenoble.org\/wordpress\/2024\/05\/10\/le-mensonge-du-gouvernement-pour-freiner-la-sortie-des-pesticides\/","title":{"rendered":"Le \u00ab\u00a0mensonge\u00a0\u00bb du gouvernement pour freiner la sortie des pesticides"},"content":{"rendered":"<div class=\"wp-block-image is-style-default\">\n<figure class=\"alignleft size-full\"><img loading=\"lazy\" decoding=\"async\" width=\"315\" height=\"299\" src=\"https:\/\/www.ades-grenoble.org\/wordpress\/wp-content\/uploads\/2018\/10\/Coquelicots.jpg\" alt=\"\" class=\"wp-image-14941\" srcset=\"https:\/\/www.ades-grenoble.org\/wordpress\/wp-content\/uploads\/2018\/10\/Coquelicots.jpg 315w, https:\/\/www.ades-grenoble.org\/wordpress\/wp-content\/uploads\/2018\/10\/Coquelicots-150x142.jpg 150w, https:\/\/www.ades-grenoble.org\/wordpress\/wp-content\/uploads\/2018\/10\/Coquelicots-300x285.jpg 300w\" sizes=\"auto, (max-width: 315px) 100vw, 315px\" \/><\/figure>\n<\/div>\n\n\n<p><a href=\"https:\/\/agriculture.gouv.fr\/strategie-ecophyto-2030\" data-type=\"link\" data-id=\"https:\/\/agriculture.gouv.fr\/strategie-ecophyto-2030\">La nouvelle strat\u00e9gie gouvernementale \u00c9cophyto 2030 est publi\u00e9e<\/a>.<\/p>\n\n\n\n<p>Le journal <em>Le Monde<\/em> du 3 mai 2024 titrait <em>\u00ab\u00a0<a href=\"https:\/\/www.lemonde.fr\/planete\/article\/2024\/05\/03\/pesticides-le-gouvernement-enterine-le-choix-d-un-indicateur-juge-trompeur-dans-le-nouveau-plan-ecophyto-2030_6231425_3244.html\" data-type=\"link\" data-id=\"https:\/\/www.lemonde.fr\/planete\/article\/2024\/05\/03\/pesticides-le-gouvernement-enterine-le-choix-d-un-indicateur-juge-trompeur-dans-le-nouveau-plan-ecophyto-2030_6231425_3244.html\">Pesticides\u00a0: le gouvernement ent\u00e9rine le choix d\u2019un indicateur jug\u00e9 trompeur\u00a0dans le nouveau plan Ecophyto\u00a02030<\/a><\/em>\u00a0\u00bb<\/p>\n\n\n\n<p>Le plan gouvernemental supprime l\u2019indicateur d\u2019usage des produits phytosanitaires, le Nodu et le remplace par un outil de mesure contest\u00e9, notamment par un travail scientifique qui vient d\u2019\u00eatre publi\u00e9. Une vingtaine de chercheurs et d\u2019ing\u00e9nieurs des universit\u00e9s et des organismes publics de recherche \u2013 dont une majorit\u00e9 de membres du conseil scientifique du plan Ecophyto \u2013 montrent que le nouvel indicateur adopt\u00e9 HRI-1\u00a0est un trompe-l\u2019\u0153il. Non seulement, \u00e9crivent-ils, le nouvel indice <em>\u00ab\u00a0n\u2019est pas suppos\u00e9 quantifier strictement l\u2019usage des produits de protection des plantes et refl\u00e9ter de mani\u00e8re ad\u00e9quate les changements de leurs usages\u00a0\u00bb<\/em>, mais <em>\u00ab\u00a0il ne refl\u00e8te pas les risques induits\u00a0\u00bb<\/em> par ces usages. \u00ab\u00a0<em>Nos r\u00e9sultats sugg\u00e8rent fortement que HRI1 ne parvient pas \u00e0 suivre ad\u00e9quatement les objectifs de la directive sur l\u2019utilisation durable des pesticides. <\/em><\/p>\n\n\n\n<!--more-->\n\n\n\n<p><em>Nous recommandons donc \u00e0 la Commission europ\u00e9enne de reconsid\u00e9rer la conception des indicateurs de risque harmonis\u00e9s. Les indicateurs de suivi du Plan national d\u2019action aux niveaux national et europ\u00e9en devraient englober trois caract\u00e9ristiques principales. Premi\u00e8rement, les indicateurs doivent \u00eatre fond\u00e9s sur des preuves scientifiques et techniques solides. Deuxi\u00e8mement, ils devraient tenir compte des profils de toxicit\u00e9 et d\u2019\u00e9cotoxicit\u00e9 des produits phytopharmaceutiques. Enfin, ils devraient \u00eatre calculables pour chaque \u00c9tat membre et permettre des comparaisons en valeurs absolues entre les \u00c9tats membres afin de tenir compte des objectifs de \u00ab r\u00e9duction des risques ou des usages \u00bb d\u00e9j\u00e0 atteints avant l\u2019application de la pr\u00e9sente directive.\u00a0\u00bb<\/em><\/p>\n\n\n\n<p>Le m\u00e9dia <em>Reporterre<\/em> d\u00e9nonce un mensonge de l\u2019Etat&nbsp;: <em>\u00ab&nbsp;Un indicateur contest\u00e9, des alternatives sans obligation de r\u00e9sultat&#8230; Le nouveau plan de r\u00e9duction des pesticides du gouvernement vient \u00ab&nbsp;donner satisfaction&nbsp;\u00bb \u00e0 la FNSEA, d\u00e9noncent des \u00e9cologistes.<\/em> <em>Un retour en arri\u00e8re \u00ab&nbsp;de quinze ans&nbsp;\u00bb. C\u2019est ainsi que l\u2019association de lutte contre les pesticides G\u00e9n\u00e9rations futures d\u00e9crit le nouveau plan \u00c9cophyto du gouvernement\u2026<\/em><\/p>\n\n\n\n<p><em><strong>Un nouvel indicateur contest\u00e9\u00a0:<\/strong><\/em><\/p>\n\n\n\n<p><em>Le ministre de l\u2019Agriculture d\u00e9fend une ambition intacte, avec toujours le m\u00eame objectif de r\u00e9duction, d\u2019ici 2030, de 50&nbsp;% de l\u2019usage des pesticides par rapport \u00e0 la moyenne des ann\u00e9es 2011-2013. Un \u00ab&nbsp;mensonge&nbsp;\u00bb pour G\u00e9n\u00e9rations futures, puisque la fa\u00e7on de mesurer ce r\u00e9sultat va changer. Le plan confirme que l\u2019indicateur de r\u00e9f\u00e9rence sera d\u00e9sormais celui utilis\u00e9 au niveau europ\u00e9en, <\/em><a href=\"https:\/\/reporterre.net\/Pesticides-Le-prochain-indicateur-d-Ecophyto-va-endormir-les-gens\"><em>le HRI1<\/em><\/a><em>, et plus celui qui \u00e9tait utilis\u00e9 depuis les d\u00e9buts d\u2019\u00c9cophyto il y a quinze&nbsp;ans, le Nodu (nombre de doses unit\u00e9). Un choix qui correspond effectivement \u00e0 une demande de <\/em><em><u>la FNSEA<\/u><\/em><em> et du lobby des pesticides <\/em><em><u>Phyteis<\/u><\/em><em>.<\/em><\/p>\n\n\n\n<p><em>Le HRI1 pond\u00e8re l\u2019usage des pesticides par leur dangerosit\u00e9. Cela permettra d\u2019avoir un indicateur harmonis\u00e9 avec nos voisins europ\u00e9ens et de \u00ab&nbsp;prioriser les mol\u00e9cules les plus dangereuses&nbsp;\u00bb, d\u00e9fend le ministre de l\u2019Agriculture, Marc Fesneau, <\/em><em><u>dans Le Parisien.<\/u><\/em><em><\/em><\/p>\n\n\n\n<p><em>Cette pond\u00e9ration par la dangerosit\u00e9 est mal faite, contestent les associations \u00e9cologistes et <\/em><em><u>les experts du comit\u00e9 scientifique et technique du plan \u00c9cophyto<\/u><\/em><em>. Fran\u00e7ois Veillerette d\u00e9fendait le Nodu <\/em><a href=\"https:\/\/reporterre.net\/Pesticides-Le-prochain-indicateur-d-Ecophyto-va-endormir-les-gens\"><em>dans Reporterre<\/em><\/a><em>&nbsp;: \u00ab&nbsp;Il cherche clairement \u00e0 \u00e9valuer l\u2019\u00e9volution de l\u2019usage, donc de la d\u00e9pendance du syst\u00e8me agricole aux pesticides. S\u2019il n\u2019y a pas de baisse du Nodu, il n\u2019y a pas de baisse de la d\u00e9pendance.&nbsp;\u00bb Alors que le plan \u00c9cophyto n\u2019a jamais r\u00e9ussi \u00e0 atteindre ses objectifs, le changement d\u2019indicateur va permettre d\u2019afficher des r\u00e9sultats beaucoup plus encourageants. G\u00e9n\u00e9rations futures a ainsi calcul\u00e9 que le HRI1 mesure une baisse de l\u2019usage des pesticides de 32&nbsp;% entre 2011 et 2021. Alors que le Nodu constate sur la m\u00eame p\u00e9riode une hausse de 3&nbsp;%\u2026<\/em><\/p>\n\n\n\n<p><em><strong>Pas de transparence sur l\u2019usage des pesticides<\/strong><\/em> :<\/p>\n\n\n\n<p><em>Le nouveau plan confirme \u00e9galement que le \u00ab\u00a0conseil strat\u00e9gique\u00a0\u00bb d\u00e9livr\u00e9 aux agriculteurs pour les aider \u00e0 faire \u00e9voluer leurs pratiques et utiliser moins de pesticides est suspendu. Une nouvelle mouture est attendue pour 2025. Sa suppression avait \u00e9t\u00e9 demand\u00e9e par la FNSEA et confirm\u00e9e par Gabriel Attal <u>d\u00e9but mars<\/u>. \u00ab\u00a0Refuser ce type de conseils, c\u2019est comme refuser la formation continue quand on est m\u00e9decin\u00a0\u00bb, commente Fran\u00e7ois Veillerette.<\/em><\/p>\n\n\n\n<p><em>L\u2019\u00e9cologiste d\u00e9nonce \u00e9galement un recul sur la centralisation des donn\u00e9es concernant l\u2019usage des pesticides. Chaque agriculteur doit tenir un registre d\u2019\u00e9pandage des pesticides. \u00ab&nbsp;L\u2019id\u00e9e d\u2019\u00c9lisabeth Borne \u00e9tait de centraliser ces donn\u00e9es via une interface simple pour les agriculteurs, et de les mettre \u00e0 disposition des chercheurs et du public&nbsp;\u00bb, se rappelle Fran\u00e7ois Veillerette. Il n\u2019en est plus question d\u00e9sormais.<\/em><\/p>\n\n\n\n<p><em>Enfin, le plan repr\u00e9sentera peut-\u00eatre, apr\u00e8s \u00ab&nbsp;\u00e9tude de faisabilit\u00e9&nbsp;\u00bb, une avanc\u00e9e pour les riverains ou autres personnes expos\u00e9s de mani\u00e8re \u00ab&nbsp;r\u00e9p\u00e9t\u00e9e et prolong\u00e9e&nbsp;\u00bb aux pesticides. Il pr\u00e9voit \u00ab&nbsp;la possibilit\u00e9 de mettre en \u0153uvre et de financer un dispositif d\u2019indemnisation&nbsp;\u00bb pour ceux qui d\u00e9velopperaient une maladie li\u00e9e aux pesticides.<\/em><\/p>\n\n\n\n<p><em>Pas assez pour compenser le reste. \u00ab&nbsp;Le gouvernement de Gabriel Attal a fait des choix&nbsp;: celui d\u2019enterrer le projet de r\u00e9duire fortement la consommation de pesticides en France, celui de tout faire pour retarder le plus possible le retrait de certains pesticides dangereux, etc.&nbsp;\u00bb, d\u00e9nonce G\u00e9n\u00e9rations futures. Alors que la France \u00e9tait vue en Europe comme pr\u00e9curseure dans la lutte contre les pesticides, \u00ab&nbsp;elle rejoint les pays qui mettent tout en \u0153uvre pour que rien ne change&nbsp;\u00bb, poursuit l\u2019association\u2026&nbsp;\u00bb<\/em><\/p>\n\n\n\n<figure class=\"wp-block-embed\"><div class=\"wp-block-embed__wrapper\">\nhttps:\/\/reporterre.net\/Le-mensonge-de-l-Etat-pour-freiner-la-sortie-des-pesticides?utm_source=newsletter&#038;utm_medium=email&#038;utm_campaign=nl_quotidienne\n<\/div><\/figure>\n","protected":false},"excerpt":{"rendered":"<p>La nouvelle strat\u00e9gie gouvernementale \u00c9cophyto 2030 est publi\u00e9e. Le journal Le Monde du 3 mai 2024 titrait \u00ab\u00a0Pesticides\u00a0: le gouvernement ent\u00e9rine le choix d\u2019un indicateur jug\u00e9 trompeur\u00a0dans le nouveau plan Ecophyto\u00a02030\u00a0\u00bb Le plan gouvernemental supprime l\u2019indicateur d\u2019usage des produits phytosanitaires, le Nodu et le remplace par un outil de mesure contest\u00e9, notamment par un travail [&hellip;]<\/p>\n","protected":false},"author":1,"featured_media":0,"comment_status":"closed","ping_status":"open","sticky":false,"template":"","format":"standard","meta":{"twitterCardType":"","cardImageID":0,"cardImage":"","cardTitle":"","cardDesc":"","cardImageAlt":"","cardPlayer":"","cardPlayerWidth":0,"cardPlayerHeight":0,"cardPlayerStream":"","cardPlayerCodec":"","footnotes":""},"categories":[62,11],"tags":[196,12,357,146,99],"class_list":["post-23195","post","type-post","status-publish","format-standard","hentry","category-le-rouge-le-vert-hebdo","category-politique-locale","tag-etat","tag-mobilisations","tag-pesticides","tag-risques-chimiques","tag-sante"],"_links":{"self":[{"href":"https:\/\/www.ades-grenoble.org\/wordpress\/wp-json\/wp\/v2\/posts\/23195","targetHints":{"allow":["GET"]}}],"collection":[{"href":"https:\/\/www.ades-grenoble.org\/wordpress\/wp-json\/wp\/v2\/posts"}],"about":[{"href":"https:\/\/www.ades-grenoble.org\/wordpress\/wp-json\/wp\/v2\/types\/post"}],"author":[{"embeddable":true,"href":"https:\/\/www.ades-grenoble.org\/wordpress\/wp-json\/wp\/v2\/users\/1"}],"replies":[{"embeddable":true,"href":"https:\/\/www.ades-grenoble.org\/wordpress\/wp-json\/wp\/v2\/comments?post=23195"}],"version-history":[{"count":1,"href":"https:\/\/www.ades-grenoble.org\/wordpress\/wp-json\/wp\/v2\/posts\/23195\/revisions"}],"predecessor-version":[{"id":23196,"href":"https:\/\/www.ades-grenoble.org\/wordpress\/wp-json\/wp\/v2\/posts\/23195\/revisions\/23196"}],"wp:attachment":[{"href":"https:\/\/www.ades-grenoble.org\/wordpress\/wp-json\/wp\/v2\/media?parent=23195"}],"wp:term":[{"taxonomy":"category","embeddable":true,"href":"https:\/\/www.ades-grenoble.org\/wordpress\/wp-json\/wp\/v2\/categories?post=23195"},{"taxonomy":"post_tag","embeddable":true,"href":"https:\/\/www.ades-grenoble.org\/wordpress\/wp-json\/wp\/v2\/tags?post=23195"}],"curies":[{"name":"wp","href":"https:\/\/api.w.org\/{rel}","templated":true}]}}