{"id":23197,"date":"2024-05-10T10:45:16","date_gmt":"2024-05-10T08:45:16","guid":{"rendered":"https:\/\/www.ades-grenoble.org\/wordpress\/?p=23197"},"modified":"2024-05-10T10:45:16","modified_gmt":"2024-05-10T08:45:16","slug":"des-observatoires-de-la-biodiversite-pour-proteger-notre-patrimoine-naturel-local","status":"publish","type":"post","link":"https:\/\/www.ades-grenoble.org\/wordpress\/2024\/05\/10\/des-observatoires-de-la-biodiversite-pour-proteger-notre-patrimoine-naturel-local\/","title":{"rendered":"Des observatoires de la biodiversit\u00e9 pour prot\u00e9ger notre patrimoine naturel\u00a0local"},"content":{"rendered":"<div class=\"wp-block-image is-style-default\">\n<figure class=\"alignleft size-full\"><img loading=\"lazy\" decoding=\"async\" width=\"380\" height=\"186\" src=\"https:\/\/www.ades-grenoble.org\/wordpress\/wp-content\/uploads\/2024\/05\/observatoire-saint-egreve.jpg\" alt=\"\" class=\"wp-image-23198\" srcset=\"https:\/\/www.ades-grenoble.org\/wordpress\/wp-content\/uploads\/2024\/05\/observatoire-saint-egreve.jpg 380w, https:\/\/www.ades-grenoble.org\/wordpress\/wp-content\/uploads\/2024\/05\/observatoire-saint-egreve-300x147.jpg 300w, https:\/\/www.ades-grenoble.org\/wordpress\/wp-content\/uploads\/2024\/05\/observatoire-saint-egreve-150x73.jpg 150w\" sizes=\"auto, (max-width: 380px) 100vw, 380px\" \/><\/figure>\n<\/div>\n\n\n<p>La ville de Saint-Egr\u00e8ve a mis en place en 2023 un observatoire dynamique de la biodiversit\u00e9, en partenariat avec deux associations de protection de la biodiversit\u00e9\u00a0: la Ligue de Protection des Oiseaux et Gentiana qui participe \u00e0 la pr\u00e9servation du patrimoine naturel v\u00e9g\u00e9tal de l\u2019Is\u00e8re. Le d\u00e9veloppement d\u2019un observatoire de la biodiversit\u00e9 \u00e0 une \u00e9chelle tr\u00e8s locale permet d\u2019am\u00e9liorer la connaissance naturaliste du territoire.<\/p>\n\n\n\n<p><a href=\"https:\/\/unemetropoledavance.fr\/2024\/05\/03\/des-observatoires-de-la-biodiversite-pour-proteger-notre-patrimoine-naturel-local\/\" data-type=\"link\" data-id=\"https:\/\/unemetropoledavance.fr\/2024\/05\/03\/des-observatoires-de-la-biodiversite-pour-proteger-notre-patrimoine-naturel-local\/\">Les objectifs de cet observatoire dynamique de la biodiversit\u00e9 sont multiples<\/a>\u00a0:\u00a0c\u2019est un \u00e9tat des lieux de la biodiversit\u00e9 locale, participant \u00e0 l\u2019\u00e9valuation des impacts environnementaux des politiques publiques mises en place. Il aide aussi les acteurs locaux \u00e0 prendre les bonnes d\u00e9cisions pour la pr\u00e9servation du patrimoine naturel.\u00a0Il permet enfin de\u00a0sensibiliser les habitants aux enjeux de la biodiversit\u00e9 sur leur territoire.<\/p>\n\n\n\n<p>Accessible en ligne, les habitants peuvent participer au projet en faisant le recensement de trois esp\u00e8ces sp\u00e9cifiques, tr\u00e8s pr\u00e9sentes sur le territoire de la commune\u00a0: le moineau, le h\u00e9risson et l\u2019\u00e9cureuil.<\/p>\n\n\n\n<!--more-->\n\n\n\n<p>L\u2019observatoire a trois priorit\u00e9s d\u2019\u00e9tude :<\/p>\n\n\n\n<ul class=\"wp-block-list\">\n<li>Les insectes pollinisateurs&nbsp;dont la sauvegarde est un d\u00e9fi majeur pour la pollinisation des espaces naturels et agricoles&nbsp;: 35% de nos ressources alimentaires d\u00e9pendent de la pollinisation<\/li>\n\n\n\n<li>La nature en ville&nbsp;dont la pr\u00e9servation en milieu urbain est fondamentale pour lutter contre les effets du changement climatique, notamment les chaleurs estivales<\/li>\n\n\n\n<li>Les milieux humides&nbsp;et cours d\u2019eau qui sont essentiels \u00e0 la bonne sant\u00e9 des \u00e9cosyst\u00e8mes et sont eux-m\u00eames des r\u00e9servoirs de biodiversit\u00e9.<\/li>\n<\/ul>\n\n\n\n<p>Ce travail, r\u00e9alis\u00e9 par des professionnels et des habitants, a permis de r\u00e9colter des centaines de donn\u00e9es pour la r\u00e9alisation d\u2019un inventaire de la faune et de la flore sur la commune. Au total 330 animaux diff\u00e9rents et 700 esp\u00e8ces de plantes dont plusieurs prot\u00e9g\u00e9es ont \u00e9t\u00e9 identifi\u00e9es.<\/p>\n\n\n\n<p>A l\u2019\u00e9chelle m\u00e9tropolitaine, le patrimoine naturel fait lui aussi l\u2019objet d\u2019actions de pr\u00e9servation, inscrites dans la&nbsp;Strat\u00e9gie-cadre Biodiversit\u00e9 et espaces naturel et mises en \u0153uvre dans le cadre de la politique port\u00e9e par Yann Mongaburu vice-pr\u00e9sident au d\u00e9fi climatique, \u00e0 la biodiversit\u00e9 et \u00e0 l\u2019\u00e9ducation \u00e0 l\u2019environnement.&nbsp;En particulier le travail poursuivi est de&nbsp;restaurer et valoriser la trame verte et bleue m\u00e9tropolitaine, l\u2019ensemble des continuit\u00e9s et corridors \u00e9cologiques indispensables \u00e0 la bonne sant\u00e9 de la biodiversit\u00e9 dans nos zones humides, nos for\u00eats et nos espaces naturels de montagne.<\/p>\n\n\n\n<p>Parmi ces actions, un observatoire m\u00e9tropolitain de la biodiversit\u00e9 cartographie les sites m\u00e9tropolitains \u00e0 enjeux, comme les corridors \u00e9cologiques. Aujourd\u2019hui pr\u00e8s de 500 esp\u00e8ces animales et 1600 esp\u00e8ces v\u00e9g\u00e9tales ont \u00e9t\u00e9 recens\u00e9es sur le territoire. Le suivi quantitatif et qualitatif de la bonne sant\u00e9 des esp\u00e8ces sur le territoire permet une information n\u00e9cessaire \u00e0 la prise de d\u00e9cision des \u00e9lu.es.<\/p>\n\n\n\n<p>Le d\u00e9clin de la biodiversit\u00e9 observ\u00e9 depuis des d\u00e9cennies peut \u00eatre enray\u00e9. Les principales causes de l\u2019effondrement de la biodiversit\u00e9 proviennent des activit\u00e9s humaines :&nbsp;<\/p>\n\n\n\n<ul class=\"wp-block-list\">\n<li>La destruction et la fragmentation des milieux naturels li\u00e9es, notamment, \u00e0 l\u2019urbanisation et au d\u00e9veloppement des infrastructures de mobilit\u00e9, routes et autres.<\/li>\n\n\n\n<li>La surexploitation des esp\u00e8ces sauvages (d\u00e9forestation, p\u00eache, chasse)<\/li>\n\n\n\n<li>Les pollutions de l\u2019eau et des sols<\/li>\n\n\n\n<li>Le changement climatique<\/li>\n\n\n\n<li>L\u2019introduction dans le commerce ou via les transports internationaux d\u2019esp\u00e8ces exotiques envahissantes.<\/li>\n<\/ul>\n\n\n\n<p>L\u2019artificialisation des sols est toujours la premi\u00e8re cause d\u2019\u00e9rosion de la biodiversit\u00e9, il devient donc important, urgent de cesser nos consommations d\u2019espaces naturels et agricoles.\u00a0De la richesse de la biodiversit\u00e9 de notre territoire d\u00e9pendent la qualit\u00e9 de vie des habitants et la production agricole dans la m\u00e9tropole et le bassin de vie.<\/p>\n","protected":false},"excerpt":{"rendered":"<p>La ville de Saint-Egr\u00e8ve a mis en place en 2023 un observatoire dynamique de la biodiversit\u00e9, en partenariat avec deux associations de protection de la biodiversit\u00e9\u00a0: la Ligue de Protection des Oiseaux et Gentiana qui participe \u00e0 la pr\u00e9servation du patrimoine naturel v\u00e9g\u00e9tal de l\u2019Is\u00e8re. Le d\u00e9veloppement d\u2019un observatoire de la biodiversit\u00e9 \u00e0 une \u00e9chelle [&hellip;]<\/p>\n","protected":false},"author":1,"featured_media":0,"comment_status":"closed","ping_status":"open","sticky":false,"template":"","format":"standard","meta":{"twitterCardType":"","cardImageID":0,"cardImage":"","cardTitle":"","cardDesc":"","cardImageAlt":"","cardPlayer":"","cardPlayerWidth":0,"cardPlayerHeight":0,"cardPlayerStream":"","cardPlayerCodec":"","footnotes":""},"categories":[62,11],"tags":[145,144,190],"class_list":["post-23197","post","type-post","status-publish","format-standard","hentry","category-le-rouge-le-vert-hebdo","category-politique-locale","tag-biodiversite","tag-nature","tag-patrimoine"],"_links":{"self":[{"href":"https:\/\/www.ades-grenoble.org\/wordpress\/wp-json\/wp\/v2\/posts\/23197","targetHints":{"allow":["GET"]}}],"collection":[{"href":"https:\/\/www.ades-grenoble.org\/wordpress\/wp-json\/wp\/v2\/posts"}],"about":[{"href":"https:\/\/www.ades-grenoble.org\/wordpress\/wp-json\/wp\/v2\/types\/post"}],"author":[{"embeddable":true,"href":"https:\/\/www.ades-grenoble.org\/wordpress\/wp-json\/wp\/v2\/users\/1"}],"replies":[{"embeddable":true,"href":"https:\/\/www.ades-grenoble.org\/wordpress\/wp-json\/wp\/v2\/comments?post=23197"}],"version-history":[{"count":1,"href":"https:\/\/www.ades-grenoble.org\/wordpress\/wp-json\/wp\/v2\/posts\/23197\/revisions"}],"predecessor-version":[{"id":23199,"href":"https:\/\/www.ades-grenoble.org\/wordpress\/wp-json\/wp\/v2\/posts\/23197\/revisions\/23199"}],"wp:attachment":[{"href":"https:\/\/www.ades-grenoble.org\/wordpress\/wp-json\/wp\/v2\/media?parent=23197"}],"wp:term":[{"taxonomy":"category","embeddable":true,"href":"https:\/\/www.ades-grenoble.org\/wordpress\/wp-json\/wp\/v2\/categories?post=23197"},{"taxonomy":"post_tag","embeddable":true,"href":"https:\/\/www.ades-grenoble.org\/wordpress\/wp-json\/wp\/v2\/tags?post=23197"}],"curies":[{"name":"wp","href":"https:\/\/api.w.org\/{rel}","templated":true}]}}