{"id":23254,"date":"2024-05-24T11:10:32","date_gmt":"2024-05-24T09:10:32","guid":{"rendered":"https:\/\/www.ades-grenoble.org\/wordpress\/?p=23254"},"modified":"2024-05-24T13:39:06","modified_gmt":"2024-05-24T11:39:06","slug":"election-europeenne-du-9-juin-2024-37-listes","status":"publish","type":"post","link":"https:\/\/www.ades-grenoble.org\/wordpress\/2024\/05\/24\/election-europeenne-du-9-juin-2024-37-listes\/","title":{"rendered":"Election europ\u00e9enne du 9 juin 2024\u00a0: 37 listes\u00a0!"},"content":{"rendered":"<div class=\"wp-block-image is-style-default\">\n<figure class=\"alignleft size-full\"><img loading=\"lazy\" decoding=\"async\" width=\"350\" height=\"239\" src=\"https:\/\/www.ades-grenoble.org\/wordpress\/wp-content\/uploads\/2016\/12\/drapeau-europe-1.jpg\" alt=\"\" class=\"wp-image-12360\" srcset=\"https:\/\/www.ades-grenoble.org\/wordpress\/wp-content\/uploads\/2016\/12\/drapeau-europe-1.jpg 350w, https:\/\/www.ades-grenoble.org\/wordpress\/wp-content\/uploads\/2016\/12\/drapeau-europe-1-150x102.jpg 150w, https:\/\/www.ades-grenoble.org\/wordpress\/wp-content\/uploads\/2016\/12\/drapeau-europe-1-300x205.jpg 300w\" sizes=\"auto, (max-width: 350px) 100vw, 350px\" \/><\/figure>\n<\/div>\n\n\n<p>Il y aura 37 listes \u00e0 l&rsquo;\u00e9lection des repr\u00e9sentants au Parlement europ\u00e9en du 9 juin prochain. Chacune de ces listes comporte 81 noms, avec une alternance de candidats de chaque sexe. Il y en avait 34 en 2019. La grande majorit\u00e9 de ces listes ne sont pas pour faire un score, mais se faire connaitre. En 2019 il y avait 34 listes, dont seules les 6 premi\u00e8res ont d\u00e9pass\u00e9 les 5% des exprim\u00e9s et ont eu des \u00e9lu-es.<\/p>\n\n\n\n<p>L&rsquo;ordre de pr\u00e9sentation de ces listes a \u00e9t\u00e9 arr\u00eat\u00e9 par tirage. Il d\u00e9termine l&rsquo;ordre d&rsquo;affichage sur les panneaux \u00e9lectoraux&nbsp;\u00e0 compter du 27 mai&nbsp;(d\u00e9but de la campagne \u00e9lectorale) et de pr\u00e9sentation des bulletins sur la table de d\u00e9charge dans les bureaux de vote le jour du scrutin.<\/p>\n\n\n\n<p>L&rsquo;arr\u00eat\u00e9 qui fixe les listes des candidats \u00e0 l&rsquo;\u00e9lection des repr\u00e9sentants au Parlement europ\u00e9en, est\u00a0consultable <a href=\"https:\/\/www.legifrance.gouv.fr\/jorf\/id\/JORFTEXT000049548294\" data-type=\"link\" data-id=\"https:\/\/www.legifrance.gouv.fr\/jorf\/id\/JORFTEXT000049548294\">ici<\/a>.\u00a0<\/p>\n\n\n\n<!--more-->\n\n\n\n<p>Les circulaires (professions de foi) des listes\u00a0candidates seront consultables \u00e0 compter du 27 mai\u00a0<a href=\"https:\/\/programme-candidats.interieur.gouv.fr\/\" data-type=\"link\" data-id=\"https:\/\/programme-candidats.interieur.gouv.fr\/\">sur le site d\u00e9di\u00e9, d\u00e8s lors que les candidats en auront transmis un exemplaire \u00e9lectronique<\/a>.<\/p>\n\n\n\n<p>Voici les noms des 37 listes avec le nom de la t\u00eate de liste\u00a0: <\/p>\n\n\n\n<p>1. POUR UNE HUMANITE SOUVERAINE\u00a0: M. FID\u00c8L<br>2. POUR UNE DEMOCRATIE REELLE : DECIDONS NOUS-MEMES !\u00a0: M. PONGE Philippe<br>3. LA FRANCE FIERE, MENEE PAR MARION MARECHAL ET SOUTENUE PAR \u00c9RIC ZEMMOUR\u00a0: Mme MAR\u00c9CHAL Marion<br>4. LA FRANCE INSOUMISE &#8211; UNION POPULAIRE\u00a0: Mme AUBRY Manon<br>5. LA FRANCE REVIENT ! AVEC JORDAN BARDELLA ET MARINE LE PEN\u00a0: M. BARDELLA Jordan<br>6. EUROPE ECOLOGIE\u00a0: Mme TOUSSAINT Marie<br>7. FREE PALESTINE\u00a0: M. AZERGUI Nagib<br>8. PARTI ANIMALISTE &#8211; LES ANIMAUX COMPTENT, VOTRE VOIX AUSSI\u00a0: Mme THOUY H\u00e9l\u00e8ne<br>9. PARTI REVOLUTIONNAIRE COMMUNISTES\u00a0: M. TERRIEN Olivier<br>10. PARTI PIRATE\u00a0: Mme ZORN Caroline<br>11. BESOIN D&rsquo;EUROPE\u00a0: Mme HAYER Val\u00e9rie<br>12. PACE &#8211; PARTI DES CITOYENS EUROPEENS, POUR L&rsquo;ARMEE EUROPEENNE, POUR L&rsquo;EUROPE SOCIALE, POUR LA PLANETE !\u00a0: M. ALEXANDRE Audric<br>13. \u00c9QUINOXE : \u00c9COLOGIE PRATIQUE ET RENOUVEAU D\u00c9MOCRATIQUE\u00a0: Mme CHOLLEY Marine<br>14. ECOLOGIE POSITIVE ET TERRITOIRES\u00a0: M. WEHRLING Yann<br>15. LISTE ASSELINEAU-FREXIT, POUR LE POUVOIR D&rsquo;ACHAT ET POUR LA PAIX\u00a0: M. ASSELINEAU Fran\u00e7ois<br>16. PAIX ET DECROISSANCE\u00a0: M. SIMONIN Michel<br>17. POUR UNE AUTRE EUROPE\u00a0: M. FORTAN\u00c9 Jean-Marc<br>18. LA DROITE POUR FAIRE ENTENDRE LA VOIX DE LA FRANCE EN EUROPE\u00a0: M. BELLAMY Fran\u00e7ois-Xavier<br>19. LUTTE OUVRIERE LE CAMP DES TRAVAILLEURS\u00a0: Mme ARTHAUD Nathalie<br>20. CHANGER L&rsquo;EUROPE\u00a0: M. LARROUTUROU Pierre<br>21. NOUS LE PEUPLE\u00a0: M. RENARD-KUZMANOVIC Georges<br>22. POUR UN MONDE SANS FRONTIERES NI PATRONS, URGENCE REVOLUTION !\u00a0: Mme LABIB Selma<br>23. \u00ab POUR LE PAIN, LA PAIX, LA LIBERTE ! \u00bb PRESENTEE PAR LE PARTI DES TRAVAILLEURS\u00a0: Mme ADOUE Camille<br>24. L&rsquo;EUROPE \u00c7A SUFFIT !\u00a0: M. PHILIPPOT Florian<br>25. NON ! PRENONS-NOUS EN MAINS\u00a0: M. HUSSON Edouard<br>26. FORTERESSE EUROPE &#8211; LISTE D&rsquo;UNITE NATIONALISTE\u00a0: M. BONNEAU Pierre-Marie<br>27. REVEILLER L&rsquo;EUROPE\u00a0: M. GLUCKSMANN Rapha\u00ebl<br>28. NON A L&rsquo;UE ET A L&rsquo;OTAN, COMMUNISTES POUR LA PAIX ET LE PROGRES SOCIAL\u00a0: M. HOAREAU Charles<br>29. ALLIANCE RURALE\u00a0: M. LASSALLE Jean<br>30. FRANCE LIBRE\u00a0: M. LALANNE Francis<br>31. EUROPE TERRITOIRES \u00c9COLOGIE\u00a0: M. LACROIX Guillaume<br>32. LA RUCHE CITOYENNE\u00a0: Mme ELMAYAN Lorys<br>33. GAUCHE UNIE POUR LE MONDE DU TRAVAIL SOUTENUE PAR FABIEN ROUSSEL\u00a0: M. DEFFONTAINES L\u00e9on<br>34. DEFENDRE LES ENFANTS\u00a0: M. COSTE-MEUNIER Ga\u00ebl<br>35. \u00c9COLOGIE AU CENTRE\u00a0: M. GOVERNATORI Jean Marc<br>36. DEMOCRATIE REPRESENTATIVE\u00a0: M. TRAOR\u00c9 Hamada<br>37. ESPERANTO LANGUE COMMUNE\u00a0: Mme PATAS D&rsquo;ILLIERS Laure<\/p>\n","protected":false},"excerpt":{"rendered":"<p>Il y aura 37 listes \u00e0 l&rsquo;\u00e9lection des repr\u00e9sentants au Parlement europ\u00e9en du 9 juin prochain. Chacune de ces listes comporte 81 noms, avec une alternance de candidats de chaque sexe. Il y en avait 34 en 2019. La grande majorit\u00e9 de ces listes ne sont pas pour faire un score, mais se faire connaitre. [&hellip;]<\/p>\n","protected":false},"author":1,"featured_media":0,"comment_status":"closed","ping_status":"open","sticky":false,"template":"","format":"standard","meta":{"twitterCardType":"","cardImageID":0,"cardImage":"","cardTitle":"","cardDesc":"","cardImageAlt":"","cardPlayer":"","cardPlayerWidth":0,"cardPlayerHeight":0,"cardPlayerStream":"","cardPlayerCodec":"","footnotes":""},"categories":[62,11],"tags":[140,141],"class_list":["post-23254","post","type-post","status-publish","format-standard","hentry","category-le-rouge-le-vert-hebdo","category-politique-locale","tag-elections","tag-europe"],"_links":{"self":[{"href":"https:\/\/www.ades-grenoble.org\/wordpress\/wp-json\/wp\/v2\/posts\/23254","targetHints":{"allow":["GET"]}}],"collection":[{"href":"https:\/\/www.ades-grenoble.org\/wordpress\/wp-json\/wp\/v2\/posts"}],"about":[{"href":"https:\/\/www.ades-grenoble.org\/wordpress\/wp-json\/wp\/v2\/types\/post"}],"author":[{"embeddable":true,"href":"https:\/\/www.ades-grenoble.org\/wordpress\/wp-json\/wp\/v2\/users\/1"}],"replies":[{"embeddable":true,"href":"https:\/\/www.ades-grenoble.org\/wordpress\/wp-json\/wp\/v2\/comments?post=23254"}],"version-history":[{"count":1,"href":"https:\/\/www.ades-grenoble.org\/wordpress\/wp-json\/wp\/v2\/posts\/23254\/revisions"}],"predecessor-version":[{"id":23255,"href":"https:\/\/www.ades-grenoble.org\/wordpress\/wp-json\/wp\/v2\/posts\/23254\/revisions\/23255"}],"wp:attachment":[{"href":"https:\/\/www.ades-grenoble.org\/wordpress\/wp-json\/wp\/v2\/media?parent=23254"}],"wp:term":[{"taxonomy":"category","embeddable":true,"href":"https:\/\/www.ades-grenoble.org\/wordpress\/wp-json\/wp\/v2\/categories?post=23254"},{"taxonomy":"post_tag","embeddable":true,"href":"https:\/\/www.ades-grenoble.org\/wordpress\/wp-json\/wp\/v2\/tags?post=23254"}],"curies":[{"name":"wp","href":"https:\/\/api.w.org\/{rel}","templated":true}]}}