{"id":23256,"date":"2024-05-24T11:20:39","date_gmt":"2024-05-24T09:20:39","guid":{"rendered":"https:\/\/www.ades-grenoble.org\/wordpress\/?p=23256"},"modified":"2024-05-24T13:39:18","modified_gmt":"2024-05-24T11:39:18","slug":"agenda-259","status":"publish","type":"post","link":"https:\/\/www.ades-grenoble.org\/wordpress\/2024\/05\/24\/agenda-259\/","title":{"rendered":"Agenda"},"content":{"rendered":"<div class=\"wp-block-image is-style-default\">\n<figure class=\"alignleft size-full\"><img loading=\"lazy\" decoding=\"async\" width=\"378\" height=\"147\" src=\"https:\/\/www.ades-grenoble.org\/wordpress\/wp-content\/uploads\/2021\/05\/nos-services-publics.jpg\" alt=\"\" class=\"wp-image-18722\" srcset=\"https:\/\/www.ades-grenoble.org\/wordpress\/wp-content\/uploads\/2021\/05\/nos-services-publics.jpg 378w, https:\/\/www.ades-grenoble.org\/wordpress\/wp-content\/uploads\/2021\/05\/nos-services-publics-150x58.jpg 150w, https:\/\/www.ades-grenoble.org\/wordpress\/wp-content\/uploads\/2021\/05\/nos-services-publics-300x117.jpg 300w\" sizes=\"auto, (max-width: 378px) 100vw, 378px\" \/><\/figure>\n<\/div>\n\n\n<p>Le 30 mai 2024, la Ville de Grenoble accueille le<strong> <a href=\"https:\/\/www.facebook.com\/Nosservicespublics?__cft__%5b0%5d=AZUjfNrh21LoJ-URZiSUXninXLmr2VdG6NHhWCj_PiY2jMUY3BrUZblIr2FUNNEU2E6yx2AFkd8Y6enuyqqItMzIbg4UlQT8asMyXeyr59P2PbYFZvtsON85PEEz0lGCf3zifp0X8ck9TmC2dNC_7fDHzaf2zD3INnVLbMLRgt6TUA&amp;__tn__=-%5dK-R\">Collectif Nos services publics<\/a><\/strong> pour des \u00e9changes sur <em>\u00ab\u00a0D\u00e9fis climatiques, sociaux et d\u00e9mocratiques : une seule solution, le service public ?<\/em>\u00a0\u00bb Journ\u00e9e ouverte \u00e0 tous agent-es de la Fonction Publique et aux citoyens l&rsquo;apr\u00e8s-midi. Inscription (obligatoire pour la jauge de la salle et le buffet, offert, \u00e0 midi) <a href=\"https:\/\/www.grenoble.fr\/3160-le-printemps-des-services-publics.htm\" data-type=\"link\" data-id=\"https:\/\/www.grenoble.fr\/3160-le-printemps-des-services-publics.htm\">l\u00e0<\/a>. Venez discuter, faire part de votre exp\u00e9rience et de vos attentes et id\u00e9es pour renforcer le service public !<\/p>\n","protected":false},"excerpt":{"rendered":"<p>Le 30 mai 2024, la Ville de Grenoble accueille le Collectif Nos services publics pour des \u00e9changes sur \u00ab\u00a0D\u00e9fis climatiques, sociaux et d\u00e9mocratiques : une seule solution, le service public ?\u00a0\u00bb Journ\u00e9e ouverte \u00e0 tous agent-es de la Fonction Publique et aux citoyens l&rsquo;apr\u00e8s-midi. Inscription (obligatoire pour la jauge de la salle et le buffet, [&hellip;]<\/p>\n","protected":false},"author":1,"featured_media":0,"comment_status":"closed","ping_status":"open","sticky":false,"template":"","format":"standard","meta":{"twitterCardType":"","cardImageID":0,"cardImage":"","cardTitle":"","cardDesc":"","cardImageAlt":"","cardPlayer":"","cardPlayerWidth":0,"cardPlayerHeight":0,"cardPlayerStream":"","cardPlayerCodec":"","footnotes":""},"categories":[62,11],"tags":[125],"class_list":["post-23256","post","type-post","status-publish","format-standard","hentry","category-le-rouge-le-vert-hebdo","category-politique-locale","tag-agenda"],"_links":{"self":[{"href":"https:\/\/www.ades-grenoble.org\/wordpress\/wp-json\/wp\/v2\/posts\/23256","targetHints":{"allow":["GET"]}}],"collection":[{"href":"https:\/\/www.ades-grenoble.org\/wordpress\/wp-json\/wp\/v2\/posts"}],"about":[{"href":"https:\/\/www.ades-grenoble.org\/wordpress\/wp-json\/wp\/v2\/types\/post"}],"author":[{"embeddable":true,"href":"https:\/\/www.ades-grenoble.org\/wordpress\/wp-json\/wp\/v2\/users\/1"}],"replies":[{"embeddable":true,"href":"https:\/\/www.ades-grenoble.org\/wordpress\/wp-json\/wp\/v2\/comments?post=23256"}],"version-history":[{"count":2,"href":"https:\/\/www.ades-grenoble.org\/wordpress\/wp-json\/wp\/v2\/posts\/23256\/revisions"}],"predecessor-version":[{"id":23258,"href":"https:\/\/www.ades-grenoble.org\/wordpress\/wp-json\/wp\/v2\/posts\/23256\/revisions\/23258"}],"wp:attachment":[{"href":"https:\/\/www.ades-grenoble.org\/wordpress\/wp-json\/wp\/v2\/media?parent=23256"}],"wp:term":[{"taxonomy":"category","embeddable":true,"href":"https:\/\/www.ades-grenoble.org\/wordpress\/wp-json\/wp\/v2\/categories?post=23256"},{"taxonomy":"post_tag","embeddable":true,"href":"https:\/\/www.ades-grenoble.org\/wordpress\/wp-json\/wp\/v2\/tags?post=23256"}],"curies":[{"name":"wp","href":"https:\/\/api.w.org\/{rel}","templated":true}]}}