{"id":23262,"date":"2024-05-31T13:46:41","date_gmt":"2024-05-31T11:46:41","guid":{"rendered":"https:\/\/www.ades-grenoble.org\/wordpress\/?p=23262"},"modified":"2024-05-31T13:46:41","modified_gmt":"2024-05-31T11:46:41","slug":"diverses-actualites-171","status":"publish","type":"post","link":"https:\/\/www.ades-grenoble.org\/wordpress\/2024\/05\/31\/diverses-actualites-171\/","title":{"rendered":"Diverses actualit\u00e9s"},"content":{"rendered":"<div class=\"wp-block-image is-style-default\">\n<figure class=\"alignleft size-full\"><img loading=\"lazy\" decoding=\"async\" width=\"400\" height=\"222\" src=\"https:\/\/www.ades-grenoble.org\/wordpress\/wp-content\/uploads\/2020\/11\/crieur.jpg\" alt=\"\" class=\"wp-image-18106\" srcset=\"https:\/\/www.ades-grenoble.org\/wordpress\/wp-content\/uploads\/2020\/11\/crieur.jpg 400w, https:\/\/www.ades-grenoble.org\/wordpress\/wp-content\/uploads\/2020\/11\/crieur-150x83.jpg 150w, https:\/\/www.ades-grenoble.org\/wordpress\/wp-content\/uploads\/2020\/11\/crieur-300x167.jpg 300w\" sizes=\"auto, (max-width: 400px) 100vw, 400px\" \/><\/figure>\n<\/div>\n\n\n<p><strong>Ne pas manquer la <a href=\"https:\/\/www.gremag.fr\/article\/943\/20-colloque-la-revolution-au-feminin.htm\" data-type=\"link\" data-id=\"https:\/\/www.gremag.fr\/article\/943\/20-colloque-la-revolution-au-feminin.htm\">Journ\u00e9e du Matrimoine le 14 juin 2024 \u00e0 Grenoble<\/a><\/strong>. De 8h \u00e0 12h et de 14h \u00e0 18h, \u00e0 l\u2019auditorium du Mus\u00e9e de Grenoble &#8211; 5 place Lavalette. Le journal Gremag introduit cette journ\u00e9e et publie 2 articles passionnants sur le r\u00f4le des Grenobloises dans notre histoire locale. L&rsquo;historienne Cl. Coulomb et l&rsquo;historien JL Kastler y font part de leurs d\u00e9couvertes et analyses pertinentes.<\/p>\n\n\n\n<hr class=\"wp-block-separator has-alpha-channel-opacity\"\/>\n\n\n\n<p><strong>Le Mois de la Fra\u00eecheur. <\/strong>Organis\u00e9 par La M\u00e9tro<strong>\u00a0v<\/strong>isites guid\u00e9es, balades, ateliers, espaces fra\u00eecheur&#8230; En juin, la M\u00e9tropole vous fait d\u00e9couvrir des solutions efficaces contre les fortes chaleurs et des espaces et bons gestes pour se rafra\u00eechir : c&rsquo;est <a href=\"https:\/\/www.grenoblealpesmetropole.fr\/860-le-mois-de-la-fraicheur.htm#par8559\" data-type=\"link\" data-id=\"https:\/\/www.grenoblealpesmetropole.fr\/860-le-mois-de-la-fraicheur.htm#par8559\">le Mois de la Fra\u00eecheur<\/a>.<\/p>\n\n\n\n<hr class=\"wp-block-separator has-alpha-channel-opacity\"\/>\n\n\n\n<p><strong>\u00a0Les locations de courte dur\u00e9e dans l&rsquo;offre touristique de Grenoble-Alpes M\u00e9tropole. <\/strong>Ce premier bilan des locations courte dur\u00e9e dans la m\u00e9tropole grenobloise (plus concentr\u00e9es dans la ville centre) montre une certaine compl\u00e9mentarit\u00e9 entre les locations courte dur\u00e9e (plut\u00f4t estivales) et l\u2019h\u00f4tellerie traditionnelle dont l\u2019activit\u00e9, associ\u00e9e au tourisme d\u2019affaire, est plus r\u00e9guli\u00e8re (septembre \u00e0 juin). <a href=\"https:\/\/basedoc.aurg.fr\/dyn\/portal\/index.xhtml?page=alo&amp;aloId=13218&amp;espaceId=50\" data-type=\"link\" data-id=\"https:\/\/basedoc.aurg.fr\/dyn\/portal\/index.xhtml?page=alo&amp;aloId=13218&amp;espaceId=50\">Les donn\u00e9es 2021<\/a> semblent d\u00e9montrer que le march\u00e9 des locations de courte dur\u00e9e est plut\u00f4t associ\u00e9 au tourisme d\u2019agr\u00e9ment, avec une hausse globale des nuit\u00e9es marchandes, encourageante. Cependant son \u00e9volution doit \u00eatre suivie de pr\u00e8s pour \u00e9viter les d\u00e9rives connues dans d\u2019autres m\u00e9tropoles.<\/p>\n\n\n\n<!--more-->\n\n\n\n<hr class=\"wp-block-separator has-alpha-channel-opacity\"\/>\n\n\n\n<p><strong><a href=\"https:\/\/www.fondation-abbe-pierre.fr\/sites\/default\/files\/2024-05\/Synthe%CC%80se%20SRU.VDEF__0.pdf\" data-type=\"link\" data-id=\"https:\/\/www.fondation-abbe-pierre.fr\/sites\/default\/files\/2024-05\/Synthe%CC%80se%20SRU.VDEF__0.pdf\">Les communes face \u00e0 la loi SRU<\/a>\u00a0: entre contraintes r\u00e9elles et manque de volont\u00e9 politique. <\/strong>Comment expliquer les performances in\u00e9gales des communes concernant le respect des objectifs SRU ? Les difficult\u00e9s auxquelles les \u00e9lus des communes d\u00e9ficitaires en terme de construction de logements font face sont-elles objectives ou de simples pr\u00e9textes ? Quels outils op\u00e9rationnels peuvent y r\u00e9pondre ? Jusqu\u2019\u00e0 quel point les difficult\u00e9s rencontr\u00e9es par les communes pour construire du logement social sont-elles surmontables quand elles s\u2019en donnent les moyens ? Comment distinguer les communes confront\u00e9es \u00e0 de r\u00e9elles difficult\u00e9s dans l\u2019application de la loi SRU de celles dont les \u00e9lus font preuve d\u2019un manque de volont\u00e9 politique pour construire des logements sociaux ?<\/p>\n\n\n\n<hr class=\"wp-block-separator has-alpha-channel-opacity\"\/>\n\n\n\n<p><strong><a href=\"https:\/\/www.laquadrature.net\/2024\/05\/22\/le-reglement-ia-adopte-la-fuite-en-avant-techno-solutionniste-peut-se-poursuivre\/\" data-type=\"link\" data-id=\"https:\/\/www.laquadrature.net\/2024\/05\/22\/le-reglement-ia-adopte-la-fuite-en-avant-techno-solutionniste-peut-se-poursuivre\/\">Le r\u00e8glement IA adopt\u00e9, la fuite en avant techno-solutionniste peut se poursuivre<\/a>. <\/strong>R\u00e9unis au sein du Conseil de l\u2019Union europ\u00e9enne, les \u00c9tats-membres ont adopt\u00e9 le <a href=\"https:\/\/data.consilium.europa.eu\/doc\/document\/PE-24-2024-INIT\/fr\/pdf\">r\u00e8glement IA<\/a>, d\u00e9di\u00e9 \u00e0 la r\u00e9gulation des syst\u00e8mes d\u2019Intelligence Artificielle. Cette \u00e9tape marque l\u2019adoption d\u00e9finitive de cet \u00e9difice l\u00e9gislatif en discussion depuis 2021, et pr\u00e9sent\u00e9 au d\u00e9part comme un instrument de protection des droits et libert\u00e9s face au rouleau compresseur de l\u2019IA. \u00c0 l\u2019arriv\u00e9e, loin des promesses initiales et des commentaires emphatiques, ce texte est taill\u00e9 sur mesure pour l\u2019industrie de la tech, les polices europ\u00e9ennes et autres grandes bureaucraties d\u00e9sireuses d\u2019automatiser le contr\u00f4le social. Largement fond\u00e9 sur l\u2019auto-r\u00e9gulation, bard\u00e9 de d\u00e9rogations, il s\u2019av\u00e8re totalement incapable de faire obstacle aux d\u00e9g\u00e2ts sociaux, politiques et environnementaux li\u00e9s \u00e0 la prolif\u00e9ration de l\u2019IA.<\/p>\n\n\n\n<hr class=\"wp-block-separator has-alpha-channel-opacity\"\/>\n\n\n\n<p><strong>La Contr\u00f4leure g\u00e9n\u00e9rale des lieux de privation de libert\u00e9 (CGLPL) publie <a href=\"https:\/\/www.cglpl.fr\/2024\/publication-du-rapport-dactivite-2023\/\" data-type=\"link\" data-id=\"https:\/\/www.cglpl.fr\/2024\/publication-du-rapport-dactivite-2023\/\">son rapport d\u2019activit\u00e9 pour 2023<\/a>. <\/strong>Le pr\u00e9sent rapport, nourri des nombreuses visites du CGLPL (2\u00a0120 depuis 2008) et des courriers qui lui sont adress\u00e9s (pr\u00e8s de 3\u00a0000 par an), s\u2019ouvre sur une pr\u00e9sentation des principaux constats du CGLPL pour chaque lieu de privation de libert\u00e9 relevant de sa comp\u00e9tence\u00a0: prisons, \u00e9tablissements de sant\u00e9 mentale, centres et locaux de r\u00e9tention administrative, centres \u00e9ducatifs ferm\u00e9s et locaux de garde \u00e0 vue.Il se poursuit par la mise en perspective des avis, recommandations et rapports publics adress\u00e9s par le contr\u00f4le g\u00e9n\u00e9ral au Gouvernement en 2023. Le CGLPL continue son travail de suivi de ses recommandations, g\u00e9n\u00e9rales ou formul\u00e9es \u00e0 l\u2019issue des visites d\u2019\u00e9tablissements, et pr\u00e9sente les suites donn\u00e9es par les pouvoirs publics \u00e0 l\u2019ensemble des recommandations exprim\u00e9es en 2020. Un chapitre est \u00e9galement consacr\u00e9 \u00e0 l\u2019analyse des probl\u00e9matiques trait\u00e9es dans le cadre des saisines adress\u00e9es \u00e0 l\u2019institution.Sont ensuite d\u00e9velopp\u00e9s le bilan de l\u2019activit\u00e9 du CGLPL en 2023 ainsi que des donn\u00e9es statistiques actualis\u00e9es sur la privation de libert\u00e9 en France. Enfin, des t\u00e9moignages, \u00e9crits et photographiques, en illustrent concr\u00e8tement les d\u00e9veloppements.<\/p>\n\n\n\n<hr class=\"wp-block-separator has-alpha-channel-opacity\"\/>\n\n\n\n<p><strong>La d\u00e9linquance des mineurs diminue dans la soci\u00e9t\u00e9 fran\u00e7aise<\/strong>. La d\u00e9linquance des mineurs ne cesse de diminuer en France depuis plus de dix ans, selon les <a href=\"https:\/\/www.observationsociete.fr\/articlesanscateg\/la-delinquance-des-mineurs-diminue-dans-la-societe-francaise\/#note-9125-1\" data-type=\"link\" data-id=\"https:\/\/www.observationsociete.fr\/articlesanscateg\/la-delinquance-des-mineurs-diminue-dans-la-societe-francaise\/#note-9125-1\">donn\u00e9es du minist\u00e8re de l\u2019Int\u00e9rieur sur les auteurs d\u2019infractions<\/a>. Tous types d\u2019actes confondus, du vol \u00e0 la tire \u00e0 l\u2019homicide, le nombre de mineurs mis en cause par les services de police et de gendarmerie \u00e9tait pass\u00e9 de 100\u00a0000 par an au d\u00e9but des ann\u00e9es 1990 \u00e0 200\u00a0000 \u00e0 la fin des ann\u00e9es 2000. Mais au cours des dix derni\u00e8res ann\u00e9es, le chiffre a fortement diminu\u00e9 pour revenir \u00e0 121\u00a0000 en 2023. Quant \u00e0 la part des d\u00e9lits commis par les mineurs, rapport\u00e9e \u00e0 l\u2019ensemble des d\u00e9lits commis, elle n\u2019a quasiment jamais cess\u00e9 de diminuer, de 22 % au plus haut en 1998 \u00e0 12 % en 2023.<\/p>\n\n\n\n<hr class=\"wp-block-separator has-alpha-channel-opacity\"\/>\n\n\n\n<p><strong>Au premier trimestre 2024, la baisse des prix des logements anciens se poursuit (\u20111,6\u00a0%)\u00a0<a href=\"https:\/\/www.insee.fr\/fr\/statistiques\/8190571\" data-type=\"link\" data-id=\"https:\/\/www.insee.fr\/fr\/statistiques\/8190571\">Indices Notaires-Insee des prix des logements anciens &#8211; premier trimestre 2024<\/a>. <\/strong>Au premier trimestre 2024, le \u00a0prix d\u2019acquisition des logements anciens en France (hors Mayotte) diminue de nouveau \u00a0: \u20111,6\u00a0% (donn\u00e9es provisoires corrig\u00e9es des variations saisonni\u00e8res), apr\u00e8s \u20111,8\u00a0% au quatri\u00e8me trimestre 2023 et \u20111,1\u00a0% au troisi\u00e8me trimestre 2023.<strong> <\/strong>Sur un an, le prix des logements anciens baisse pour le troisi\u00e8me trimestre cons\u00e9cutif\u00a0: \u20115,2\u00a0% au premier trimestre 2024, apr\u00e8s \u20113,9\u00a0% au quatri\u00e8me trimestre 2023 et \u20111,8\u00a0% au troisi\u00e8me trimestre 2023. Les prix diminuent de 5,5\u00a0% pour les appartements et de 4,9\u00a0% pour les maisons. Ces diff\u00e9rentes donn\u00e9es seront \u00e0 surveiller car elles rendent probl\u00e9matiques les mutations, les propri\u00e9taires modestes craignant de vendre \u00e0 perte le fruit immobilier de leur \u00e9pargne, et les jeunes m\u00e9nages n\u2019en profitant gu\u00e8re \u00e0 cause de l\u2019augmentation des taux de cr\u00e9dit.<\/p>\n","protected":false},"excerpt":{"rendered":"<p>Ne pas manquer la Journ\u00e9e du Matrimoine le 14 juin 2024 \u00e0 Grenoble. De 8h \u00e0 12h et de 14h \u00e0 18h, \u00e0 l\u2019auditorium du Mus\u00e9e de Grenoble &#8211; 5 place Lavalette. Le journal Gremag introduit cette journ\u00e9e et publie 2 articles passionnants sur le r\u00f4le des Grenobloises dans notre histoire locale. L&rsquo;historienne Cl. Coulomb [&hellip;]<\/p>\n","protected":false},"author":1,"featured_media":0,"comment_status":"closed","ping_status":"open","sticky":false,"template":"","format":"standard","meta":{"twitterCardType":"","cardImageID":0,"cardImage":"","cardTitle":"","cardDesc":"","cardImageAlt":"","cardPlayer":"","cardPlayerWidth":0,"cardPlayerHeight":0,"cardPlayerStream":"","cardPlayerCodec":"","footnotes":""},"categories":[62,11],"tags":[223,42,66,32,99],"class_list":["post-23262","post","type-post","status-publish","format-standard","hentry","category-le-rouge-le-vert-hebdo","category-politique-locale","tag-climat","tag-droits-des-femmes","tag-logement","tag-metro","tag-sante"],"_links":{"self":[{"href":"https:\/\/www.ades-grenoble.org\/wordpress\/wp-json\/wp\/v2\/posts\/23262","targetHints":{"allow":["GET"]}}],"collection":[{"href":"https:\/\/www.ades-grenoble.org\/wordpress\/wp-json\/wp\/v2\/posts"}],"about":[{"href":"https:\/\/www.ades-grenoble.org\/wordpress\/wp-json\/wp\/v2\/types\/post"}],"author":[{"embeddable":true,"href":"https:\/\/www.ades-grenoble.org\/wordpress\/wp-json\/wp\/v2\/users\/1"}],"replies":[{"embeddable":true,"href":"https:\/\/www.ades-grenoble.org\/wordpress\/wp-json\/wp\/v2\/comments?post=23262"}],"version-history":[{"count":1,"href":"https:\/\/www.ades-grenoble.org\/wordpress\/wp-json\/wp\/v2\/posts\/23262\/revisions"}],"predecessor-version":[{"id":23263,"href":"https:\/\/www.ades-grenoble.org\/wordpress\/wp-json\/wp\/v2\/posts\/23262\/revisions\/23263"}],"wp:attachment":[{"href":"https:\/\/www.ades-grenoble.org\/wordpress\/wp-json\/wp\/v2\/media?parent=23262"}],"wp:term":[{"taxonomy":"category","embeddable":true,"href":"https:\/\/www.ades-grenoble.org\/wordpress\/wp-json\/wp\/v2\/categories?post=23262"},{"taxonomy":"post_tag","embeddable":true,"href":"https:\/\/www.ades-grenoble.org\/wordpress\/wp-json\/wp\/v2\/tags?post=23262"}],"curies":[{"name":"wp","href":"https:\/\/api.w.org\/{rel}","templated":true}]}}