{"id":23290,"date":"2024-06-07T17:33:26","date_gmt":"2024-06-07T15:33:26","guid":{"rendered":"https:\/\/www.ades-grenoble.org\/wordpress\/?p=23290"},"modified":"2024-06-07T17:33:26","modified_gmt":"2024-06-07T15:33:26","slug":"diverses-actualites-172","status":"publish","type":"post","link":"https:\/\/www.ades-grenoble.org\/wordpress\/2024\/06\/07\/diverses-actualites-172\/","title":{"rendered":"Diverses actualit\u00e9s"},"content":{"rendered":"<div class=\"wp-block-image is-style-default\">\n<figure class=\"alignleft size-full\"><img loading=\"lazy\" decoding=\"async\" width=\"400\" height=\"222\" src=\"https:\/\/www.ades-grenoble.org\/wordpress\/wp-content\/uploads\/2020\/11\/crieur.jpg\" alt=\"\" class=\"wp-image-18106\" srcset=\"https:\/\/www.ades-grenoble.org\/wordpress\/wp-content\/uploads\/2020\/11\/crieur.jpg 400w, https:\/\/www.ades-grenoble.org\/wordpress\/wp-content\/uploads\/2020\/11\/crieur-150x83.jpg 150w, https:\/\/www.ades-grenoble.org\/wordpress\/wp-content\/uploads\/2020\/11\/crieur-300x167.jpg 300w\" sizes=\"auto, (max-width: 400px) 100vw, 400px\" \/><\/figure>\n<\/div>\n\n\n<p><strong>Projections d\u00e9mographiques \u00e0 horizon 2040 par l\u2019AURG. <\/strong>A partir d\u2019un mod\u00e8le national appel\u00e9 \u00ab\u00a0Omphale \u00bb, <a href=\"https:\/\/www.obsy.fr\/_files\/ugd\/c935a0_3761fdcdbff843a89b2ef278d6f16347.pdf\" data-type=\"link\" data-id=\"https:\/\/www.obsy.fr\/_files\/ugd\/c935a0_3761fdcdbff843a89b2ef278d6f16347.pdf\">l\u2019Agence d\u2019urbanisme de la r\u00e9gion grenobloise (AURG) a calcul\u00e9 des projections d\u00e9mographiques pour l\u2019Is\u00e8re et les 3 intercommunalit\u00e9s de l\u2019Y grenoblois<\/a>. En continuit\u00e9 des derniers recensements une stabilit\u00e9 d\u00e9mographique est attendue, ainsi que la poursuite du vieillissement de la population. A l\u2019horizon 2040, les trois intercommunalit\u00e9s de l\u2019Y grenoblois continueraient \u00e0 gagner des habitants, cependant, leur rythme de progression aurait tendance \u00e0 s\u2019infl\u00e9chir. Selon le sc\u00e9nario central de l\u2019Insee, la croissance d\u00e9mographique des 20 prochaines ann\u00e9es serait en moyenne de 0,1% par an pour Grenoble-Alpes M\u00e9tropole (contre 0,3 % par an entre 1999 et 2020), de 0,3 % pour le Pays Voironnais (contre 0,6 % par an entre 1999 et 2020) et de 0,4 % par an pour Le Gr\u00e9sivaudan (contre 0,8 % par an entre 1999 et 2020).<\/p>\n\n\n\n<hr class=\"wp-block-separator has-alpha-channel-opacity\"\/>\n\n\n\n<p><strong>Plan de mobilit\u00e9 du SMMAG : un travail multi-\u00e9chelles pour coller \u00e0 la r\u00e9alit\u00e9 des usages. <\/strong>Cr\u00e9\u00e9 par la loi LOM, le Plan de mobilit\u00e9 (PDM), remplace le Plan de d\u00e9placements urbains (PDU). Le Syndicat mixte des mobilit\u00e9s de l\u2019aire grenobloise (SMMAG) a sollicit\u00e9 l\u2019AURG pour un accompagnement renforc\u00e9 allant du diagnostic \u00e0 l&rsquo;animation, en passant par le suivi de l&rsquo;\u00e9valuation environnementale. Afin de prendre en compte au mieux la r\u00e9alit\u00e9 des interactions et des usages entre territoires, le SMMAG a souhait\u00e9 \u00e9tendre l\u2019\u00e9chelle d\u2019analyse du diagnostic r\u00e9alis\u00e9 par l\u2019AURG, \u00e0 l\u2019\u00e9chelle du grand territoire de l\u2019aire grenobloise (11 intercommunalit\u00e9s). <a href=\"https:\/\/www.aurg.fr\/article\/496\/2205-plan-de-mobilite-du-smmag-un-travail-multi-echelles-pour-coller-a-la-realite-des-usages.htm\" data-type=\"link\" data-id=\"https:\/\/www.aurg.fr\/article\/496\/2205-plan-de-mobilite-du-smmag-un-travail-multi-echelles-pour-coller-a-la-realite-des-usages.htm\">Le diagnostic strat\u00e9gique r\u00e9alis\u00e9 par l\u2019Agence \u00e0 l&rsquo;\u00e9chelle de l\u2019aire grenobloise<\/a>, mettant en avant les d\u00e9fis des transitions ainsi que les dynamiques socio-\u00e9conomiques et les principaux flux qui caract\u00e9risent le territoire. L\u2019Agence poursuivra son accompagnement en 2024, ann\u00e9e de l\u2019\u00e9valuation des sc\u00e9narios de strat\u00e9gie avant la r\u00e9daction de la strat\u00e9gie retenue. Le plan d\u2019action devra \u00eatre \u00e9labor\u00e9 dans le courant de l\u2019ann\u00e9e et sera suivi d\u2019une concertation r\u00e9glementaire. <\/p>\n\n\n\n<hr class=\"wp-block-separator has-alpha-channel-opacity\"\/>\n\n\n\n<p><strong><a href=\"https:\/\/inegalites.fr\/Le-handicap-expose-a-la-pauvrete-et-aux-bas-niveaux-de-vie\" data-type=\"link\" data-id=\"https:\/\/inegalites.fr\/Le-handicap-expose-a-la-pauvrete-et-aux-bas-niveaux-de-vie\">Le handicap expose \u00e0 la pauvret\u00e9 et aux bas niveaux de vie<\/a><\/strong>. 50% des personnes handicap\u00e9es ont un niveau de vie inf\u00e9rieur \u00e0 1 512 euros par mois, soit 300 euros de moins que le niveau de vie m\u00e9dian des personnes valides. 19,5\u00a0% des adultes handicap\u00e9s vivent sous le seuil de pauvret\u00e9. Le taux de pauvret\u00e9 des personnes handicap\u00e9es atteint presque 20\u00a0% (au seuil de pauvret\u00e9 de 60\u00a0% du niveau de vie m\u00e9dian, donn\u00e9e 2019 du minist\u00e8re des Solidarit\u00e9s), chiffre tr\u00e8s sup\u00e9rieur \u00e0 celui des personnes valides (12,8\u00a0%). Au total, pr\u00e8s de 840 000 personnes handicap\u00e9es sont pauvres.<\/p>\n\n\n\n<!--more-->\n\n\n\n<hr class=\"wp-block-separator has-alpha-channel-opacity\"\/>\n\n\n\n<p><strong>Renforcer le financement des associations : une urgence d\u00e9mocratique. <\/strong><a href=\"https:\/\/www.lecese.fr\/actualites\/renforcer-le-financement-des-associations-une-urgence-democratique-le-cese-adopte-lavis\" data-type=\"link\" data-id=\"https:\/\/www.lecese.fr\/actualites\/renforcer-le-financement-des-associations-une-urgence-democratique-le-cese-adopte-lavis\">Un avis du CESE (Conseil \u00e9conomique, social et environnemental) lance l\u2019alerte sur le financement des associations<\/a> et appelle \u00e0 une mobilisation globale en faveur du monde associatif. Il propose des solutions concr\u00e8tes et partag\u00e9es pour prot\u00e9ger la p\u00e9rennit\u00e9 du secteur. \u00a0Il faut imaginer un monde sans associations pour comprendre combien leur apport \u00e0 la solidarit\u00e9, \u00e0 l\u2019\u00e9conomie, \u00e0 la soci\u00e9t\u00e9, \u00e0 la d\u00e9mocratie et \u00e0 l\u2019\u00e9ducation citoyenne est consid\u00e9rable. Il appelle \u00e0 donner au monde associatif les garanties d\u2019un financement p\u00e9renne, en passant prioritairement par la subvention et il y a urgence \u00e0 agir.<\/p>\n\n\n\n<hr class=\"wp-block-separator has-alpha-channel-opacity\"\/>\n\n\n\n<p><strong>25 propositions pour changer le mod\u00e8le de financement des services d\u2019eau et d\u2019assainissement. <\/strong><a href=\"https:\/\/www.intercommunalites.fr\/actualite\/25-propositions-pour-changer-le-modele-de-financement-des-services-deau-et-dassainissement\/\" data-type=\"link\" data-id=\"https:\/\/www.intercommunalites.fr\/actualite\/25-propositions-pour-changer-le-modele-de-financement-des-services-deau-et-dassainissement\/\">Un communiqu\u00e9 commun d\u2019Intercommunalit\u00e9s de France, de la FNCCR et de la FP2E<\/a> dresse le constat d\u2019un mod\u00e8le de financement des services d\u2019eau et d\u2019assainissement \u00e0 bout de souffle. La sobri\u00e9t\u00e9 hydrique et le renforcement de la r\u00e9glementation conduisent les collectivit\u00e9s \u00e0 faire face \u00e0 un v\u00e9ritable mur d\u2019investissements.<\/p>\n\n\n\n<hr class=\"wp-block-separator has-alpha-channel-opacity\"\/>\n\n\n\n<p><strong><a href=\"https:\/\/www.conseil-constitutionnel.fr\/decision\/2024\/20241094QPC.htm\" data-type=\"link\" data-id=\"https:\/\/www.conseil-constitutionnel.fr\/decision\/2024\/20241094QPC.htm\">Le conseil constitutionnel \u00e9tant les modulations des indemnit\u00e9s d\u2019\u00e9lu aux collectivit\u00e9s de moins de 50\u00a0000 habitants<\/a>. <\/strong>Les articles L. 2123-24-2 et L. 5211-12-2 du CGCT permettaient aux communes et EPCI de plus de 50\u00a0000 habitants de pouvoir moduler les indemnit\u00e9s. \u00a0<em>\u00ab\u00a0Dans des conditions fix\u00e9es par leur r\u00e8glement int\u00e9rieur, le montant des indemnit\u00e9s de fonction que le conseil municipal des communes de 50 000 habitants et plus alloue \u00e0 ses membres peut \u00eatre modul\u00e9 en fonction de leur participation effective aux s\u00e9ances pl\u00e9ni\u00e8res et aux r\u00e9unions des commissions dont ils sont membres. La r\u00e9duction \u00e9ventuelle de ce montant ne peut d\u00e9passer, pour chacun des membres, la moiti\u00e9 de l&rsquo;indemnit\u00e9 pouvant lui \u00eatre allou\u00e9e.\u00a0\u00bb<\/em><\/p>\n","protected":false},"excerpt":{"rendered":"<p>Projections d\u00e9mographiques \u00e0 horizon 2040 par l\u2019AURG. A partir d\u2019un mod\u00e8le national appel\u00e9 \u00ab\u00a0Omphale \u00bb, l\u2019Agence d\u2019urbanisme de la r\u00e9gion grenobloise (AURG) a calcul\u00e9 des projections d\u00e9mographiques pour l\u2019Is\u00e8re et les 3 intercommunalit\u00e9s de l\u2019Y grenoblois. En continuit\u00e9 des derniers recensements une stabilit\u00e9 d\u00e9mographique est attendue, ainsi que la poursuite du vieillissement de la population. [&hellip;]<\/p>\n","protected":false},"author":1,"featured_media":0,"comment_status":"closed","ping_status":"open","sticky":false,"template":"","format":"standard","meta":{"twitterCardType":"","cardImageID":0,"cardImage":"","cardTitle":"","cardDesc":"","cardImageAlt":"","cardPlayer":"","cardPlayerWidth":0,"cardPlayerHeight":0,"cardPlayerStream":"","cardPlayerCodec":"","footnotes":""},"categories":[62,11],"tags":[37,161,5,138,225],"class_list":["post-23290","post","type-post","status-publish","format-standard","hentry","category-le-rouge-le-vert-hebdo","category-politique-locale","tag-associations","tag-demographie","tag-deplacements","tag-finances","tag-handicap"],"_links":{"self":[{"href":"https:\/\/www.ades-grenoble.org\/wordpress\/wp-json\/wp\/v2\/posts\/23290","targetHints":{"allow":["GET"]}}],"collection":[{"href":"https:\/\/www.ades-grenoble.org\/wordpress\/wp-json\/wp\/v2\/posts"}],"about":[{"href":"https:\/\/www.ades-grenoble.org\/wordpress\/wp-json\/wp\/v2\/types\/post"}],"author":[{"embeddable":true,"href":"https:\/\/www.ades-grenoble.org\/wordpress\/wp-json\/wp\/v2\/users\/1"}],"replies":[{"embeddable":true,"href":"https:\/\/www.ades-grenoble.org\/wordpress\/wp-json\/wp\/v2\/comments?post=23290"}],"version-history":[{"count":1,"href":"https:\/\/www.ades-grenoble.org\/wordpress\/wp-json\/wp\/v2\/posts\/23290\/revisions"}],"predecessor-version":[{"id":23291,"href":"https:\/\/www.ades-grenoble.org\/wordpress\/wp-json\/wp\/v2\/posts\/23290\/revisions\/23291"}],"wp:attachment":[{"href":"https:\/\/www.ades-grenoble.org\/wordpress\/wp-json\/wp\/v2\/media?parent=23290"}],"wp:term":[{"taxonomy":"category","embeddable":true,"href":"https:\/\/www.ades-grenoble.org\/wordpress\/wp-json\/wp\/v2\/categories?post=23290"},{"taxonomy":"post_tag","embeddable":true,"href":"https:\/\/www.ades-grenoble.org\/wordpress\/wp-json\/wp\/v2\/tags?post=23290"}],"curies":[{"name":"wp","href":"https:\/\/api.w.org\/{rel}","templated":true}]}}