{"id":23295,"date":"2024-06-07T17:33:38","date_gmt":"2024-06-07T15:33:38","guid":{"rendered":"https:\/\/www.ades-grenoble.org\/wordpress\/?p=23295"},"modified":"2024-06-07T17:33:38","modified_gmt":"2024-06-07T15:33:38","slug":"des-consultations-metropolitaines-en-cours","status":"publish","type":"post","link":"https:\/\/www.ades-grenoble.org\/wordpress\/2024\/06\/07\/des-consultations-metropolitaines-en-cours\/","title":{"rendered":"Des consultations m\u00e9tropolitaines en cours&#8230;"},"content":{"rendered":"<div class=\"wp-block-image is-style-default\">\n<figure class=\"alignleft size-full\"><img loading=\"lazy\" decoding=\"async\" width=\"563\" height=\"167\" src=\"https:\/\/www.ades-grenoble.org\/wordpress\/wp-content\/uploads\/2017\/02\/MetropoleParticipation.jpg\" alt=\"\" class=\"wp-image-12570\" srcset=\"https:\/\/www.ades-grenoble.org\/wordpress\/wp-content\/uploads\/2017\/02\/MetropoleParticipation.jpg 563w, https:\/\/www.ades-grenoble.org\/wordpress\/wp-content\/uploads\/2017\/02\/MetropoleParticipation-150x44.jpg 150w, https:\/\/www.ades-grenoble.org\/wordpress\/wp-content\/uploads\/2017\/02\/MetropoleParticipation-300x89.jpg 300w\" sizes=\"auto, (max-width: 563px) 100vw, 563px\" \/><\/figure>\n<\/div>\n\n\n<p>Le Plan Local d\u2019Urbanisme intercommunal doit r\u00e9guli\u00e8rement \u00e9voluer pour corriger de nombreux d\u00e9fauts et s\u2019adapter aux nouvelles exigences impos\u00e9es par des lois, les plus importantes \u00e9tant celles qui imposent la ZAN et la prise en compte de la biodiversit\u00e9.<\/p>\n\n\n\n<p>Dans l\u2019imm\u00e9diat, deux concertations sont men\u00e9es sur l\u2019\u00e9volution du Plan Local d\u2019Urbanisme Intercommunal (PLUI)&nbsp;: la modification n\u00b04 et la r\u00e9vision all\u00e9g\u00e9e n\u00b01, qui se terminent le 30 juin 2024.<\/p>\n\n\n\n<p>La modification n\u00b04 du PLUI concerne sp\u00e9cifiquement la commune de Sassenage et la modification all\u00e9g\u00e9e concerne une \u00e9volution de prise en compte des risques inondation du Drac. Elles seront suivies d\u2019enqu\u00eates publiques en 2025.<\/p>\n\n\n\n<!--more-->\n\n\n\n<p><a href=\"https:\/\/metropoleparticipative.fr\/participation\/43441\/32-espace-participatif.htm\" data-type=\"link\" data-id=\"https:\/\/metropoleparticipative.fr\/participation\/43441\/32-espace-participatif.htm\">Une enqu\u00eate publique qui se termine le 21 juin 2024<\/a>, porte sur le projet de cr\u00e9ation du p\u00e9rim\u00e8tre de protection et de mise en valeur des espaces agricoles et naturels p\u00e9riurbains (PAEN) des communes de Fontaine, Seyssinet-Pariset, Seyssins, Claix, Varces-Alli\u00e8res-et-Risset, Vif, Saint-Paul-de-Varces, Le Gua et Miribel-Lanch\u00e2tre (Rive gauche du Drac sur le territoire de Grenoble Alpes M\u00e9tropole)<\/p>\n\n\n\n<p><a href=\"https:\/\/metropoleparticipative.fr\/participation\/43420\/32-espace-participatif.htm?access=1&amp;tab=43934\" data-type=\"link\" data-id=\"https:\/\/metropoleparticipative.fr\/participation\/43420\/32-espace-participatif.htm?access=1&amp;tab=43934\">La modification n\u00b04 du PLUI<\/a> vise \u00e0 : reclasser en zone agricole la zone \u00e0 urbaniser des Portes du Vercors ; mettre en place de nouveaux outils de mixit\u00e9 sociale pour permettre \u00e0 la commune d\u2019atteindre ses objectifs en termes de logements sociaux ; faciliter un nouveau projet d\u2019am\u00e9nagement, en ouvrant \u00e0 l\u2019urbanisation la zone AU \u00ab des C\u00f4tes amont \u00bb.<\/p>\n\n\n\n<p><a href=\"https:\/\/metropoleparticipative.fr\/participation\/43421\/32-espace-participatif.htm\" data-type=\"link\" data-id=\"https:\/\/metropoleparticipative.fr\/participation\/43421\/32-espace-participatif.htm\">La r\u00e9vision all\u00e9g\u00e9e n\u00b01 du PLUI<\/a>, permet de prendre en compte les risques inondation du Drac. En 2023, l\u2019\u00c9tat a approuv\u00e9 un Plan de Pr\u00e9vention des Risques Inondation du Drac (PPRI Drac aval) qui fixe les r\u00e8gles g\u00e9n\u00e9rales d\u2019am\u00e9nagement dans les zones identifi\u00e9es comme inondables. Cette servitude d\u2019utilit\u00e9 publique a \u00e9t\u00e9 annex\u00e9e au PLUI par la mise \u00e0 jour n\u00b0 5 du 28 Juillet 2023. Le PLUI comportant un r\u00e8glement (\u00e9crit et graphique) des risques du Drac, il convient de le faire \u00e9voluer cette nouvelle connaissance du risque et les nouvelles possibilit\u00e9s de construction, dans l\u2019objectif de garantir la s\u00e9curit\u00e9 des biens et des personnes.<\/p>\n","protected":false},"excerpt":{"rendered":"<p>Le Plan Local d\u2019Urbanisme intercommunal doit r\u00e9guli\u00e8rement \u00e9voluer pour corriger de nombreux d\u00e9fauts et s\u2019adapter aux nouvelles exigences impos\u00e9es par des lois, les plus importantes \u00e9tant celles qui imposent la ZAN et la prise en compte de la biodiversit\u00e9. Dans l\u2019imm\u00e9diat, deux concertations sont men\u00e9es sur l\u2019\u00e9volution du Plan Local d\u2019Urbanisme Intercommunal (PLUI)&nbsp;: la modification [&hellip;]<\/p>\n","protected":false},"author":1,"featured_media":0,"comment_status":"closed","ping_status":"open","sticky":false,"template":"","format":"standard","meta":{"twitterCardType":"","cardImageID":0,"cardImage":"","cardTitle":"","cardDesc":"","cardImageAlt":"","cardPlayer":"","cardPlayerWidth":0,"cardPlayerHeight":0,"cardPlayerStream":"","cardPlayerCodec":"","footnotes":""},"categories":[62,11],"tags":[35,39,280],"class_list":["post-23295","post","type-post","status-publish","format-standard","hentry","category-le-rouge-le-vert-hebdo","category-politique-locale","tag-democratie-locale","tag-enquetes-publiques","tag-metropole"],"_links":{"self":[{"href":"https:\/\/www.ades-grenoble.org\/wordpress\/wp-json\/wp\/v2\/posts\/23295","targetHints":{"allow":["GET"]}}],"collection":[{"href":"https:\/\/www.ades-grenoble.org\/wordpress\/wp-json\/wp\/v2\/posts"}],"about":[{"href":"https:\/\/www.ades-grenoble.org\/wordpress\/wp-json\/wp\/v2\/types\/post"}],"author":[{"embeddable":true,"href":"https:\/\/www.ades-grenoble.org\/wordpress\/wp-json\/wp\/v2\/users\/1"}],"replies":[{"embeddable":true,"href":"https:\/\/www.ades-grenoble.org\/wordpress\/wp-json\/wp\/v2\/comments?post=23295"}],"version-history":[{"count":1,"href":"https:\/\/www.ades-grenoble.org\/wordpress\/wp-json\/wp\/v2\/posts\/23295\/revisions"}],"predecessor-version":[{"id":23296,"href":"https:\/\/www.ades-grenoble.org\/wordpress\/wp-json\/wp\/v2\/posts\/23295\/revisions\/23296"}],"wp:attachment":[{"href":"https:\/\/www.ades-grenoble.org\/wordpress\/wp-json\/wp\/v2\/media?parent=23295"}],"wp:term":[{"taxonomy":"category","embeddable":true,"href":"https:\/\/www.ades-grenoble.org\/wordpress\/wp-json\/wp\/v2\/categories?post=23295"},{"taxonomy":"post_tag","embeddable":true,"href":"https:\/\/www.ades-grenoble.org\/wordpress\/wp-json\/wp\/v2\/tags?post=23295"}],"curies":[{"name":"wp","href":"https:\/\/api.w.org\/{rel}","templated":true}]}}