{"id":23365,"date":"2024-06-21T11:14:26","date_gmt":"2024-06-21T09:14:26","guid":{"rendered":"https:\/\/www.ades-grenoble.org\/wordpress\/?p=23365"},"modified":"2024-06-21T11:14:26","modified_gmt":"2024-06-21T09:14:26","slug":"un-plan-daction-contre-les-canicules-a-grenoble-pour-cet-ete","status":"publish","type":"post","link":"https:\/\/www.ades-grenoble.org\/wordpress\/2024\/06\/21\/un-plan-daction-contre-les-canicules-a-grenoble-pour-cet-ete\/","title":{"rendered":"Un plan d\u2019action contre les canicules \u00e0 Grenoble pour cet \u00e9t\u00e9"},"content":{"rendered":"<div class=\"wp-block-image is-style-default\">\n<figure class=\"alignleft size-full\"><img loading=\"lazy\" decoding=\"async\" width=\"380\" height=\"253\" src=\"https:\/\/www.ades-grenoble.org\/wordpress\/wp-content\/uploads\/2024\/06\/jet-deau.jpg\" alt=\"\" class=\"wp-image-23366\" srcset=\"https:\/\/www.ades-grenoble.org\/wordpress\/wp-content\/uploads\/2024\/06\/jet-deau.jpg 380w, https:\/\/www.ades-grenoble.org\/wordpress\/wp-content\/uploads\/2024\/06\/jet-deau-300x200.jpg 300w, https:\/\/www.ades-grenoble.org\/wordpress\/wp-content\/uploads\/2024\/06\/jet-deau-150x100.jpg 150w\" sizes=\"auto, (max-width: 380px) 100vw, 380px\" \/><\/figure>\n<\/div>\n\n\n<p>Comme tous les ans, la Ville a pr\u00e9par\u00e9 <a href=\"https:\/\/www.grenobleencommun.fr\/le-front-de-fraicheur-est-arrive-a-grenoble\/\" data-type=\"link\" data-id=\"https:\/\/www.grenobleencommun.fr\/le-front-de-fraicheur-est-arrive-a-grenoble\/\">un plan d\u2019action afin de garantir au mieux la sant\u00e9 et le bien-vivre de ses habitant-es face aux fortes chaleurs qui s\u2019annoncent<\/a>. V\u00e9g\u00e9talisations, fontaines et \u00eelots de fra\u00eecheur, \u2026<\/p>\n\n\n\n<p><strong>Le plan canicule de Grenoble : la sant\u00e9 pour toutes et tous<\/strong><strong><\/strong><\/p>\n\n\n\n<p>Depuis 2018, la Ville et le CCAS \u0153uvrent pour le bien vivre des Grenoblois-es et davantage pour les plus vuln\u00e9rables. Des mesures de s\u00e9curit\u00e9 sont prises\u00a0pour aider les Grenoblois-es \u00e0 mieux vivre les p\u00e9riodes de fortes chaleurs. Comme ces p\u00e9riodes s\u2019accompagnent souvent de pics de pollution, la Ville a r\u00e9uni les conseils et bons gestes \u00e0 adopter sur\u00a0<a href=\"https:\/\/www.grenoble.fr\/1174-dispositif-prefectoral-en-cas-de-pic-de-pollution.htm\">son site<\/a>, avec des conseils personnalis\u00e9s par publics cibles (scolaires, sportifs et sportives, a\u00een\u00e9-es\u2026). Pour pr\u00e9venir les risques li\u00e9s aux UV, les infirmi\u00e8res de pr\u00e9vention de la Ville proposent des ateliers aux agent-es travaillant avec des enfants pour promouvoir les mesures de protection et informer sur les risques pour la sant\u00e9. Un focus sur les a\u00een\u00e9-es, cat\u00e9gorie plus fragile face aux canicules, est \u00e9galement fait via un registre communal nominatif qui permet de prendre des nouvelles des personnes en situation de fragilit\u00e9 (environ 400 inscrit-es). Les personnes en grande pr\u00e9carit\u00e9 sont elles aussi accompagn\u00e9es par le CCAS notamment. Et la Ville n\u2019oublie pas ses agent-es pour qui elle adapte les conditions de travail, ainsi que les animaux avec une communication sp\u00e9ciale !<\/p>\n\n\n\n<!--more-->\n\n\n\n<p><strong>Carte des points de fra\u00eecheur : l\u2019acc\u00e8s \u00e0 l\u2019eau et la fra\u00eecheur pour toutes et tous \u00e0 Grenoble !<\/strong><\/p>\n\n\n\n<p>La Ville de Grenoble a \u00e9dit\u00e9 une carte des lieux frais, avec les parcs et jardins, les points d\u2019eau, les sanitaires\u2026 Bref tous les espaces o\u00f9 trouver de l\u2019eau et de la fra\u00eecheur en ville. Il est \u00e9galement mis \u00e0 disposition dans les espaces publics des brumisateurs fixes et mobiles et des jeux d\u2019eau en plus des fontaines partout dans la Ville. La ville propose par ailleurs une s\u00e9lection d\u2019activit\u00e9s en montagne accessibles en transport en commun, et propose, tous les samedis matin, des bus \u00e0 destination de sites montagnards non desservis par les transports. Un itin\u00e9raire est \u00e9galement propos\u00e9 pour se rendre sur ces lieux, ainsi que le mode de d\u00e9placement et le temps de trajet (service propos\u00e9 par La Turbine.coop dans le cadre du&nbsp;<a href=\"https:\/\/grenoble.civiclab.eu\/\">Grenoble CivicLab<\/a>).<\/p>\n\n\n\n<p>De plus, apr\u00e8s les biblioth\u00e8ques 100% gratuites depuis 2019, les mus\u00e9es municipaux (Mus\u00e9e de Grenoble, Mus\u00e9um et Mus\u00e9e Stendhal) sont \u00e9galement gratuits pour tous-tes les Grenoblois-es depuis mai 2024. Ces espaces climatis\u00e9s peuvent accueillir les personnes en recherche de lieux frais pendant les fortes chaleurs, peut-\u00eatre pour eux l\u2019occasion de pousser la porte de ces lieux. Les piscines municipales Jean Bron et les Dauphins sont \u00e9galement ouvertes \u00e0 la baignade pour toutes et tous, et la p\u00e9riode d\u2019ouverture a \u00e9t\u00e9 \u00e9largie cette ann\u00e9e (ouverture du 15 juin au 1er septembre), avec des matinales et des nocturnes<s> <\/s>suppl\u00e9mentaires \u00e0 Jean Bron.<\/p>\n\n\n\n<p><strong>Les plans de r\u00e9novation : adapter le Grenoble de demain !<\/strong><\/p>\n\n\n\n<p>La Ville s\u2019engage sur le long terme pour lutter contre les fortes chaleurs et leurs cons\u00e9quences. Le projet d\u2019\u00e9coquartier populaire de Villeneuve en est une d\u00e9monstration ! Depuis 2014, la nouvelle majorit\u00e9 a repris le projet de renouvellement urbain, portant en partie sur la r\u00e9novation thermique des logements. Cela permet \u00e0 de nouveaux habitats de b\u00e9n\u00e9ficier d\u2019une meilleure temp\u00e9rature ambiante en cas de forte chaleur mais \u00e9galement de baisser les factures \u00e9nerg\u00e9tiques. En plus des logements, les espaces publics b\u00e9n\u00e9ficient \u00e9galement de projets de r\u00e9novation. \u00c0 l\u2019horizon 2027, le&nbsp;<a href=\"https:\/\/www.grenobleencommun.fr\/le-vrai-du-faux-un-lac-baignable-ouvert-a-toutes-et-tous-a-la-villeneuve\/\">lac au c\u0153ur de la Villeneuve<\/a>, parc Jean-Verlhac, sera r\u00e9habilit\u00e9 pour la baignade estivale et gratuite gr\u00e2ce \u00e0 un syst\u00e8me de filtration naturelle.<\/p>\n\n\n\n<p>Par ailleurs Grenoble m\u00e8ne des projets d\u2019am\u00e9nagement sur tout le territoire, pour mieux l\u2019adapter aux enjeux climatiques et sociaux. Ainsi la d\u00e9min\u00e9ralisation des sols et la v\u00e9g\u00e9talisation sont de mise partout o\u00f9 c\u2019est possible\u00a0: plantation d\u2019arbres et v\u00e9g\u00e9talisation de l\u2019espace public le long des voiries, des pistes cyclables et des trottoirs, sur les parkings (parvis du Lyc\u00e9e Louise Michel, parking Malifaud) et m\u00eame sur les toitures et fa\u00e7ades du patrimoine municipal. Lors des travaux d\u2019entretiens de voiries, syst\u00e9matiquement d\u00e9sormais les places de stationnement sont d\u00e9min\u00e9ralis\u00e9es et des arbres plant\u00e9s l\u00e0 o\u00f9 c\u2019est possible.<\/p>\n","protected":false},"excerpt":{"rendered":"<p>Comme tous les ans, la Ville a pr\u00e9par\u00e9 un plan d\u2019action afin de garantir au mieux la sant\u00e9 et le bien-vivre de ses habitant-es face aux fortes chaleurs qui s\u2019annoncent. V\u00e9g\u00e9talisations, fontaines et \u00eelots de fra\u00eecheur, \u2026 Le plan canicule de Grenoble : la sant\u00e9 pour toutes et tous Depuis 2018, la Ville et le [&hellip;]<\/p>\n","protected":false},"author":1,"featured_media":0,"comment_status":"closed","ping_status":"open","sticky":false,"template":"","format":"standard","meta":{"twitterCardType":"","cardImageID":0,"cardImage":"","cardTitle":"","cardDesc":"","cardImageAlt":"","cardPlayer":"","cardPlayerWidth":0,"cardPlayerHeight":0,"cardPlayerStream":"","cardPlayerCodec":"","footnotes":""},"categories":[62,11],"tags":[223,333,99],"class_list":["post-23365","post","type-post","status-publish","format-standard","hentry","category-le-rouge-le-vert-hebdo","category-politique-locale","tag-climat","tag-grenoble-en-commun","tag-sante"],"_links":{"self":[{"href":"https:\/\/www.ades-grenoble.org\/wordpress\/wp-json\/wp\/v2\/posts\/23365","targetHints":{"allow":["GET"]}}],"collection":[{"href":"https:\/\/www.ades-grenoble.org\/wordpress\/wp-json\/wp\/v2\/posts"}],"about":[{"href":"https:\/\/www.ades-grenoble.org\/wordpress\/wp-json\/wp\/v2\/types\/post"}],"author":[{"embeddable":true,"href":"https:\/\/www.ades-grenoble.org\/wordpress\/wp-json\/wp\/v2\/users\/1"}],"replies":[{"embeddable":true,"href":"https:\/\/www.ades-grenoble.org\/wordpress\/wp-json\/wp\/v2\/comments?post=23365"}],"version-history":[{"count":1,"href":"https:\/\/www.ades-grenoble.org\/wordpress\/wp-json\/wp\/v2\/posts\/23365\/revisions"}],"predecessor-version":[{"id":23367,"href":"https:\/\/www.ades-grenoble.org\/wordpress\/wp-json\/wp\/v2\/posts\/23365\/revisions\/23367"}],"wp:attachment":[{"href":"https:\/\/www.ades-grenoble.org\/wordpress\/wp-json\/wp\/v2\/media?parent=23365"}],"wp:term":[{"taxonomy":"category","embeddable":true,"href":"https:\/\/www.ades-grenoble.org\/wordpress\/wp-json\/wp\/v2\/categories?post=23365"},{"taxonomy":"post_tag","embeddable":true,"href":"https:\/\/www.ades-grenoble.org\/wordpress\/wp-json\/wp\/v2\/tags?post=23365"}],"curies":[{"name":"wp","href":"https:\/\/api.w.org\/{rel}","templated":true}]}}