{"id":23370,"date":"2024-06-21T11:14:45","date_gmt":"2024-06-21T09:14:45","guid":{"rendered":"https:\/\/www.ades-grenoble.org\/wordpress\/?p=23370"},"modified":"2024-06-21T11:14:45","modified_gmt":"2024-06-21T09:14:45","slug":"les-avertissements-polonais-de-la-derive-fasciste","status":"publish","type":"post","link":"https:\/\/www.ades-grenoble.org\/wordpress\/2024\/06\/21\/les-avertissements-polonais-de-la-derive-fasciste\/","title":{"rendered":"Les avertissements polonais de la d\u00e9rive fasciste"},"content":{"rendered":"<div class=\"wp-block-image is-style-default\">\n<figure class=\"alignleft size-full\"><img loading=\"lazy\" decoding=\"async\" width=\"380\" height=\"341\" src=\"https:\/\/www.ades-grenoble.org\/wordpress\/wp-content\/uploads\/2024\/06\/Drapeau-Pologne.jpg\" alt=\"\" class=\"wp-image-23371\" srcset=\"https:\/\/www.ades-grenoble.org\/wordpress\/wp-content\/uploads\/2024\/06\/Drapeau-Pologne.jpg 380w, https:\/\/www.ades-grenoble.org\/wordpress\/wp-content\/uploads\/2024\/06\/Drapeau-Pologne-300x269.jpg 300w, https:\/\/www.ades-grenoble.org\/wordpress\/wp-content\/uploads\/2024\/06\/Drapeau-Pologne-150x135.jpg 150w\" sizes=\"auto, (max-width: 380px) 100vw, 380px\" \/><\/figure>\n<\/div>\n\n\n<p>Nous avons demand\u00e9 \u00e0 un franco-polonais de l\u2019Is\u00e8re d\u2019expliquer quels enseignements nous fournissent ce qui s\u2019est pass\u00e9 en Pologne ces derni\u00e8res ann\u00e9es pour nous \u00e9clairer sur ce qui peut se reproduire ici et maintenant, suite \u00e0 cette subite dissolution de l\u2019Assembl\u00e9e nationale.<\/p>\n\n\n\n<p><em>La d\u00e9rive fasciste n\u2019a jamais \u00e9t\u00e9 aussi proche en France. A une semaine du scrutin d\u00e9cisif pour la composition de l\u2019Assembl\u00e9e Nationale en France, il para\u00eet judicieux de regarder de pr\u00e8s le cas polonais o\u00f9 le gouvernement de Droit et Justice a men\u00e9 pendant 8 ans des politiques qui inspirent le Rassemblement National. Une sorte d\u2019avertissement pour \u00e9viter de sombrer dans le pire en s\u2019appuyant sur les 2 textes<\/em><a href=\"#_ftn1\" id=\"_ftnref1\"><em><strong>[1]<\/strong><\/em><\/a><em> qui sont d\u2019une criante actualit\u00e9. <\/em><em><\/em><\/p>\n\n\n\n<p>Depuis plusieurs mois la Pologne est \u00e0 nouveau gouvern\u00e9e par les forces d\u00e9mocratiques et progressistes. Or, les d\u00e9g\u00e2ts laiss\u00e9s par les 2 mandats des ultra-conservateurs de PiS (Droit et justice) restent importants surtout en ce qui concerne l\u2019\u00e9tat de droit et ses fondements construits laborieusement depuis 1989. La victoire de l\u2019opposition pro-europ\u00e9enne et pro-d\u00e9mocratique \u00e0 l\u2019automne 2023 n\u2019a pas effac\u00e9 pourtant les causes de l\u2019arriv\u00e9e au pouvoir du parti de Kaczynski.<\/p>\n\n\n\n<!--more-->\n\n\n\n<p>Comme aux Etats-Unis, la d\u00e9faite de Trump n\u2019a pas fait dispara\u00eetre le trumpisme\u2026 car le PiS n\u2019est pas arriv\u00e9 au pouvoir par hasard. Son ascension s\u2019inscrit dans le sch\u00e9ma d\u00e9crit par Jason Stanley dans \u00ab\u00a0Les ressorts du fascisme\u00a0\u00bb. L\u2019ouvrage largement inspir\u00e9 par le parti de Kaczynski et qui para\u00eet plus que d\u2019actualit\u00e9 \u00e0 une semaine d\u2019\u00e9lections d\u00e9cisives pour le destin fran\u00e7ais.<\/p>\n\n\n\n<p>Le Droit et la Justice de Jaros\u0142aw Kaczy\u0144ski y est cit\u00e9 aux c\u00f4t\u00e9s du parti Fidesz de Viktor Orb\u00e1n et de Donald Trump. Les actions du gouvernement PiS servent \u00e0 l\u2019auteur pour illustrer \u00e0 la fois la pathologie du pouvoir et presque toutes les m\u00e9thodes d\u00e9crites par Stanley, par lesquelles les fascistes ont acc\u00e9d\u00e9 au pouvoir et continuent de le faire.<\/p>\n\n\n\n<p>Stanley d\u00e9crit en d\u00e9tail comment, \u00e9tape par \u00e9tape, les fascistes ont transform\u00e9 la d\u00e9mocratie en dictature. Sa description s\u2019inscrit dans une comparaison aux r\u00e9alit\u00e9s contemporaines et il s\u2019av\u00e8re que l\u2019histoire se r\u00e9p\u00e8te. Selon Stanley <em>\u00ab&nbsp;la politique fasciste repose sur plusieurs strat\u00e9gies distinctes&nbsp;: la r\u00e9f\u00e9rence \u00e0 un pass\u00e9 mythique, la propagande, l\u2019anti-intellectualisme, la d\u00e9molition de notre compr\u00e9hension partag\u00e9e de la r\u00e9alit\u00e9, la d\u00e9fense d\u2019une vision hi\u00e9rarchis\u00e9e de la soci\u00e9t\u00e9, l\u2019adoption d\u2019une posture victimaire, la politique s\u00e9curitaire, l\u2019exploitation du sentiment d\u2019ins\u00e9curit\u00e9 sexuelle, l\u2019invocation des valeurs de la ruralit\u00e9, ainsi que le d\u00e9mant\u00e8lement du service public qui conduit \u00e0 la perte du sens de la solidarit\u00e9 sociale&nbsp;\u00bb. (p.24-25)&nbsp;&nbsp;<\/em><\/p>\n\n\n\n<p>En vue de la situation politique fran\u00e7aise de ces derni\u00e8res ann\u00e9es c\u2019est r\u00e9cit est presque gla\u00e7ant et une question s\u2019impose. Combien de ces \u00e9tapes ont d\u00e9j\u00e0 \u00e9t\u00e9 franchies en France&nbsp;? Quand on observe ne serait-ce que l\u2019\u00e9tat de d\u00e9labrement des services publics, la \u00ab&nbsp;croisade anti-woke&nbsp;\u00bb contre l\u2019universit\u00e9 ou l\u2019id\u00e9e de la privatisation des m\u00e9dias publics avec un risque majeur de les remettre au grand capital \u00e0 l\u2019instar de m\u00e9dias Bollor\u00e9 sans parler de la loi immigration\u2026 et tout cela avant m\u00eame que le RN n\u2019acc\u00e8de au pouvoir&nbsp;! Les propos r\u00e9cents de Fran\u00e7ois Hollande en soutien du Front Populaire et au sujet d\u2019Emmanuel Macron sont tr\u00e8s lucides \u00e0 ce titre&nbsp;: la majorit\u00e9 pr\u00e9sidentielle au lieu d\u2019\u00eatre un rempart a \u00e9t\u00e9 le tremplin pour les id\u00e9es du RN.<\/p>\n\n\n\n<p><strong>La chronique d\u2019une catastrophe annonc\u00e9e<\/strong><\/p>\n\n\n\n<p>Revenons alors au cas polonais. Comme \u00e9crit Stanley \u00ab&nbsp;<em>les plus grands dangers que fait courir la politique fasciste r\u00e9sultent de sa tendance caract\u00e9ristique \u00e0 d\u00e9shumaniser des segments entiers de la population. En stigmatisant certains groupes, elle diminue la capacit\u00e9 des autres citoyens \u00e0 approuver la moindre empathie envers leurs membres, justifiant ainsi des traitements inhumains \u00e0 leur encontre<\/em> (\u2026)&nbsp;\u00bb (p.25)<\/p>\n\n\n\n<p>C\u2019est exactement dans le contexte de la crise migratoire ou plut\u00f4t de la crise de l\u2019hospitalit\u00e9 de l\u2019Union Europ\u00e9enne que Kaczynski bouscule les sondages. Tout en profitant de ce contexte et en s\u2019appuyant sur la rh\u00e9torique digne des ann\u00e9es 1930, en octobre 2015, le parti nationaliste et conservateur Droit et Justice (PIS) avec 37,5 % des voix a obtenu 51 % des si\u00e8ges au Parlement. Apr\u00e8s huit ans pass\u00e9s dans l\u2019opposition, il peut enfin gouverner seul.<\/p>\n\n\n\n<p>Pour gagner les \u00e9lections, le PiS s\u2019empare d\u2019une strat\u00e9gie populiste d\u00e9complex\u00e9e en promettant de r\u00e9parer une R\u00e9publique gangren\u00e9e par des \u00ab&nbsp;\u00e9lites&nbsp;\u00bb. Il cible les \u00ab&nbsp;riches&nbsp;\u00bb et les \u00ab&nbsp;dipl\u00f4m\u00e9es&nbsp;\u00bb souvent associ\u00e9s aux \u00ab&nbsp;traitres&nbsp;\u00bb impliqu\u00e9s dans les n\u00e9gociations avec les communistes autour de la Table Ronde de 1989.<\/p>\n\n\n\n<p>L\u2019id\u00e9e est donc de refonder la IVe R\u00e9publique polonaise dont le sujet souverain serait d\u00e9sormais la Nation tout en r\u00e9habilitant les oubli\u00e9s de la transition apr\u00e8s 1989 qui ont pay\u00e9 le prix fort des changements \u00e9conomiques en se retrouvant ensuite sans emploi, sans protection sociale, sans \u00c9tat protecteur, condamn\u00e9s \u00e0 vivre en marge de la modernisation avec l\u2019entre-aide et l\u2019\u00c9glise comme seuls recours.<\/p>\n\n\n\n<p>Mais le terreau politique est labour\u00e9 par Kaczynski bien avant 2015. Son fr\u00e8re jumeaux, Lech, alors le Pr\u00e9sident de la R\u00e9publique polonaise perit dans l\u2019accident de l\u2019avion \u00e0 Smolensk en Russie le 10 avril 2010. Cet \u00e9v\u00e8nement constitue une sorte de moment fondateur pour redonner de l\u2019\u00e9lan au mouvement politique de Kaczynski.<\/p>\n\n\n\n<p>Comme l\u2019\u00e9crit Ewa Bogalska-Martin&nbsp;: \u00ab&nbsp;<em>Le trait de g\u00e9nie du PiS a \u00e9t\u00e9 de s\u2019emparer de la catastrophe de 2010, d\u2019instituer des pratiques de deuil permanent et de construire le r\u00e9cit et le programme politique d\u2019un n\u00e9cessaire r\u00e8glement de comptes avec le pass\u00e9. Il passe par un changement de Constitution, punition de collaborateurs du communisme, contr\u00f4le de m\u00e9dias l\u2019imposition d\u2019une morale nationale&nbsp;\u00bb. <\/em>Ainsi les marches sont organis\u00e9es mensuellement \u00e0 Varsovie pour comm\u00e9morer la catastrophe de l\u2019avion a Smolensk.<\/p>\n\n\n\n<p>Tout y est m\u00e9lang\u00e9&nbsp;: des slogans x\u00e9nophobes, homophobes et antis\u00e9mites, les id\u00e9es complotistes et surtout le mythe de la grandeur de la Pologne martyre. Un discours qui s\u2019impose dans l\u2019espace public et qui galvanise pendant plusieurs ann\u00e9es les oubli\u00e9s de la transformation polonaise et les citoyens de la Pologne \u00ab&nbsp;p\u00e9riph\u00e9rique&nbsp;\u00bb. Selon Ewa Bogalska-Martin&nbsp;: \u00ab&nbsp;<em>dop\u00e9s par des ann\u00e9es de ritualisation des nouveaux martyrs polonais morts \u00e0 Smolensk, les manifestants exprimaient des sentiments anti-communistes et anti-lib\u00e9raux. Il est difficile de les qualifier de droite ou de gauche. Ils sont contre&nbsp;\u00bb<\/em>.<\/p>\n\n\n\n<p>C\u2019est sur cette base de r\u00e9\u00e9criture de l\u2019histoire, des r\u00e9f\u00e9rences \u00e0 un pass\u00e9 mythique et surtout en absence des politiques redistributives dignes d\u2019un \u00c9tat providence, la mesure phare du PiS a \u00e9t\u00e9 de distribuer 500 zlotys \u00e0 chaque enfant sans condition de revenus.<\/p>\n\n\n\n<p>Or il s\u2019av\u00e8rera vite qu\u2019il s\u2019est agi d\u2019un choix entre pain et libert\u00e9 car le Droit et Justice commence le d\u00e9mant\u00e8lement de l\u2019\u00c9tat de droits par plusieurs mesures qui paralysent le fonctionnement du Tribunal Constitutionnel pour s\u2019attaquer en suite au domaine de la justice. Le bricolage autour des institutions d\u00e9mocratiques et de l\u2019\u00e9tat de droit a ouvert la voie pour s\u2019attaquer ensuite aux libert\u00e9s fondamentales comme des droits de femmes ou des minorit\u00e9s LGBTI, la mainmise id\u00e9ologique sur l\u2019\u00e9cole publique et l\u2019accaparement des m\u00e9dias pour les transformer en un tube de propagande naus\u00e9abonde digne de la novlangue d\u2019avant 1989.&nbsp;&nbsp;&nbsp;<\/p>\n\n\n\n<p>Le syst\u00e8me PiS s\u2019est install\u00e9 bien confortablement pendant 8 ans. Le Droit et Justice a remport\u00e9 les \u00e9lections \u00e0 diff\u00e9rentes \u00e9chelles six fois de suite entre 2015 et 2023. Le parti de Kaczy\u0144ski n&rsquo;a m\u00eame pas \u00e9t\u00e9 \u00ab&nbsp;inqui\u00e9t\u00e9&nbsp;\u00bb en dissimulant la p\u00e9dophilie dans l&rsquo;\u00c9glise et souvent \u00ab&nbsp;sauv\u00e9&nbsp;\u00bb par l&rsquo;\u00e9lectorat traditionnaliste. Le socle de son l\u2019\u00e9lectorat n\u2019a pas boug\u00e9 en 2023 malgr\u00e9 de nombreux scandales de corruption et la victoire a \u00e9t\u00e9 possible gr\u00e2ce \u00e0 une sursaut des ind\u00e9cis et de celles et ceux qui ne votent pas habituellement. La Pologne peut enfin souffler.<\/p>\n\n\n\n<p><strong>Le fascisme arrive en silence<\/strong><\/p>\n\n\n\n<p>Au-del\u00e0 du contexte d\u2019un langage populiste le parti de Kaczynski est arriv\u00e9 au pouvoir en Pologne avec un subterfuge&nbsp;: la promesse de la normalisation. A la limite, pro-europ\u00e9en, cachant les figures les plus controvers\u00e9ss de son parti et surtout avec un discours d\u00e9fendant des valeurs nationales voire m\u00eame d\u00e9mocratiques. Or, c\u2019\u00e9tait une supercherie. La suite est bien connue.<\/p>\n\n\n\n<p>Jason Stanley pr\u00e9conise de ne pas penser imm\u00e9diatement \u00e0 l&rsquo;Holocauste ou aux statistiques des personnes tu\u00e9es en \u00e9voquant le fascisme. C\u2019est en analysant les ressorts de l\u2019action politique et en analysant le concept lui-m\u00eame que nous pouvons observer s&rsquo;il existe des similitudes contemporaines avec les m\u00e9thodes utilis\u00e9es par Trump, Kaczy\u0144ski, Orb\u00e1n. Sa conclusion est sans \u00e9quivoque : en Hongrie et en Pologne, qui \u00e9taient il n\u2019y a pas si longtemps des d\u00e9mocraties lib\u00e9rales florissantes, nous observons une normalisation rapide du fascisme.<\/p>\n\n\n\n<p>Et pourtant, personne ne traite Kaczynski, Orb\u00e1n ou Trump de fasciste. Cyniques, populistes ou fanatiques, oui, mais fascistes ? C\u2019est pourquoi la lecture de Stanley est importante surtout aujourd\u2019hui, et notamment en France&nbsp;!<\/p>\n\n\n\n<p>Le populisme qui \u00e9tait cens\u00e9 \u00e9liminer les grandes id\u00e9ologies de la modernit\u00e9 a commenc\u00e9 \u00e0 s\u2019\u00e9paissir, puis \u00e0 s\u2019\u00e9tendre \u00e0 travers le monde, noyant les d\u00e9mocraties lib\u00e9rales. La post-politique n\u2019est devenue la nouvelle norme que pour un instant, car le nationalisme est alors revenu en force.<\/p>\n\n\n\n<p>L&rsquo;histoire du fascisme allemand ou italien est bien connue et nous l&rsquo;identifions automatiquement avec ce qu&rsquo;il y a de plus tragique&nbsp;: la Seconde Guerre mondiale et l&rsquo;Holocauste. Ne nous faisons pas d\u2019illusions : \u00e0 l\u2019\u00e9poque, il semblait aussi que le fascisme n\u2019\u00e9tait pas si grave ou qu\u2019il \u00e9tait temporaire.<\/p>\n\n\n\n<p>Une fois que nous en connaissons les cons\u00e9quences, les sources du fascisme et son cheminement vers la prise du pouvoir les choses peuvent para\u00eetre bien plus claires. Malheureusement et comme le montre le livre de Stanley ces processus n\u2019appartiennent pas au pass\u00e9.<\/p>\n\n\n\n<p>La limite de tol\u00e9rance face \u00e0 des actions de plus en plus radicales est pass\u00e9e le plus souvent inaper\u00e7ue. M\u00eame les intellectuels les plus remarquables se sont r\u00e9v\u00e9l\u00e9s na\u00effs. Cela s\u2019est produit, entre autres, parce que le fascisme a justifi\u00e9 ses actions en d\u00e9fendant les id\u00e9aux de libert\u00e9, d\u2019\u00e9galit\u00e9, de respect de la loi et de l\u2019ordre, ou encore la tradition et la v\u00e9rit\u00e9 historique sur la nation. Le parall\u00e8le avec plusieurs verrous qui ont saut\u00e9 ces derniers temps en France et le front r\u00e9publicain qui a quasiment disparu est saisissant.<\/p>\n\n\n\n<p><strong>En guise de conclusion avec un brin d\u2019espoir<\/strong><\/p>\n\n\n\n<p>Ewa Bogalska Martin&nbsp;en d\u00e9crivant la d\u00e9rive du PiS cite le sociologue espagnol Ortega Y Gasset qui en 1929, publie \u00ab La r\u00e9volte des masses \u00bb&nbsp;: \u00ab&nbsp;<em>Les masses se r\u00e9voltent, dit-il, lorsque les \u00e9lites n\u2019assument plus leur r\u00f4le de guide. Depuis plusieurs ann\u00e9es, la situation polonaise \u00e9volue dans cette direction. Les formations politiques au pouvoir depuis 1990 ont \u00e9t\u00e9 port\u00e9es par un grand r\u00e9cit, fond\u00e9 par le mythe de Solidarnosc qui a emport\u00e9 une victoire sur le communisme et permis la destruction du mur de Berlin, puis par le projet de l\u2019int\u00e9gration europ\u00e9enne. D\u00e8s lors que ce projet est r\u00e9alis\u00e9, un nouveau r\u00e9cit est difficile \u00e0 \u00e9laborer. (\u2026) La r\u00e9volte des masses incarn\u00e9e et id\u00e9ologis\u00e9e par le PIS visualise la contradiction majeure des d\u00e9mocraties occidentales dans lesquelles les activit\u00e9s l\u00e9gislatives, l\u2019affirmation des droits civiques abstraits s\u2019accompagnent d\u2019une perte de vue des gens \u00ab ordinaires \u00bb. Pire, ces derniers sont rendus coupables de leur incapacit\u00e9 \u00e0 se rendre utiles, performants et efficaces. On peut penser que cette r\u00e9volte des masses qui conduit \u00e0 une forme d\u2019autoritarisme politique et \u00e0 une dictature populiste r\u00e9sulte des \u00ab politiques de non-reconnaissance \u00bb conduites un peu partout en Europe, selon la doxa n\u00e9olib\u00e9rale. Tous les fascismes europ\u00e9ens ont commenc\u00e9 de la m\u00eame fa\u00e7on : transformation d\u2019un manque de dignit\u00e9 des masses populaires en fait politique pour retrouver la fiert\u00e9 nationale&nbsp;\u00bb<\/em>.<\/p>\n\n\n\n<p>La veille des \u00e9lections l\u00e9gislatives en France tout n\u2019est pas encore perdu&nbsp;! Une mobilisation politique in\u00e9dite qui s\u2019est traduite par la construction du Front Populaire donne de l\u2019espoir. Le devenir de l\u2019Europe se joue aujourd\u2019hui en France. C\u2019est peut-\u00eatre ici que nous sommes en train d\u2019assister (enfin) \u00e0 la naissance d\u2019une r\u00e9ponse politique \u00e0 la hauteur envers les \u00ab&nbsp;gens ordinaires&nbsp;\u00bb, les oubli\u00e9s de la R\u00e9publique et les m\u00e9pris\u00e9s par la doxa n\u00e9olib\u00e9rale.&nbsp;&nbsp;&nbsp;&nbsp; <em>Comme l\u2019a \u00e9crit Primo L\u00e9vi \u00ab chaque \u00e9poque a son propre fascisme \u00bb. Ses pr\u00e9mices en France semblent malheureusement bien install\u00e9es. Il est encore temps de choisir une autre voie pour ne pas tenter \u00ab&nbsp;d\u2019essayer&nbsp;\u00bb. Les Polonais l\u2019ont fait r\u00e9cemment en payant le prix fort.<\/em><\/p>\n\n\n\n<hr class=\"wp-block-separator has-alpha-channel-opacity\"\/>\n\n\n\n<p><a id=\"_ftn1\" href=\"#_ftnref1\">[1]<\/a> Jason STANLEY \u00ab\u00a0<em>Les ressorts du fascisme<\/em>\u00a0\u00bb, Eliott Editions, 2022 et Ewa BOGALSKA-MARTIN <a href=\"https:\/\/www.lemonde.fr\/idees\/article\/2016\/01\/04\/la-pologne-n-est-pas-a-l-abri-d-une-derive-fasciste_4841398_3232.html\" data-type=\"link\" data-id=\"https:\/\/www.lemonde.fr\/idees\/article\/2016\/01\/04\/la-pologne-n-est-pas-a-l-abri-d-une-derive-fasciste_4841398_3232.html\">\u00ab\u00a0<em>La Pologne n\u2019est pas \u00e0 l\u2019abri d\u2019une d\u00e9rive fasciste<\/em>\u00a0\u00bb<\/a>, Le Monde, 4 janvier 2016<\/p>\n","protected":false},"excerpt":{"rendered":"<p>Nous avons demand\u00e9 \u00e0 un franco-polonais de l\u2019Is\u00e8re d\u2019expliquer quels enseignements nous fournissent ce qui s\u2019est pass\u00e9 en Pologne ces derni\u00e8res ann\u00e9es pour nous \u00e9clairer sur ce qui peut se reproduire ici et maintenant, suite \u00e0 cette subite dissolution de l\u2019Assembl\u00e9e nationale. La d\u00e9rive fasciste n\u2019a jamais \u00e9t\u00e9 aussi proche en France. A une semaine [&hellip;]<\/p>\n","protected":false},"author":1,"featured_media":0,"comment_status":"closed","ping_status":"open","sticky":false,"template":"","format":"standard","meta":{"twitterCardType":"","cardImageID":0,"cardImage":"","cardTitle":"","cardDesc":"","cardImageAlt":"","cardPlayer":"","cardPlayerWidth":0,"cardPlayerHeight":0,"cardPlayerStream":"","cardPlayerCodec":"","footnotes":""},"categories":[62,11],"tags":[9,421],"class_list":["post-23370","post","type-post","status-publish","format-standard","hentry","category-le-rouge-le-vert-hebdo","category-politique-locale","tag-lutte-contre-lextreme-droite","tag-pologne"],"_links":{"self":[{"href":"https:\/\/www.ades-grenoble.org\/wordpress\/wp-json\/wp\/v2\/posts\/23370","targetHints":{"allow":["GET"]}}],"collection":[{"href":"https:\/\/www.ades-grenoble.org\/wordpress\/wp-json\/wp\/v2\/posts"}],"about":[{"href":"https:\/\/www.ades-grenoble.org\/wordpress\/wp-json\/wp\/v2\/types\/post"}],"author":[{"embeddable":true,"href":"https:\/\/www.ades-grenoble.org\/wordpress\/wp-json\/wp\/v2\/users\/1"}],"replies":[{"embeddable":true,"href":"https:\/\/www.ades-grenoble.org\/wordpress\/wp-json\/wp\/v2\/comments?post=23370"}],"version-history":[{"count":3,"href":"https:\/\/www.ades-grenoble.org\/wordpress\/wp-json\/wp\/v2\/posts\/23370\/revisions"}],"predecessor-version":[{"id":23374,"href":"https:\/\/www.ades-grenoble.org\/wordpress\/wp-json\/wp\/v2\/posts\/23370\/revisions\/23374"}],"wp:attachment":[{"href":"https:\/\/www.ades-grenoble.org\/wordpress\/wp-json\/wp\/v2\/media?parent=23370"}],"wp:term":[{"taxonomy":"category","embeddable":true,"href":"https:\/\/www.ades-grenoble.org\/wordpress\/wp-json\/wp\/v2\/categories?post=23370"},{"taxonomy":"post_tag","embeddable":true,"href":"https:\/\/www.ades-grenoble.org\/wordpress\/wp-json\/wp\/v2\/tags?post=23370"}],"curies":[{"name":"wp","href":"https:\/\/api.w.org\/{rel}","templated":true}]}}