{"id":23401,"date":"2024-06-28T08:18:15","date_gmt":"2024-06-28T06:18:15","guid":{"rendered":"https:\/\/www.ades-grenoble.org\/wordpress\/?p=23401"},"modified":"2024-06-28T08:18:15","modified_gmt":"2024-06-28T06:18:15","slug":"appel-du-nouveau-front-populaire","status":"publish","type":"post","link":"https:\/\/www.ades-grenoble.org\/wordpress\/2024\/06\/28\/appel-du-nouveau-front-populaire\/","title":{"rendered":"Appel du NOUVEAU FRONT POPULAIRE"},"content":{"rendered":"<div class=\"wp-block-image is-style-default\">\n<figure class=\"alignleft size-full\"><img loading=\"lazy\" decoding=\"async\" width=\"380\" height=\"177\" src=\"https:\/\/www.ades-grenoble.org\/wordpress\/wp-content\/uploads\/2024\/06\/NouveauFrontPopulaire-1.jpg\" alt=\"\" class=\"wp-image-23402\" srcset=\"https:\/\/www.ades-grenoble.org\/wordpress\/wp-content\/uploads\/2024\/06\/NouveauFrontPopulaire-1.jpg 380w, https:\/\/www.ades-grenoble.org\/wordpress\/wp-content\/uploads\/2024\/06\/NouveauFrontPopulaire-1-300x140.jpg 300w, https:\/\/www.ades-grenoble.org\/wordpress\/wp-content\/uploads\/2024\/06\/NouveauFrontPopulaire-1-150x70.jpg 150w\" sizes=\"auto, (max-width: 380px) 100vw, 380px\" \/><\/figure>\n<\/div>\n\n\n<p><em>Il y a dans l\u2019histoire des moments de bascule.<\/em><\/p>\n\n\n\n<p><em>Nous y sommes.<\/em><\/p>\n\n\n\n<p><em>La France est aujourd\u2019hui \u00e0 la crois\u00e9e des chemins. Les dimanches 30 juin et 7 juillet prochains, vous avez le pouvoir de tout changer !<\/em><\/p>\n\n\n\n<p><em>De votre choix d\u00e9pend notre destin commun. L\u2019avenir de nos enfants est entre vos mains.<\/em><\/p>\n\n\n\n<p><em>Nous pouvons \u00e9viter le pi\u00e8ge qui nous est tendu. Nous ne voulons plus de la politique de casse sociale et anti-\u00e9cologique d\u2019Emmanuel Macron, qui porte la responsabilit\u00e9 d\u2019avoir men\u00e9 l\u2019extr\u00eame droite aux portes du pouvoir.<\/em><\/p>\n\n\n\n<p><em>Mais, surtout, nous ne voulons pas d\u2019un danger plus grand encore. Celui du Rassemblement national et de son projet raciste et trompeur : il n\u2019est jamais du c\u00f4t\u00e9 des plus fragiles. Il fracture et affaiblit la soci\u00e9t\u00e9. Pourtant, pour la premi\u00e8re fois sous la V\u00e8me R\u00e9publique, il est possible que l\u2019extr\u00eame droite gouverne la France. Nous ne nous y r\u00e9soudrons jamais !<\/em><\/p>\n\n\n\n<!--more-->\n\n\n\n<p><em>Un autre chemin est possible : celui du Nouveau Front Populaire.<br>Nous sommes la France !&nbsp;<br>Nous sommes humanistes, fi\u00e8r\u00b7es de toutes nos origines, travailleurs, employeurs, syndicalistes, paysans, \u00e9colos, retrait\u00e9s, f\u00e9ministes, soignant\u00b7es, ouvrier\u00b7\u00e8re\u00b7s, associatifs, enseignant\u00b7e\u00b7s, artistes, pacifistes\u2026<\/em><\/p>\n\n\n\n<p><em>Vous nous l\u2019avez demand\u00e9, nous l\u2019avons fait&nbsp;: le nouveau Front populaire est n\u00e9 pour gouverner et tout changer.<\/em><\/p>\n\n\n\n<p><em>Nous nous sommes unis, au-del\u00e0 des partis politiques, autour d\u2019un programme de rupture, solide, coh\u00e9rent et juste, chiffr\u00e9 par des \u00e9conomistes et des experts :<\/em><\/p>\n\n\n\n<p><em>Pour d\u00e9fendre le pouvoir d\u2019achat et les salaires ;<\/em><\/p>\n\n\n\n<p><em>Pour des services publics partout, des outre-mer aux campagnes en passant par les quartiers populaires ;<\/em><\/p>\n\n\n\n<p><em>Pour toutes les femmes qui exigent l\u2019\u00e9galit\u00e9 et la fin des violences ;&nbsp;<\/em><\/p>\n\n\n\n<p><em>Pour d\u00e9fendre le climat et le vivant ;<\/em><\/p>\n\n\n\n<p><em>Pour toutes celles et ceux qui subissent le racisme, l\u2019antis\u00e9mitisme ou l\u2019islamophobie ;<\/em><\/p>\n\n\n\n<p><em>Pour d\u00e9fendre la R\u00e9publique face l\u2019extr\u00eame droite.<\/em><\/p>\n\n\n\n<p><em>Nous sommes le camp des victoires sociales, \u00e9cologiques, populaires et de la paix. Du progr\u00e8s et des lendemains qui chantent. Notre histoire est grande. Nous devons maintenant \u00e9crire le futur de notre pays.<\/em><\/p>\n\n\n\n<p><em>La victoire est l\u00e0. \u00c0 port\u00e9e de main. Nous sommes pr\u00eats, avec vous, \u00e0 changer le pays.<br><\/em><em>Nous sommes le nouveau front populaire et nous allons gagner.<\/em><\/p>\n","protected":false},"excerpt":{"rendered":"<p>Il y a dans l\u2019histoire des moments de bascule. Nous y sommes. La France est aujourd\u2019hui \u00e0 la crois\u00e9e des chemins. Les dimanches 30 juin et 7 juillet prochains, vous avez le pouvoir de tout changer ! De votre choix d\u00e9pend notre destin commun. L\u2019avenir de nos enfants est entre vos mains. Nous pouvons \u00e9viter [&hellip;]<\/p>\n","protected":false},"author":1,"featured_media":0,"comment_status":"closed","ping_status":"open","sticky":false,"template":"","format":"standard","meta":{"twitterCardType":"","cardImageID":0,"cardImage":"","cardTitle":"","cardDesc":"","cardImageAlt":"","cardPlayer":"","cardPlayerWidth":0,"cardPlayerHeight":0,"cardPlayerStream":"","cardPlayerCodec":"","footnotes":""},"categories":[62,11],"tags":[140,110,9],"class_list":["post-23401","post","type-post","status-publish","format-standard","hentry","category-le-rouge-le-vert-hebdo","category-politique-locale","tag-elections","tag-legislatives","tag-lutte-contre-lextreme-droite"],"_links":{"self":[{"href":"https:\/\/www.ades-grenoble.org\/wordpress\/wp-json\/wp\/v2\/posts\/23401","targetHints":{"allow":["GET"]}}],"collection":[{"href":"https:\/\/www.ades-grenoble.org\/wordpress\/wp-json\/wp\/v2\/posts"}],"about":[{"href":"https:\/\/www.ades-grenoble.org\/wordpress\/wp-json\/wp\/v2\/types\/post"}],"author":[{"embeddable":true,"href":"https:\/\/www.ades-grenoble.org\/wordpress\/wp-json\/wp\/v2\/users\/1"}],"replies":[{"embeddable":true,"href":"https:\/\/www.ades-grenoble.org\/wordpress\/wp-json\/wp\/v2\/comments?post=23401"}],"version-history":[{"count":1,"href":"https:\/\/www.ades-grenoble.org\/wordpress\/wp-json\/wp\/v2\/posts\/23401\/revisions"}],"predecessor-version":[{"id":23403,"href":"https:\/\/www.ades-grenoble.org\/wordpress\/wp-json\/wp\/v2\/posts\/23401\/revisions\/23403"}],"wp:attachment":[{"href":"https:\/\/www.ades-grenoble.org\/wordpress\/wp-json\/wp\/v2\/media?parent=23401"}],"wp:term":[{"taxonomy":"category","embeddable":true,"href":"https:\/\/www.ades-grenoble.org\/wordpress\/wp-json\/wp\/v2\/categories?post=23401"},{"taxonomy":"post_tag","embeddable":true,"href":"https:\/\/www.ades-grenoble.org\/wordpress\/wp-json\/wp\/v2\/tags?post=23401"}],"curies":[{"name":"wp","href":"https:\/\/api.w.org\/{rel}","templated":true}]}}