{"id":23429,"date":"2024-07-04T13:27:13","date_gmt":"2024-07-04T11:27:13","guid":{"rendered":"https:\/\/www.ades-grenoble.org\/wordpress\/?p=23429"},"modified":"2024-07-04T13:27:13","modified_gmt":"2024-07-04T11:27:13","slug":"elections-legislatives-2eme-tour-le-7-juillet-un-appel-de-lades","status":"publish","type":"post","link":"https:\/\/www.ades-grenoble.org\/wordpress\/2024\/07\/04\/elections-legislatives-2eme-tour-le-7-juillet-un-appel-de-lades\/","title":{"rendered":"Elections l\u00e9gislatives, 2\u00e8me tour le 7 juillet, un appel de l\u2019ADES"},"content":{"rendered":"<div class=\"wp-block-image is-style-default\">\n<figure class=\"alignleft size-full\"><img loading=\"lazy\" decoding=\"async\" width=\"293\" height=\"258\" src=\"https:\/\/www.ades-grenoble.org\/wordpress\/wp-content\/uploads\/2017\/04\/Logo-Ades-web.jpg\" alt=\"\" class=\"wp-image-12873\" srcset=\"https:\/\/www.ades-grenoble.org\/wordpress\/wp-content\/uploads\/2017\/04\/Logo-Ades-web.jpg 293w, https:\/\/www.ades-grenoble.org\/wordpress\/wp-content\/uploads\/2017\/04\/Logo-Ades-web-150x132.jpg 150w\" sizes=\"auto, (max-width: 293px) 100vw, 293px\" \/><\/figure>\n<\/div>\n\n\n<p>C\u2019est la premi\u00e8re fois que l\u2019extr\u00eame droite peut arriver au pouvoir dans notre pays par les urnes. C\u2019est pourquoi il est essentiel que tout soit fait pour ralentir cette ascension et emp\u00eacher la majorit\u00e9 absolue pour le RN.<\/p>\n\n\n\n<p>Cette situation a \u00e9t\u00e9 cr\u00e9\u00e9e par le Pr\u00e9sident de la R\u00e9publique maintenant incapable d\u2019imposer aux candidats de sa majorit\u00e9 de se retirer dans toutes les circonscriptions quand ils se retrouvent en 3\u00e8me place afin de faire barrage au RN.<\/p>\n\n\n\n<p>En Is\u00e8re, seule la premi\u00e8re circonscription sera une triangulaire, sans aucun risque de voir gagner le RN. Il est important que Hugo Pr\u00e9vost du Nouveau Front Populaire, plac\u00e9 en t\u00eate \u00e0 l\u2019issue du premier tour, gagne cette circonscription contre le candidat macroniste qui a particip\u00e9 en tant que ministre et d\u00e9put\u00e9 \u00e0 la politique qui a permis cette irruption de l\u2019extr\u00eame-droite et la destruction de nos services publics essentiels, en particulier notre syst\u00e8me de sant\u00e9. Une sanction contre le candidat macroniste sera une sanction contre Macron lui-m\u00eame.<\/p>\n\n\n\n<p>Notre entier soutien va aux candidat-es du Nouveau Front Populaire, Cyrielle Chatelain (2<sup>\u00e8me<\/sup>), Elisa Martin (3<sup>\u00e8me<\/sup>), Marie-No\u00eblle Battistel (4<sup>\u00e8me<\/sup>), J\u00e9r\u00e9mie Iordanoff (5<sup>\u00e8me<\/sup>), d\u00e9put\u00e9-es sortants ainsi qu\u2019\u00e0 Yaqine Di Spigno (6<sup>\u00e8me<\/sup>) C\u00e9cile Michel (8<sup>\u00e8me<\/sup>), Sandrine Nosb\u00e9 (9<sup>\u00e8me<\/sup>) et Joelle Richol (10<sup>\u00e8me<\/sup>) qui ont la responsabilit\u00e9 de faire barrage au RN.<\/p>\n\n\n\n<!--more-->\n\n\n\n<p>Dans la 7<sup>\u00e8me<\/sup> circonscription l\u2019ADES appelle \u00e0 voter pour Yannick Neuder seul candidat r\u00e9publicain encore en lice contre un candidat RN.<\/p>\n\n\n\n<p>Voil\u00e0 qu\u2019avec 33 % des voix, un parti va peut-\u00eatre obtenir une majorit\u00e9 de si\u00e8ges, contre l\u2019avis d\u2019une majorit\u00e9 de citoyen-nes. Il sera urgent, si le RN n\u2019a pas la majorit\u00e9 absolue, de changer de syst\u00e8me \u00e9lectoral et mettre en place une \u00e9lection \u00e0 la proportionnelle \u00e0 l\u2019Assembl\u00e9e Nationale. Cela permettrait d\u2019\u00e9loigner la prise du pouvoir de l\u2019extr\u00eame droite et d\u2019obliger \u00e0 trouver des compromis acceptables. Encore une promesse du pr\u00e9sident Macron non suivie d\u2019effets.<\/p>\n","protected":false},"excerpt":{"rendered":"<p>C\u2019est la premi\u00e8re fois que l\u2019extr\u00eame droite peut arriver au pouvoir dans notre pays par les urnes. C\u2019est pourquoi il est essentiel que tout soit fait pour ralentir cette ascension et emp\u00eacher la majorit\u00e9 absolue pour le RN. Cette situation a \u00e9t\u00e9 cr\u00e9\u00e9e par le Pr\u00e9sident de la R\u00e9publique maintenant incapable d\u2019imposer aux candidats de [&hellip;]<\/p>\n","protected":false},"author":1,"featured_media":0,"comment_status":"closed","ping_status":"open","sticky":false,"template":"","format":"standard","meta":{"twitterCardType":"","cardImageID":0,"cardImage":"","cardTitle":"","cardDesc":"","cardImageAlt":"","cardPlayer":"","cardPlayerWidth":0,"cardPlayerHeight":0,"cardPlayerStream":"","cardPlayerCodec":"","footnotes":""},"categories":[62,11],"tags":[143,140,215,288,247],"class_list":["post-23429","post","type-post","status-publish","format-standard","hentry","category-le-rouge-le-vert-hebdo","category-politique-locale","tag-ades","tag-elections","tag-grenoble","tag-isere","tag-parlement"],"_links":{"self":[{"href":"https:\/\/www.ades-grenoble.org\/wordpress\/wp-json\/wp\/v2\/posts\/23429","targetHints":{"allow":["GET"]}}],"collection":[{"href":"https:\/\/www.ades-grenoble.org\/wordpress\/wp-json\/wp\/v2\/posts"}],"about":[{"href":"https:\/\/www.ades-grenoble.org\/wordpress\/wp-json\/wp\/v2\/types\/post"}],"author":[{"embeddable":true,"href":"https:\/\/www.ades-grenoble.org\/wordpress\/wp-json\/wp\/v2\/users\/1"}],"replies":[{"embeddable":true,"href":"https:\/\/www.ades-grenoble.org\/wordpress\/wp-json\/wp\/v2\/comments?post=23429"}],"version-history":[{"count":1,"href":"https:\/\/www.ades-grenoble.org\/wordpress\/wp-json\/wp\/v2\/posts\/23429\/revisions"}],"predecessor-version":[{"id":23430,"href":"https:\/\/www.ades-grenoble.org\/wordpress\/wp-json\/wp\/v2\/posts\/23429\/revisions\/23430"}],"wp:attachment":[{"href":"https:\/\/www.ades-grenoble.org\/wordpress\/wp-json\/wp\/v2\/media?parent=23429"}],"wp:term":[{"taxonomy":"category","embeddable":true,"href":"https:\/\/www.ades-grenoble.org\/wordpress\/wp-json\/wp\/v2\/categories?post=23429"},{"taxonomy":"post_tag","embeddable":true,"href":"https:\/\/www.ades-grenoble.org\/wordpress\/wp-json\/wp\/v2\/tags?post=23429"}],"curies":[{"name":"wp","href":"https:\/\/api.w.org\/{rel}","templated":true}]}}