{"id":23466,"date":"2024-07-12T20:56:26","date_gmt":"2024-07-12T18:56:26","guid":{"rendered":"https:\/\/www.ades-grenoble.org\/wordpress\/?p=23466"},"modified":"2024-07-12T20:59:14","modified_gmt":"2024-07-12T18:59:14","slug":"14-juillet-en-fete","status":"publish","type":"post","link":"https:\/\/www.ades-grenoble.org\/wordpress\/2024\/07\/12\/14-juillet-en-fete\/","title":{"rendered":"14 juillet en f\u00eate"},"content":{"rendered":"<div class=\"wp-block-image is-style-default\">\n<figure class=\"alignleft size-full\"><img loading=\"lazy\" decoding=\"async\" width=\"380\" height=\"279\" src=\"https:\/\/www.ades-grenoble.org\/wordpress\/wp-content\/uploads\/2024\/07\/14juillet.jpg\" alt=\"\" class=\"wp-image-23467\" srcset=\"https:\/\/www.ades-grenoble.org\/wordpress\/wp-content\/uploads\/2024\/07\/14juillet.jpg 380w, https:\/\/www.ades-grenoble.org\/wordpress\/wp-content\/uploads\/2024\/07\/14juillet-300x220.jpg 300w, https:\/\/www.ades-grenoble.org\/wordpress\/wp-content\/uploads\/2024\/07\/14juillet-150x110.jpg 150w\" sizes=\"auto, (max-width: 380px) 100vw, 380px\" \/><\/figure>\n<\/div>\n\n\n<p><strong>Rappel\u00a0: Grenoble f\u00eate le 14 juillet \u00e0 la Villeneuve dans le parc Jean Verlhac.<\/strong> Voir le programme <a href=\"https:\/\/www.grenoble.fr\/uploads\/Externe\/dc\/1952_583_CP-14-juillet-2024.pdf\" data-type=\"link\" data-id=\"https:\/\/www.grenoble.fr\/uploads\/Externe\/dc\/1952_583_CP-14-juillet-2024.pdf\">ici<\/a>.<\/p>\n\n\n\n<hr class=\"wp-block-separator has-alpha-channel-opacity\"\/>\n\n\n\n<p>S<em>uite \u00e0 la lettre de Macron du 10 juillet qui entend continuer \u00e0 gouverner comme si rien ne s\u2019\u00e9tait pass\u00e9 aux \u00e9lections l\u00e9gislatives, les d\u00e9put\u00e9-es de Grenoble du Nouveau Front Populaire organisent dans le\u00a0<strong>Parc Pompidou \u00e0 Grenoble, le 14 juillet \u00e0 19 h<\/strong>\u00a0une rencontre pour \u00e9changer sur cette situation in\u00e9dite, voici ci-apr\u00e8s leur communiqu\u00e9 du 12 juillet 2024 qui est arriv\u00e9 apr\u00e8s le bouclage de notre num\u00e9ro de la semaine<\/em>.<\/p>\n","protected":false},"excerpt":{"rendered":"<p>Rappel\u00a0: Grenoble f\u00eate le 14 juillet \u00e0 la Villeneuve dans le parc Jean Verlhac. Voir le programme ici. Suite \u00e0 la lettre de Macron du 10 juillet qui entend continuer \u00e0 gouverner comme si rien ne s\u2019\u00e9tait pass\u00e9 aux \u00e9lections l\u00e9gislatives, les d\u00e9put\u00e9-es de Grenoble du Nouveau Front Populaire organisent dans le\u00a0Parc Pompidou \u00e0 Grenoble, [&hellip;]<\/p>\n","protected":false},"author":1,"featured_media":0,"comment_status":"closed","ping_status":"open","sticky":false,"template":"","format":"standard","meta":{"twitterCardType":"","cardImageID":0,"cardImage":"","cardTitle":"","cardDesc":"","cardImageAlt":"","cardPlayer":"","cardPlayerWidth":0,"cardPlayerHeight":0,"cardPlayerStream":"","cardPlayerCodec":"","footnotes":""},"categories":[62,11],"tags":[171,298],"class_list":["post-23466","post","type-post","status-publish","format-standard","hentry","category-le-rouge-le-vert-hebdo","category-politique-locale","tag-fete","tag-france"],"_links":{"self":[{"href":"https:\/\/www.ades-grenoble.org\/wordpress\/wp-json\/wp\/v2\/posts\/23466","targetHints":{"allow":["GET"]}}],"collection":[{"href":"https:\/\/www.ades-grenoble.org\/wordpress\/wp-json\/wp\/v2\/posts"}],"about":[{"href":"https:\/\/www.ades-grenoble.org\/wordpress\/wp-json\/wp\/v2\/types\/post"}],"author":[{"embeddable":true,"href":"https:\/\/www.ades-grenoble.org\/wordpress\/wp-json\/wp\/v2\/users\/1"}],"replies":[{"embeddable":true,"href":"https:\/\/www.ades-grenoble.org\/wordpress\/wp-json\/wp\/v2\/comments?post=23466"}],"version-history":[{"count":3,"href":"https:\/\/www.ades-grenoble.org\/wordpress\/wp-json\/wp\/v2\/posts\/23466\/revisions"}],"predecessor-version":[{"id":23470,"href":"https:\/\/www.ades-grenoble.org\/wordpress\/wp-json\/wp\/v2\/posts\/23466\/revisions\/23470"}],"wp:attachment":[{"href":"https:\/\/www.ades-grenoble.org\/wordpress\/wp-json\/wp\/v2\/media?parent=23466"}],"wp:term":[{"taxonomy":"category","embeddable":true,"href":"https:\/\/www.ades-grenoble.org\/wordpress\/wp-json\/wp\/v2\/categories?post=23466"},{"taxonomy":"post_tag","embeddable":true,"href":"https:\/\/www.ades-grenoble.org\/wordpress\/wp-json\/wp\/v2\/tags?post=23466"}],"curies":[{"name":"wp","href":"https:\/\/api.w.org\/{rel}","templated":true}]}}