{"id":23493,"date":"2024-08-30T12:03:40","date_gmt":"2024-08-30T10:03:40","guid":{"rendered":"https:\/\/www.ades-grenoble.org\/wordpress\/?p=23493"},"modified":"2024-08-30T12:03:40","modified_gmt":"2024-08-30T10:03:40","slug":"parking-mallifaud-vers-une-nouvelle-enquete-publique","status":"publish","type":"post","link":"https:\/\/www.ades-grenoble.org\/wordpress\/2024\/08\/30\/parking-mallifaud-vers-une-nouvelle-enquete-publique\/","title":{"rendered":"Parking Mallifaud, vers une nouvelle enqu\u00eate publique\u00a0?"},"content":{"rendered":"<div class=\"wp-block-image\">\n<figure class=\"alignleft size-full\"><img loading=\"lazy\" decoding=\"async\" width=\"400\" height=\"166\" src=\"https:\/\/www.ades-grenoble.org\/wordpress\/wp-content\/uploads\/2024\/08\/Parking-Mallifaud.jpg\" alt=\"\" class=\"wp-image-23494\" srcset=\"https:\/\/www.ades-grenoble.org\/wordpress\/wp-content\/uploads\/2024\/08\/Parking-Mallifaud.jpg 400w, https:\/\/www.ades-grenoble.org\/wordpress\/wp-content\/uploads\/2024\/08\/Parking-Mallifaud-300x125.jpg 300w, https:\/\/www.ades-grenoble.org\/wordpress\/wp-content\/uploads\/2024\/08\/Parking-Mallifaud-150x62.jpg 150w\" sizes=\"auto, (max-width: 400px) 100vw, 400px\" \/><\/figure>\n<\/div>\n\n\n<p>Nous nous \u00e9tions inqui\u00e9t\u00e9s de l\u2019absence de l\u2019avis du commissaire enqu\u00eateur suite \u00e0 l\u2019enqu\u00eate publique sur le d\u00e9classement du domaine public m\u00e9tropolitain du parking Mallifaud \u00e0 Grenoble afin de permettre une transformation en parc et espace fraicheur. L\u2019avis et les conclusions du commissaire enqu\u00eateur auraient d\u00fb \u00eatre rendus publiques vers la fin mai 2024, soit un mois apr\u00e8s la fermeture de l\u2019enqu\u00eate publique.<\/p>\n\n\n\n<p>Le 22 mai 2024, le commissaire enqu\u00eateur, choisi par le pr\u00e9sident de la M\u00e9tro, rendait un avis d\u00e9favorable au d\u00e9classement du domaine public m\u00e9tropolitain du parking Mallifaud, mais ce n\u2019est qu\u2019\u00e0 la mi-ao\u00fbt que la M\u00e9tro informe de cette d\u00e9cision, alors que la collectivit\u00e9 qui organise une telle enqu\u00eate se doit de la rendre publique imm\u00e9diatement.<\/p>\n\n\n\n<p>Il est surprenant que le commissaire enqu\u00eateur, comp\u00e9tent en droit de l\u2019environnement, n\u2019ait pas relev\u00e9 le fait que cette enqu\u00eate publique n\u2019\u00e9tait pas obligatoire et que la M\u00e9tro pouvait d\u00e9classer ce parking de son domaine public par une simple d\u00e9lib\u00e9ration, sans passer par une enqu\u00eate publique. Donc elle peut passer outre \u00e0 cet avis d\u00e9favorable.<\/p>\n\n\n\n<!--more-->\n\n\n\n<p>En effet le code de la voirie routi\u00e8re en <em>son article L141-3 indique \u00ab Les d\u00e9lib\u00e9rations concernant le classement ou le d\u00e9classement sont dispens\u00e9es d\u2019enqu\u00eate publique pr\u00e9alable sauf lorsque l\u2019op\u00e9ration envisag\u00e9e a pour cons\u00e9quence de porter atteinte aux fonctions de desserte ou de circulation assur\u00e9es par la voie.&nbsp;\u00bb<\/em><\/p>\n\n\n\n<p><em>Ce parking n\u2019est, \u00e0 l\u2019\u00e9vidence, ni une voirie de desserte ou de circulation. Le commissaire enqu\u00eateur faisant un contre-sens en \u00e9voquant une voie de transit.<\/em><em><\/em><\/p>\n\n\n\n<p>L\u2019avis d\u00e9favorable du commissaire enqu\u00eateur est quelque peu surprenant, tout comme la r\u00e9tention d\u2019information par la M\u00e9tro est irr\u00e9guli\u00e8re et incompr\u00e9hensible, \u00a0sauf peut-\u00eatre \u00e0 tenter de cacher au public cet avis d\u00e9favorable, ce qui a fonctionn\u00e9 puisque le Dauphin\u00e9 Lib\u00e9r\u00e9 du 11 ao\u00fbt, ignorant cet avis d\u00e9favorable, a fait un article intitul\u00e9\u00a0: <em>\u00ab\u00a0<\/em><em>Un nouvel espace de fra\u00eecheur et de convivialit\u00e9 dans la rue Mallifaud\u00a0\u00bb<\/em> et l\u2019article pr\u00e9cisait que les travaux d\u00e9buteraient \u00e0 partir de la mi-ao\u00fbt jusqu\u2019\u00e0 la fin de l\u2019ann\u00e9e. Alors que pour l\u2019instant, la M\u00e9tro n\u2019ayant pas pass\u00e9 outre \u00e0 l\u2019avis d\u00e9favorable, les travaux pr\u00e9vus par la ville ne peuvent pas d\u00e9buter.<\/p>\n\n\n\n<p>Pour l\u2019instant il semble que la M\u00e9tro souhaite relancer une nouvelle enqu\u00eate publique avant de prendre une d\u00e9cision de d\u00e9classement du parking de son domaine public. Encore des travaux ralentis au d\u00e9triment des int\u00e9r\u00eats des habitants du quartier et de la Ville. Pour lire le rapport du commissaire enqu\u00eateur\u00a0cliquer <a href=\"https:\/\/metropoleparticipative.fr\/participation\/43439\/32-espace-participatif.htm?access=1&amp;tab=43906\" data-type=\"link\" data-id=\"https:\/\/metropoleparticipative.fr\/participation\/43439\/32-espace-participatif.htm?access=1&amp;tab=43906\">ici<\/a>.<\/p>\n","protected":false},"excerpt":{"rendered":"<p>Nous nous \u00e9tions inqui\u00e9t\u00e9s de l\u2019absence de l\u2019avis du commissaire enqu\u00eateur suite \u00e0 l\u2019enqu\u00eate publique sur le d\u00e9classement du domaine public m\u00e9tropolitain du parking Mallifaud \u00e0 Grenoble afin de permettre une transformation en parc et espace fraicheur. L\u2019avis et les conclusions du commissaire enqu\u00eateur auraient d\u00fb \u00eatre rendus publiques vers la fin mai 2024, soit [&hellip;]<\/p>\n","protected":false},"author":1,"featured_media":0,"comment_status":"closed","ping_status":"open","sticky":false,"template":"","format":"standard","meta":{"twitterCardType":"","cardImageID":0,"cardImage":"","cardTitle":"","cardDesc":"","cardImageAlt":"","cardPlayer":"","cardPlayerWidth":0,"cardPlayerHeight":0,"cardPlayerStream":"","cardPlayerCodec":"","footnotes":""},"categories":[62,11],"tags":[39,280,170],"class_list":["post-23493","post","type-post","status-publish","format-standard","hentry","category-le-rouge-le-vert-hebdo","category-politique-locale","tag-enquetes-publiques","tag-metropole","tag-stationnement"],"_links":{"self":[{"href":"https:\/\/www.ades-grenoble.org\/wordpress\/wp-json\/wp\/v2\/posts\/23493","targetHints":{"allow":["GET"]}}],"collection":[{"href":"https:\/\/www.ades-grenoble.org\/wordpress\/wp-json\/wp\/v2\/posts"}],"about":[{"href":"https:\/\/www.ades-grenoble.org\/wordpress\/wp-json\/wp\/v2\/types\/post"}],"author":[{"embeddable":true,"href":"https:\/\/www.ades-grenoble.org\/wordpress\/wp-json\/wp\/v2\/users\/1"}],"replies":[{"embeddable":true,"href":"https:\/\/www.ades-grenoble.org\/wordpress\/wp-json\/wp\/v2\/comments?post=23493"}],"version-history":[{"count":1,"href":"https:\/\/www.ades-grenoble.org\/wordpress\/wp-json\/wp\/v2\/posts\/23493\/revisions"}],"predecessor-version":[{"id":23495,"href":"https:\/\/www.ades-grenoble.org\/wordpress\/wp-json\/wp\/v2\/posts\/23493\/revisions\/23495"}],"wp:attachment":[{"href":"https:\/\/www.ades-grenoble.org\/wordpress\/wp-json\/wp\/v2\/media?parent=23493"}],"wp:term":[{"taxonomy":"category","embeddable":true,"href":"https:\/\/www.ades-grenoble.org\/wordpress\/wp-json\/wp\/v2\/categories?post=23493"},{"taxonomy":"post_tag","embeddable":true,"href":"https:\/\/www.ades-grenoble.org\/wordpress\/wp-json\/wp\/v2\/tags?post=23493"}],"curies":[{"name":"wp","href":"https:\/\/api.w.org\/{rel}","templated":true}]}}