{"id":23496,"date":"2024-08-30T12:03:51","date_gmt":"2024-08-30T10:03:51","guid":{"rendered":"https:\/\/www.ades-grenoble.org\/wordpress\/?p=23496"},"modified":"2024-08-30T12:03:51","modified_gmt":"2024-08-30T10:03:51","slug":"lagrandissement-de-stmicroelectronics-devra-passer-par-une-nouvelle-enquete-publique","status":"publish","type":"post","link":"https:\/\/www.ades-grenoble.org\/wordpress\/2024\/08\/30\/lagrandissement-de-stmicroelectronics-devra-passer-par-une-nouvelle-enquete-publique\/","title":{"rendered":"L\u2019agrandissement de STMicroelectronics devra passer par une nouvelle enqu\u00eate publique"},"content":{"rendered":"<div class=\"wp-block-image\">\n<figure class=\"alignleft size-full\"><img loading=\"lazy\" decoding=\"async\" width=\"251\" height=\"157\" src=\"https:\/\/www.ades-grenoble.org\/wordpress\/wp-content\/uploads\/2014\/10\/STMicro.jpg\" alt=\"\" class=\"wp-image-9143\" srcset=\"https:\/\/www.ades-grenoble.org\/wordpress\/wp-content\/uploads\/2014\/10\/STMicro.jpg 251w, https:\/\/www.ades-grenoble.org\/wordpress\/wp-content\/uploads\/2014\/10\/STMicro-150x93.jpg 150w\" sizes=\"auto, (max-width: 251px) 100vw, 251px\" \/><\/figure>\n<\/div>\n\n\n<p>Rappelons que STMicroelectronics et l\u2019Etat avaient essay\u00e9 de passer en force en imposant une enqu\u00eate publique sans que la CNDP ne soit saisie du dossier d\u2019agrandissement, alors que cette saisine \u00e9tait impos\u00e9e par le Code de l\u2019environnement vu le montant de l\u2019op\u00e9ration qui d\u00e9passait all\u00e8grement le seuil pr\u00e9vu par la loi. Mais le promoteur aid\u00e9 par l\u2019Etat voulait aller vite.<\/p>\n\n\n\n<p>Apr\u00e8s une enqu\u00eate publique qui s\u2019est tenue du 28 ao\u00fbt 2023 au 9 octobre 2023, le pr\u00e9fet s\u2019appr\u00eatait \u00e0 prendre un arr\u00eat\u00e9 d\u2019autorisation environnementale de l\u2019extension de ST et des servitudes publiques autour des installations, en toute irr\u00e9gularit\u00e9.<\/p>\n\n\n\n<p>La Commission nationale du d\u00e9bat public (CNDP) sollicit\u00e9e a confirm\u00e9 l\u2019irr\u00e9gularit\u00e9, dans un avis du 6 d\u00e9cembre 2023 en&nbsp;<em>\u00ab&nbsp;recommandant que le ma\u00eetre d\u2019ouvrage du projet abandonne sa proc\u00e9dure en cours de demande d\u2019autorisation environnementale du projet et saisisse la CNDP pour la mise en place d\u2019une participation pr\u00e9alable du public, qui n\u2019a pas eu lieu.&nbsp;\u00bb<\/em><\/p>\n\n\n\n<p><em>D\u2019o\u00f9 la mise en place d\u2019une concertation pr\u00e9alable.<\/em><\/p>\n\n\n\n<!--more-->\n\n\n\n<p>Le <a href=\"https:\/\/www.debatpublic.fr\/sites\/default\/files\/2024-07\/DECISION_2024_115_ST_MICRO_4%20Sign%C3%A9%20MP.pdf\" data-type=\"link\" data-id=\"https:\/\/www.debatpublic.fr\/sites\/default\/files\/2024-07\/DECISION_2024_115_ST_MICRO_4%20Sign%C3%A9%20MP.pdf\">24 juillet 2024 la CNDP<\/a> prend la d\u00e9cision qui tire le bilan de la concertation pr\u00e9alable\u00a0et indique que maintenant STMicro peut relancer une demande d\u2019autorisation environnementale qui passera obligatoirement par une nouvelle enqu\u00eate publique et un avis de la Mission R\u00e9gionale d\u2019autorisation environnementale (MRAE)<\/p>\n\n\n\n<p><em>\u00ab&nbsp;La Commission nationale constate que le ma\u00eetre d\u2019ouvrage r\u00e9pond \u00e0 l\u2019ensemble des questions du public et qu\u2019il a d\u00e9pos\u00e9 une nouvelle demande d\u2019autorisation environnementale, qui comprendra n\u00e9cessairement une nouvelle enqu\u00eate publique. La CNDP valide les modalit\u00e9s d\u2019information et de participation du public jusqu\u2019\u00e0 l\u2019ouverture de l\u2019enqu\u00eate publique : maintien ouvert et actif du site de la concertation, mise \u00e0 disposition d\u2019informations sur ce site internet, pr\u00e9sentation des enseignements de la concertation lors de la r\u00e9union publique d\u2019ouverture de l\u2019enqu\u00eate publique de ce projet. V\u00e9ronique MOREL est d\u00e9sign\u00e9e garante charg\u00e9e de veiller \u00e0 la bonne information et \u00e0 la participation du public jusqu\u2019\u00e0 l\u2019ouverture de l\u2019enqu\u00eate publique de ce projet.&nbsp;\u00bb<\/em> Consulter la d\u00e9cision<\/p>\n\n\n\n<p>La direction r\u00e9gionale de l\u2019environnement, de l\u2019am\u00e9nagement et du logement (Dreal) Auvergne-Rh\u00f4ne-Alpes a \u00e9t\u00e9 saisie le 25 juin 2024, pour d\u00e9livrer l\u2019autorisation du projet et obtenir un avis au titre de l\u2019autorit\u00e9 environnementale.<\/p>\n\n\n\n<p>La MRAE (Mission r\u00e9gionale d\u2019autorisation environnementale) de la R\u00e9gion Aura a rendu son avis sur la demande de ST le 31 juillet 2024, qui demande que l\u2019\u00e9tude d\u2019impact soit encore am\u00e9lior\u00e9e.<\/p>\n\n\n\n<p><em>\u00ab&nbsp;Avis d\u00e9lib\u00e9r\u00e9 de la mission r\u00e9gionale d\u2019autorit\u00e9 environnementale sur l&rsquo;extension et l&rsquo;augmentation d&rsquo;activit\u00e9 d&rsquo;un site de fabrication de circuits int\u00e9gr\u00e9s par la soci\u00e9t\u00e9 STMicroelectronics sur la commune de Crolles (38) (2\u00e8me avis)<\/em><\/p>\n\n\n\n<p><em><u>Synth\u00e8se de l\u2019Avis<\/u><\/em><\/p>\n\n\n\n<p><em>Le projet pr\u00e9sent\u00e9 par la soci\u00e9t\u00e9 STMicroelectronics est localis\u00e9 \u00e0 Crolles, au sein d\u2019un site existant de 45,8&nbsp;ha et d\u00e9j\u00e0 exploit\u00e9 par la soci\u00e9t\u00e9 STMicroelectronics.<\/em><\/p>\n\n\n\n<p><em>Le projet, objet du pr\u00e9sent avis, consiste \u00e0 augmenter l\u2019activit\u00e9 de production de puces sur des plaquettes de 300&nbsp;mm de diam\u00e8tre pour passer de 10&nbsp;000 plaquettes par semaine \u00e0 22&nbsp;000 (soit une augmentation de 120&nbsp;%), la capacit\u00e9 de production des plaquettes de 200&nbsp;mm restant inchang\u00e9e \u00e0 8&nbsp;000 par semaine. \u00c0 cette fin, le projet pr\u00e9voit la r\u00e9alisation de six nouveaux b\u00e2timents de production (en compl\u00e9ment des trois existants) appel\u00e9s Gateway. Ces b\u00e2timents sont tous construits sur le m\u00eame mod\u00e8le et incluent une salle blanche et les \u00e9quipements et utilit\u00e9s n\u00e9cessaires \u00e0 son fonctionnement, ainsi qu\u2019un centre technique par salle blanche. Par ailleurs, le projet pr\u00e9voit \u00e9galement une extension \u00e0 la plateforme gaz au nord de la plateforme existante, le d\u00e9m\u00e9nagement de la plateforme de gestion des d\u00e9chets d\u2019exploitation, l\u2019am\u00e9nagement de deux nouvelles stations de traitement des effluents liquides (STEL) en compl\u00e9ment de la STEL existante, et la cr\u00e9ation d\u2019un parking silo. En phase travaux, le projet pr\u00e9voit l\u2019am\u00e9nagement d\u2019un parking temporaire dit parking P10. Il inclut \u00e9galement la r\u00e9alisation de trois nouveaux forages, d\u2019une capacit\u00e9 de pompage de 150&nbsp;m\u00b3\/h chacun, destin\u00e9s \u00e0 approvisionner le site en eau en cas de d\u00e9faillance ou maintenance d\u2019un des dispositifs de recyclage des eaux. Deux projets connexes au projet port\u00e9 par la soci\u00e9t\u00e9 STMicroelectronics sont \u00e9galement pr\u00e9vus et inclus dans le p\u00e9rim\u00e8tre du projet et de l\u2019\u00e9valuation environnementale&nbsp;: il s\u2019agit de la mise en place d\u2019une nouvelle ligne \u00e9lectrique de 225 kV desservant le site, par la soci\u00e9t\u00e9 RTE, et de l\u2019agrandissement de la plateforme logistique de la soci\u00e9t\u00e9 ECTRA SAS, dont plus de la moiti\u00e9 est d\u00e9di\u00e9e \u00e0 ST Microelectronics. Ce projet a d\u00e9j\u00e0 fait l\u2019objet d\u2019une saisine aupr\u00e8s de la MRAe dans le cadre d\u2019une premi\u00e8re demande d\u2019autorisation environnementale et a donn\u00e9 lieu \u00e0 un avis d\u00e9lib\u00e9r\u00e9 le 17 f\u00e9vrier 2023. Une concertation pr\u00e9alable a \u00e9t\u00e9 organis\u00e9e par STMicroelectronics, sous l\u2019\u00e9gide de la commission nationale du d\u00e9bat public (CNDP), entre le 22 mars et le 19 avril 2024. Cette concertation a donn\u00e9 lieu \u00e0 un bilan de la concertation, r\u00e9dig\u00e9 par les garants d\u00e9sign\u00e9s par la CNDP, ainsi qu\u2019\u00e0 une r\u00e9ponse du ma\u00eetre d\u2019ouvrage au bilan des garants. La CNDP a pris une d\u00e9cision en date du 24 juillet 2024 sur les suites \u00e0 donner.<\/em><\/p>\n\n\n\n<p><em>Pour l\u2019Autorit\u00e9 environnementale, les principaux enjeux environnementaux du territoire et du projet sont&nbsp;:<\/em><\/p>\n\n\n\n<ul class=\"wp-block-list\">\n<li><em>la ressource en eau au regard de la consommation d\u2019eau actuelle et pr\u00e9vue\u00a0;<\/em><\/li>\n\n\n\n<li><em>la qualit\u00e9 des eaux de surface dans lesquelles sont rejet\u00e9es les effluents aqueux\u00a0;<\/em><\/li>\n\n\n\n<li><em>la qualit\u00e9 de l\u2019air au regard des rejets atmosph\u00e9riques du site et du projet\u00a0;<\/em><\/li>\n\n\n\n<li><em>le cadre de vie et la sant\u00e9 des riverains, en particulier le bruit\u00a0;<\/em><\/li>\n\n\n\n<li><em>le changement climatique et les \u00e9missions de gaz \u00e0 effet de serre.<\/em><\/li>\n<\/ul>\n\n\n\n<p><em>L\u2019\u00e9tude d\u2019impact a \u00e9t\u00e9 enti\u00e8rement remani\u00e9e et approfondie par rapport \u00e0 la version ayant fait l\u2019objet du premier avis de l\u2019Autorit\u00e9 environnementale. En particulier, la description du projet est plus compl\u00e8te et d\u00e9taill\u00e9e, et inclut les projets connexes de construction d\u2019un nouveau b\u00e2timent logistique et de mise en \u0153uvre d\u2019une nouvelle ligne \u00e9lectrique desservant le site. Certaines parties, absentes ou insuffisamment d\u00e9taill\u00e9es dans le premier dossier, ont \u00e9t\u00e9 d\u00e9velopp\u00e9es&nbsp;: il s\u2019agit en particulier de la justification des choix, des mesures sur la r\u00e9duction de la consommation d\u2019eau, des incidences du projet en mati\u00e8re de bruit, du bilan carbone, ainsi que des mesures de suivi.<\/em><\/p>\n\n\n\n<p><em>N\u00e9anmoins, le dossier contient encore plusieurs points qui doivent \u00eatre am\u00e9lior\u00e9s ou pr\u00e9cis\u00e9s, notamment en ce qui concerne l\u2019\u00e9tat initial relatif \u00e0 la biodiversit\u00e9, aux rejets atmosph\u00e9riques et aux rejets d\u2019eaux pluviales. L\u2019\u00e9tude ne pr\u00e9cise pas si les mesures d\u2019\u00e9vitement et de r\u00e9duction pr\u00e9vues dans le cadre des phases de projet d\u00e9j\u00e0 r\u00e9alis\u00e9es ont \u00e9t\u00e9 effectivement mises en \u0153uvre, ni leur efficacit\u00e9, ni leurs ajustements \u00e9ventuels si cette efficacit\u00e9 est insuffisante. En ce qui concerne les incidences, des pr\u00e9cisions sont \u00e0 apporter en mati\u00e8re de prise en compte du changement climatique sur les nappes souterraines, d\u2019anticipation des p\u00e9riodes de s\u00e9cheresse, de mesure du niveau de bruit lors des \u00e9tapes interm\u00e9diaires de la mise en \u0153uvre du projet, d\u2019impact sur les milieux au cours du d\u00e9veloppement du projet.<\/em><\/p>\n\n\n\n<p><em>&nbsp;L\u2019Autorit\u00e9 environnementale recommande de d\u00e9tailler davantage les mesures prises et pr\u00e9vues pour l\u2019atteinte de la neutralit\u00e9 carbone au sens de la Strat\u00e9gie Nationale Bas Carbone et de la loi \u00c9nergie Climat.<\/em><\/p>\n\n\n\n<p><em>L\u2019Autorit\u00e9 environnementale recommande de pr\u00e9senter la m\u00e9thodologie d\u2019optimisation du bilan des \u00e9missions de gaz \u00e0 effet de serre et les r\u00e9sultats \u00e0 atteindre \u00e0 l\u2019\u00e9chelle de la dur\u00e9e d\u2019exploitation d\u2019un tel projet. Enfin, si le dossier contient des mesures de suivi des incidences du projet sur l\u2019environnement, sur les th\u00e9matiques de l\u2019eau, des rejets atmosph\u00e9riques, du bruit et des incidences sur la biodiversit\u00e9, certaines mesures sont \u00e0 pr\u00e9ciser, dont les impacts environnementaux li\u00e9s aux d\u00e9veloppements de logements et des mobilit\u00e9s sur le territoire en lien avec les collectivit\u00e9s territoriales et syndicats comp\u00e9tents.<\/em><\/p>\n\n\n\n<p><em>L\u2019ensemble du r\u00e9sultat de ces suivis est \u00e0 mettre \u00e0 disposition du public.<\/em><\/p>\n\n\n\n<p><em>L\u2019ensemble des recommandations de l\u2019Autorit\u00e9 environnementale est pr\u00e9sent\u00e9 dans l\u2019avis d\u00e9taill\u00e9.&nbsp;\u00bb<\/em><\/p>\n\n\n\n<p><\/p>\n","protected":false},"excerpt":{"rendered":"<p>Rappelons que STMicroelectronics et l\u2019Etat avaient essay\u00e9 de passer en force en imposant une enqu\u00eate publique sans que la CNDP ne soit saisie du dossier d\u2019agrandissement, alors que cette saisine \u00e9tait impos\u00e9e par le Code de l\u2019environnement vu le montant de l\u2019op\u00e9ration qui d\u00e9passait all\u00e8grement le seuil pr\u00e9vu par la loi. Mais le promoteur aid\u00e9 [&hellip;]<\/p>\n","protected":false},"author":1,"featured_media":0,"comment_status":"closed","ping_status":"open","sticky":false,"template":"","format":"standard","meta":{"twitterCardType":"","cardImageID":0,"cardImage":"","cardTitle":"","cardDesc":"","cardImageAlt":"","cardPlayer":"","cardPlayerWidth":0,"cardPlayerHeight":0,"cardPlayerStream":"","cardPlayerCodec":"","footnotes":""},"categories":[62,11],"tags":[136,39,175,305],"class_list":["post-23496","post","type-post","status-publish","format-standard","hentry","category-le-rouge-le-vert-hebdo","category-politique-locale","tag-debats","tag-enquetes-publiques","tag-environnement","tag-technos"],"_links":{"self":[{"href":"https:\/\/www.ades-grenoble.org\/wordpress\/wp-json\/wp\/v2\/posts\/23496","targetHints":{"allow":["GET"]}}],"collection":[{"href":"https:\/\/www.ades-grenoble.org\/wordpress\/wp-json\/wp\/v2\/posts"}],"about":[{"href":"https:\/\/www.ades-grenoble.org\/wordpress\/wp-json\/wp\/v2\/types\/post"}],"author":[{"embeddable":true,"href":"https:\/\/www.ades-grenoble.org\/wordpress\/wp-json\/wp\/v2\/users\/1"}],"replies":[{"embeddable":true,"href":"https:\/\/www.ades-grenoble.org\/wordpress\/wp-json\/wp\/v2\/comments?post=23496"}],"version-history":[{"count":1,"href":"https:\/\/www.ades-grenoble.org\/wordpress\/wp-json\/wp\/v2\/posts\/23496\/revisions"}],"predecessor-version":[{"id":23497,"href":"https:\/\/www.ades-grenoble.org\/wordpress\/wp-json\/wp\/v2\/posts\/23496\/revisions\/23497"}],"wp:attachment":[{"href":"https:\/\/www.ades-grenoble.org\/wordpress\/wp-json\/wp\/v2\/media?parent=23496"}],"wp:term":[{"taxonomy":"category","embeddable":true,"href":"https:\/\/www.ades-grenoble.org\/wordpress\/wp-json\/wp\/v2\/categories?post=23496"},{"taxonomy":"post_tag","embeddable":true,"href":"https:\/\/www.ades-grenoble.org\/wordpress\/wp-json\/wp\/v2\/tags?post=23496"}],"curies":[{"name":"wp","href":"https:\/\/api.w.org\/{rel}","templated":true}]}}