{"id":23498,"date":"2024-08-30T12:03:56","date_gmt":"2024-08-30T10:03:56","guid":{"rendered":"https:\/\/www.ades-grenoble.org\/wordpress\/?p=23498"},"modified":"2024-08-30T12:03:56","modified_gmt":"2024-08-30T10:03:56","slug":"les-80-ans-de-la-liberation-de-grenoble","status":"publish","type":"post","link":"https:\/\/www.ades-grenoble.org\/wordpress\/2024\/08\/30\/les-80-ans-de-la-liberation-de-grenoble\/","title":{"rendered":"Les 80 ans de la Lib\u00e9ration de Grenoble"},"content":{"rendered":"<div class=\"wp-block-image\">\n<figure class=\"alignleft size-full\"><img loading=\"lazy\" decoding=\"async\" width=\"380\" height=\"215\" src=\"https:\/\/www.ades-grenoble.org\/wordpress\/wp-content\/uploads\/2024\/08\/Liberation-Grenoble.jpg\" alt=\"\" class=\"wp-image-23499\" srcset=\"https:\/\/www.ades-grenoble.org\/wordpress\/wp-content\/uploads\/2024\/08\/Liberation-Grenoble.jpg 380w, https:\/\/www.ades-grenoble.org\/wordpress\/wp-content\/uploads\/2024\/08\/Liberation-Grenoble-300x170.jpg 300w, https:\/\/www.ades-grenoble.org\/wordpress\/wp-content\/uploads\/2024\/08\/Liberation-Grenoble-150x85.jpg 150w\" sizes=\"auto, (max-width: 380px) 100vw, 380px\" \/><figcaption class=\"wp-element-caption\"> \u00a9 Maxppp &#8211; PHOTOPQR\/LE DAUPHINE LIBERE<\/figcaption><\/figure>\n<\/div>\n\n\n<p>A Grenoble, le 22 ao\u00fbt, diff\u00e9rentes c\u00e9r\u00e9monies ont \u00e9t\u00e9 organis\u00e9es \u00e0 l\u2019occasion des 80 ans de la Lib\u00e9ration de la ville. Le matin, \u00e0 10h au&nbsp;M\u00e9morial de la R\u00e9sistance sur la Presqu\u2019ile, ensuite, \u00e0 17h, un autre rendez-vous pr\u00e8s du jardin de Ville, devant les plaques du Premier Bataillon de choc et du colonel Johnson, sur le parvis des Droits de l&rsquo;Homme. Puis un concert de la fanfare du 27e Bataillon de Chasseurs Alpins et un&nbsp;bal de la Lib\u00e9ration&nbsp;au jardin de Ville.<\/p>\n\n\n\n<p>Au m\u00e9morial de la r\u00e9sistance, le repr\u00e9sentant du pr\u00e9fet et le maire de Grenoble ont retrac\u00e9 les \u00e9v\u00e9nements tragiques qui ont pr\u00e9c\u00e9d\u00e9 la Lib\u00e9ration de la Ville.<\/p>\n\n\n\n<p>Eric Piolle qui copr\u00e9side cette ann\u00e9e le conseil national des communes \u00ab Compagnon de la Lib\u00e9ration&nbsp;\u00bb&nbsp; qui r\u00e9unit Grenoble, Paris, Nantes, Vassieux-en-Vercors et l\u2019\u00cele de Sein, a fait un discours rappelant les actes h\u00e9ro\u00efques des r\u00e9sistants Grenoblois et tirant les le\u00e7ons de cette p\u00e9riode pour nous, ici et maintenant, face \u00e0 la mont\u00e9e de l\u2019antis\u00e9mitisme, du racisme, la chasse aux \u00e9trangers, l\u2019acc\u00e9l\u00e9ration des discriminations\u2026 &nbsp;En voici un large extrait&nbsp;:<\/p>\n\n\n\n<!--more-->\n\n\n\n<p><em>\u00ab&nbsp;Notre ville, Grenoble, s\u2019est distingu\u00e9e par le courage de ses habitant-es et le lourd tribut humain pay\u00e9 \u00e0 la lutte contre l\u2019occupation nazie. \u00c0 ce titre, le g\u00e9n\u00e9ral de Gaulle l\u2019a nomm\u00e9e ville Compagnon de la Lib\u00e9ration \u00e0 l\u2019instar de Paris, de Nantes, de l\u2019\u00cele de Sein et de Vassieux-en-Vercors.<\/em><\/p>\n\n\n\n<p>\u00ab&nbsp;Ville h\u00e9ro\u00efque \u00e0 la pointe de la r\u00e9sistance fran\u00e7aise et du combat pour la lib\u00e9ration. Dress\u00e9e dans sa fiert\u00e9, livre \u00e0 l\u2019Allemand, malgr\u00e9 ses deuils et ses souffrances, malgr\u00e9 l\u2019arrestation et le massacre des meilleurs de ses fils, une lutte acharn\u00e9e de tous les instants. Bravant les interdictions formul\u00e9es par l\u2019envahisseur et ses complices, a manifest\u00e9 le 11 novembre 1943, sa certitude de la victoire et sa volont\u00e9 d\u2019y prendre part. Le 14 novembre et le 2 d\u00e9cembre 1943, a r\u00e9pondu aux repr\u00e9sailles et \u00e0 l\u2019ex\u00e9cution des chefs des mouvements de la r\u00e9sistance, par la destruction de la poudri\u00e8re, de la caserne, de transformateurs et d&rsquo;usines utilis\u00e9s par l&rsquo;ennemi. A bien m\u00e9rit\u00e9 de la Patrie.&nbsp;\u00bb (Grenoble, Compagnon de la Lib\u00e9ration par d\u00e9cret du 4 mai 1944).<\/p>\n\n\n\n<p><em>Impr\u00e9gnons-nous de ces mots de De Gaulle.<\/em><\/p>\n\n\n\n<p><em>J\u2019ai l\u2019honneur de copr\u00e9sider l\u2019ordre de la Lib\u00e9ration cette ann\u00e9e, et je m\u2019attache, avec toute mon \u00e9nergie, \u00e0 respecter les derni\u00e8res volont\u00e9s d\u2019Hubert Germain&nbsp;: faire perdurer l\u2019Ordre et de la transmission des valeurs de la R\u00e9sistance. Les 5 villes compagnons se sentent garantes de cela.&nbsp;\u00bb<\/em><\/p>\n\n\n\n<p><em>80 ans apr\u00e8s cette distinction, nous sommes encore d\u00e9positaires d\u2019une responsabilit\u00e9 collective, envers celles et ceux, dans l\u2019Hexagone et par-del\u00e0 ses fronti\u00e8res terrestres et maritimes, celles et ceux dont la vie a \u00e9t\u00e9 arrach\u00e9e parce qu\u2019ils \u00e9taient juifs, parce qu\u2019elles \u00e9taient juives, par millions, tziganes, homosexuel-les, opposants politiques&nbsp;; dont la vie a \u00e9t\u00e9 arrach\u00e9e parce qu\u2019ils, parce qu\u2019elles ont particip\u00e9 au combat pour rendre \u00e0 notre territoire et \u00e0 ses habitant-es la libert\u00e9.<\/em><\/p>\n\n\n\n<p><em>Cette responsabilit\u00e9, nous en sommes redevables \u00e0 l\u2019\u00e9gard de celles et ceux qui ont surv\u00e9cu \u00e0 la d\u00e9portation, celles et ceux qui ont perdu des proches.<\/em><\/p>\n\n\n\n<p><em>Nous en sommes redevables \u00e0 celles et ceux qui ont r\u00e9sist\u00e9 \u00e0 l\u2019occupant dans la clandestinit\u00e9 et qui ont tourn\u00e9 le dos \u00e0 leur quotidien au service d\u2019une France libre, dont Eug\u00e8ne Chavant, Jean Pain, Marie Reynouard, Jean Perrot, Remo Perinetti, Gustave Estades. Mais aussi \u00e0 celles et ceux qui ont mis leur m\u00e9tier au service de cette cause, comme Rose Valland, qui a trac\u00e9 la spoliation des \u0153uvres d\u2019art appartenant \u00e0 des familles juives et organis\u00e9 leur restitution apr\u00e8s la guerre dont l\u2019engagement occupera une place particuli\u00e8re du mus\u00e9e de la R\u00e9sistance et de la D\u00e9portation de l\u2019Is\u00e8re, \u00e0 sa r\u00e9ouverture en 2025.<\/em><\/p>\n\n\n\n<p><em>Je pense aussi \u00e0 celles et ceux qui font vivre la m\u00e9moire de la r\u00e9sistance, de la d\u00e9portation, et de l\u2019entreprise d\u2019\u00e9limination organis\u00e9e des personnes juives, au travers des associations m\u00e9morielles et de la documentation de cette p\u00e9riode de l\u2019histoire.<\/em><\/p>\n\n\n\n<p><em>Nous sommes aussi redevables vis-\u00e0-vis de nos enfants, pour leur \u00e9viter le m\u00eame sort que celui qu\u2019une jeunesse perdue a subi pendant ces ann\u00e9es de guerre et d\u2019occupation, et leur donner les clefs pour continuer cet esprit de r\u00e9sistance et d\u2019unit\u00e9 face aux menaces de division.<\/em><\/p>\n\n\n\n<p><em>C\u2019est une responsabilit\u00e9, bien s\u00fbr. C\u2019est aussi un tr\u00e9sor. Transmettre, c\u2019est merveilleux. Transmettre ce qui a \u00e9t\u00e9 re\u00e7u des g\u00e9n\u00e9rations qui nous ont pr\u00e9c\u00e9d\u00e9s, quand c\u2019est ces valeurs de courage, de r\u00e9sistance, de libert\u00e9, mais aussi cette complexit\u00e9 tellement humaine qui peut faire des \u00eatres d\u2019une m\u00eame chair et d\u2019un m\u00eame sang, faire de nous des salauds ou des h\u00e9ros et h\u00e9ro\u00efnes, c\u2019est encore plus merveilleux. Responsabilit\u00e9 joyeuse d\u2019un tr\u00e9sor profond\u00e9ment humain.<\/em><\/p>\n\n\n\n<p><em>Aujourd\u2019hui, nous sommes en 2024. 80 ans apr\u00e8s les faits. Les langues se sont d\u00e9li\u00e9es, celles des survivantes et des survivants. Les oreilles ont elle aussi pris le temps de s\u2019ouvrir, petit \u00e0 petit. L\u2019histoire a \u00e9t\u00e9 enseign\u00e9e.<\/em><\/p>\n\n\n\n<p><em>En tant que soci\u00e9t\u00e9 nous l\u2019affinons nous aussi. Nous cr\u00e9ons les espaces pour que les paroles jusqu\u2019alors peu \u00e9cout\u00e9es et invisibilis\u00e9es s\u2019expriment et puissent faire partie de notre r\u00e9cit commun.<\/em><\/p>\n\n\n\n<p><em>La programmation que la ville de Grenoble a mis en \u0153uvre accorde une place particuli\u00e8re aux femmes r\u00e9sistantes, mais aussi aux \u00e9tranger-es et combattants d\u2019Afrique et d\u2019Asie qui ont contribu\u00e9 \u00e0 la lib\u00e9ration de notre territoire. Conf\u00e9rences sur les tirailleurs s\u00e9n\u00e9galais il y a quelques semaines, projection hier en plein air du film de Rachid Bouchareb Indig\u00e8nes.<\/em><\/p>\n\n\n\n<p><em>80 ans apr\u00e8s les faits, nous ne pouvons plus ignorer les multiples facettes de cette histoire commune.<\/em><\/p>\n\n\n\n<p><em>Et pourtant, 80 ans plus tard, notre soci\u00e9t\u00e9 continue \u00e0 d\u00e9signer des boucs \u00e9missaires et \u00e0 opposer des populations. Cette ann\u00e9e, les actes antis\u00e9mites ont tripl\u00e9. C\u2019est un tocsin qui doit raisonner en nous toustes et nous faire lever pour r\u00e9sister.<\/em><\/p>\n\n\n\n<p><em>Certains se maquillent comme s\u2019\u00e9taient maquill\u00e9s les nazis en 1936 pour accueillir le monde pour les Jeux Olympiques de Berlin. Mais les masques se craquellent ici et l\u00e0.<\/em><\/p>\n\n\n\n<p><em>80 ans plus tard, en 2024, dans la premi\u00e8re circonscription de Caen, qui accueille un m\u00e9morial d\u00e9di\u00e9 \u00e0 la Seconde Guerre Mondiale, dans un d\u00e9partement o\u00f9 le d\u00e9barquement am\u00e9ricain a laiss\u00e9 une trace durable, une candidate aux l\u00e9gislatives ayant r\u00e9uni assez de suffrages pour se maintenir au deuxi\u00e8me tour postait publiquement une photographie o\u00f9 elle portait une casquette nazie. Cette candidate d\u2019un parti politique h\u00e9ritier d\u2019une formation fond\u00e9e par des collaborationnistes et des sympathisants du nazisme.<\/em><\/p>\n\n\n\n<p><em>De m\u00eame, nous devons voir le danger l\u00e9tal dans les discriminations que subissent un grand nombre de personnes en France, de tout \u00e2ge, pour leur couleur de peau ou leur religion r\u00e9elle ou suppos\u00e9e. Certains partis et m\u00e9dias pratiquent l\u2019amalgame et l\u2019instrumentalisation. Nourrissent le terreau qui peut conduire au pire. St\u00e9r\u00e9otypes, pr\u00e9jug\u00e9s, peur ou rejet de l\u2019autre, mis en avant d\u2019int\u00e9r\u00eats artificiels mais irr\u00e9conciliables, jalousies et frustrations. Dans une soci\u00e9t\u00e9 injuste et in\u00e9galitaire, nous ne sommes \u00e0 l\u2019abri de rien.<\/em><\/p>\n\n\n\n<p><em>En 2014, j\u2019ai choisi pour le mur de mon bureau un tr\u00e8s beau tableau de Suzanne Roger, plein de couleurs et de gens qui dansent. Son titre est une alerte : Suzanne Roger l\u2019a appel\u00e9 le 14 juillet 1939. Ne pas oublier que nous ne sommes pas \u00e0 l\u2019abri parce que nous ne sommes ni pires ni meilleurs que les femmes et les hommes d\u2019alors. C\u2019est au quotidien qu\u2019il nous faut cultiver ce que nous ch\u00e9rissons, la libert\u00e9, l\u2019\u00e9galit\u00e9 et la fraternit\u00e9.<\/em><\/p>\n\n\n\n<p><em>Les d\u00e9stabilisations, sociales, \u00e9conomiques, politiques, morales, culturelles, l\u2019\u00e9mergence d\u2019une minorit\u00e9 qui pr\u00f4ne le pire et d\u2019une majorit\u00e9 passive, la domination des questions identitaires et la fragilisation de nos institutions, les rumeurs et le complotisme, certains m\u00e9dias ouvertement au service du pire, l\u2019engrenage des atteintes aux droits et aux libert\u00e9s, vous voyons tout cela. Nous pouvons suivre ce vent mauvais, ou nous inscrire dans la majorit\u00e9 passive. Ou nous unir, comme le peuple fran\u00e7ais l\u2019a fait en juin, pour d\u00e9vier de ce chemin de malheur et porter l\u2019esp\u00e9rance de vies dignes pour toutes et tous.<\/em><\/p>\n\n\n\n<p><em>Il y a 80 ans, des troupes, notamment de soldats am\u00e9ricains et africains, d\u00e9barquaient en Provence. Nous comm\u00e9morerons tout \u00e0 l\u2019heure le r\u00f4le des troupes am\u00e9ricaines devant les plaques du Premier bataillon de choc et du colonel Johnson et je salue la pr\u00e9sence de Debra Stark, vice-maire de Phoenix et de sa d\u00e9l\u00e9gation. Ce d\u00e9barquement en Provence, qui a conduit \u00e0 la lib\u00e9ration de notre territoire, nous en avons une m\u00e9moire plus parcellaire que le d\u00e9barquement en Normandie et pour autant il \u00e9tait un moment d\u2019histoire important.<\/em><\/p>\n\n\n\n<p><em>Notre soci\u00e9t\u00e9 a la responsabilit\u00e9 de se souvenir. Au nom de celles et ceux qui ont r\u00e9sist\u00e9, en m\u00e9moire de celles et ceux qui sont morts du fait des politiques nazies et de la collaboration. En m\u00e9moire de celles et ceux dont les noms ornent d\u00e9sormais nos rues et nos places.<\/em><\/p>\n\n\n\n<p><em>Je vous propose de faire une petite incursion aux Etats-Unis, en janvier 2021. L\u2019investiture de Joseph Biden incarnait alors l\u2019alternance et l\u2019espoir retrouv\u00e9, apr\u00e8s quatre ans d\u2019une pr\u00e9sidence qui a organis\u00e9 la maltraitance des plus vuln\u00e9rables et la r\u00e9gression du droit. Une jeune po\u00e8te afro-am\u00e9ricaine, Amanda Gorman, a r\u00e9cit\u00e9 alors un po\u00e8me, the Hill We Climb, la colline que nous grimpons, qui \u00e9voquait \u00e0 la fois l\u2019espoir, et la responsabilit\u00e9 qui attendait le peuple am\u00e9ricain.<\/em><\/p>\n\n\n\n<p><em>En fait de collines, de Grenoble, nous voyons des montagnes. Ce paysage majestueux nous renvoie au surnom de notre ville, d\u00e9sign\u00e9e \u00ab capitale des maquis \u00bb en raison des foyers de r\u00e9sistance qui l\u2019entouraient. Ces massifs nous rappellent le chemin \u00e0 parcourir, ensemble, jour apr\u00e8s jour, pour que les multiples facettes de la R\u00e9sistance et de la Lib\u00e9ration de Grenoble continuent \u00e0 nous accompagner, \u00e0 guider notre action collective.<\/em><\/p>\n\n\n\n<p><em>Comme \u00e0 la Lib\u00e9ration, il nous appartient de reconstruire, de r\u00e9concilier et de gu\u00e9rir. Il nous appartient, \u00e0 toutes et tous, de trouver la voie du dialogue, du compromis et de la rencontre, comme l\u2019ont fait les g\u00e9n\u00e9rations pr\u00e9c\u00e9dentes, celles qui ont construit le Conseil national de la R\u00e9sistance et le Programme des Jours Heureux, celles et ceux qui ont construit une Europe libre et en paix, celles et ceux qui ont amorc\u00e9 la reconstruction de la France d\u2019apr\u00e8s-guerre. C\u2019est une mobilisation toujours n\u00e9cessaire, toujours imp\u00e9rieuse envers la b\u00eate immonde. Ce combat contre la b\u00eate immonde ne masque pas la montagne magnifique que nous devons gravir ensemble.<\/em><\/p>\n\n\n\n<p><em>Le mot d\u2019ordre des 80 ans de la Lib\u00e9ration \u00e0 Grenoble est r\u00e9sister transmettre.<\/em><\/p>\n\n\n\n<p><em>Je vous invite, avec gravit\u00e9 et avec joie et enthousiasme, toutes et tous, de tous \u00e2ges \u00e0 vous rendre aux \u00e9v\u00e9nements programm\u00e9s en 2024, afin de nous impr\u00e9gner de cette m\u00e9moire et de pouvoir la transmettre autour de nous. Ainsi, nous aurons les outils pour gravir, chaque jour, avec nous, cette montagne, pour que notre soci\u00e9t\u00e9 soit un lieu de dialogue, de libert\u00e9, et de respect de la dignit\u00e9 de chaque \u00eatre humain. Il ne tient qu\u2019\u00e0 nous de transmettre ce courage collectif et de l\u2019entretenir, jour apr\u00e8s jour\u2026&nbsp;\u00bb<\/em><em><u><\/u><\/em><\/p>\n","protected":false},"excerpt":{"rendered":"<p>A Grenoble, le 22 ao\u00fbt, diff\u00e9rentes c\u00e9r\u00e9monies ont \u00e9t\u00e9 organis\u00e9es \u00e0 l\u2019occasion des 80 ans de la Lib\u00e9ration de la ville. Le matin, \u00e0 10h au&nbsp;M\u00e9morial de la R\u00e9sistance sur la Presqu\u2019ile, ensuite, \u00e0 17h, un autre rendez-vous pr\u00e8s du jardin de Ville, devant les plaques du Premier Bataillon de choc et du colonel Johnson, [&hellip;]<\/p>\n","protected":false},"author":1,"featured_media":0,"comment_status":"closed","ping_status":"open","sticky":false,"template":"","format":"standard","meta":{"twitterCardType":"","cardImageID":0,"cardImage":"","cardTitle":"","cardDesc":"","cardImageAlt":"","cardPlayer":"","cardPlayerWidth":0,"cardPlayerHeight":0,"cardPlayerStream":"","cardPlayerCodec":"","footnotes":""},"categories":[62,11],"tags":[43,215,195],"class_list":["post-23498","post","type-post","status-publish","format-standard","hentry","category-le-rouge-le-vert-hebdo","category-politique-locale","tag-devoir-de-memoire","tag-grenoble","tag-histoire"],"_links":{"self":[{"href":"https:\/\/www.ades-grenoble.org\/wordpress\/wp-json\/wp\/v2\/posts\/23498","targetHints":{"allow":["GET"]}}],"collection":[{"href":"https:\/\/www.ades-grenoble.org\/wordpress\/wp-json\/wp\/v2\/posts"}],"about":[{"href":"https:\/\/www.ades-grenoble.org\/wordpress\/wp-json\/wp\/v2\/types\/post"}],"author":[{"embeddable":true,"href":"https:\/\/www.ades-grenoble.org\/wordpress\/wp-json\/wp\/v2\/users\/1"}],"replies":[{"embeddable":true,"href":"https:\/\/www.ades-grenoble.org\/wordpress\/wp-json\/wp\/v2\/comments?post=23498"}],"version-history":[{"count":1,"href":"https:\/\/www.ades-grenoble.org\/wordpress\/wp-json\/wp\/v2\/posts\/23498\/revisions"}],"predecessor-version":[{"id":23500,"href":"https:\/\/www.ades-grenoble.org\/wordpress\/wp-json\/wp\/v2\/posts\/23498\/revisions\/23500"}],"wp:attachment":[{"href":"https:\/\/www.ades-grenoble.org\/wordpress\/wp-json\/wp\/v2\/media?parent=23498"}],"wp:term":[{"taxonomy":"category","embeddable":true,"href":"https:\/\/www.ades-grenoble.org\/wordpress\/wp-json\/wp\/v2\/categories?post=23498"},{"taxonomy":"post_tag","embeddable":true,"href":"https:\/\/www.ades-grenoble.org\/wordpress\/wp-json\/wp\/v2\/tags?post=23498"}],"curies":[{"name":"wp","href":"https:\/\/api.w.org\/{rel}","templated":true}]}}