{"id":23674,"date":"2024-10-04T09:12:18","date_gmt":"2024-10-04T07:12:18","guid":{"rendered":"https:\/\/www.ades-grenoble.org\/wordpress\/?p=23674"},"modified":"2024-10-04T17:37:21","modified_gmt":"2024-10-04T15:37:21","slug":"diverses-actualites-183","status":"publish","type":"post","link":"https:\/\/www.ades-grenoble.org\/wordpress\/2024\/10\/04\/diverses-actualites-183\/","title":{"rendered":"Diverses actualit\u00e9s"},"content":{"rendered":"<div class=\"wp-block-image\">\n<figure class=\"alignleft size-full\"><img loading=\"lazy\" decoding=\"async\" width=\"400\" height=\"222\" src=\"https:\/\/www.ades-grenoble.org\/wordpress\/wp-content\/uploads\/2020\/11\/crieur.jpg\" alt=\"Crieur public\" class=\"wp-image-18106\" srcset=\"https:\/\/www.ades-grenoble.org\/wordpress\/wp-content\/uploads\/2020\/11\/crieur.jpg 400w, https:\/\/www.ades-grenoble.org\/wordpress\/wp-content\/uploads\/2020\/11\/crieur-150x83.jpg 150w, https:\/\/www.ades-grenoble.org\/wordpress\/wp-content\/uploads\/2020\/11\/crieur-300x167.jpg 300w\" sizes=\"auto, (max-width: 400px) 100vw, 400px\" \/><\/figure>\n<\/div>\n\n\n<p><strong>Nouvelle enqu\u00eate publique concernant STMicroelectronics du 14 octobre au 25 novembre 1024.<\/strong> Suite \u00e0 la demande d\u2019autorisation environnementale et d\u2019institution de servitudes d\u2019utilit\u00e9 publique pr\u00e9sent\u00e9es par la soci\u00e9t\u00e9 STMICROELECTRONICS, le pr\u00e9fet de l\u2019Is\u00e8re a d\u00e9cid\u00e9 par <a href=\"https:\/\/www.isere.gouv.fr\/contenu\/telechargement\/74790\/587160\/file\/Avis%20EP.pdf\" data-type=\"link\" data-id=\"https:\/\/www.isere.gouv.fr\/contenu\/telechargement\/74790\/587160\/file\/Avis%20EP.pdf\">un arr\u00eat\u00e9 du 24 septembre<\/a>, d\u2019organiser une nouvelle enqu\u00eate publique. Pour mieux comprendre les enjeux, il est int\u00e9ressant de lire <a href=\"https:\/\/www.mrae.developpement-durable.gouv.fr\/IMG\/pdf\/20240731-ap-1729-icpe-extensionst-crolles-38_definitif.pdf#:~:text=La%20CNDP%20a%20pris%20une%20d%C3%A9cision%20en%20date%20du%2024\" data-type=\"link\" data-id=\"https:\/\/www.mrae.developpement-durable.gouv.fr\/IMG\/pdf\/20240731-ap-1729-icpe-extensionst-crolles-38_definitif.pdf#:~:text=La%20CNDP%20a%20pris%20une%20d%C3%A9cision%20en%20date%20du%2024\">l\u2019avis de l\u2019autorit\u00e9 environnementale de juillet 2024 (avis n\u00b0 2024-ARA-AP-1729)<\/a>. <\/p>\n\n\n\n<hr class=\"wp-block-separator has-alpha-channel-opacity\"\/>\n\n\n\n<p><strong>Pr\u00e9conisations de l\u2019atelier de projet sur l\u2019acc\u00e8s \u00e0 l\u2019eau \u00e0 Grenoble. <\/strong>Initi\u00e9 sur proposition des Conseils citoyens ind\u00e9pendants (CCI), cet atelier \u00ab\u00a0Eau\u00a0\u00bb s&rsquo;est d\u00e9ploy\u00e9 en 2024 avec pour objectif d&rsquo;\u00e9mettre des&nbsp;recommandations \u00e0 l&rsquo;attention de la Ville pour am\u00e9liorer l&rsquo;acc\u00e8s \u00e0 l&rsquo;eau sur l&rsquo;espace public \u00e0 Grenoble.&nbsp;Cette d\u00e9marche a \u00e9t\u00e9 organis\u00e9e sur 3 s\u00e9ances regroupant un panel de 31 personnes. Ils-elles ont eu l&rsquo;occasion de s&rsquo;entretenir avec 9 sp\u00e9cialistes&nbsp;du sujet pour approfondir leurs r\u00e9flexions. Ce travail a permis au panel citoyen de s&rsquo;accorder sur&nbsp;<a href=\"https:\/\/grenoble.metropoleparticipative.fr\/43726-atelier-acces-a-l-eau-a-grenoble.htm\" data-type=\"link\" data-id=\"https:\/\/grenoble.metropoleparticipative.fr\/43726-atelier-acces-a-l-eau-a-grenoble.htm\">16&nbsp;pr\u00e9conisations pr\u00e9sent\u00e9es au Conseil municipal du 30 septembre 2024<\/a>.<\/p>\n\n\n\n<hr class=\"wp-block-separator has-alpha-channel-opacity\"\/>\n\n\n\n<p><strong>Au Lyc\u00e9e Mounier\u00a0: manque de moyens pour accompagner les \u00e9l\u00e8ves en situation de handicap<\/strong>. A l\u2019occasion de la cl\u00f4ture des Jeux paralympiques de Paris 2024, 65 membres du personnel du lyc\u00e9e Mounier, \u00e0 Grenoble, ont \u00e9crit <a href=\"https:\/\/www.placegrenet.fr\/2024\/10\/01\/lycee-mounier-de-grenoble-une-lettre-ouverte-denonce-le-manque-de-moyens-pour-accueillir-les-eleves-porteurs-de-handicap\/636944\" data-type=\"link\" data-id=\"https:\/\/www.placegrenet.fr\/2024\/10\/01\/lycee-mounier-de-grenoble-une-lettre-ouverte-denonce-le-manque-de-moyens-pour-accueillir-les-eleves-porteurs-de-handicap\/636944\">une lettre ouverte<\/a> pour t\u00e9moigner de la place du handicap dans les \u00e9tablissements scolaires. Ils d\u00e9noncent le manque de moyens n\u00e9cessaire \u00e0 l\u2019accompagnement des \u00e9l\u00e8ves concern\u00e9s, mais aussi d\u2019aide \u00e0 leurs familles et au personnel en charge d\u2019assurer leur suivi social, m\u00e9dical et scolaire.<\/p>\n\n\n\n<hr class=\"wp-block-separator has-alpha-channel-opacity\"\/>\n\n\n\n<p><strong>Ehpad : un mod\u00e8le \u00e0 reconstruire. <\/strong><a href=\"https:\/\/www.senat.fr\/salle-de-presse\/dernieres-conferences-de-presse\/page-de-detail-1\/situation-des-ehpad-3592.html\" data-type=\"link\" data-id=\"https:\/\/www.senat.fr\/salle-de-presse\/dernieres-conferences-de-presse\/page-de-detail-1\/situation-des-ehpad-3592.html\">Un rapport s\u00e9natorial<\/a> analyse la situation financi\u00e8re des Ehpad qui s\u2019est fortement d\u00e9grad\u00e9e depuis trois ans : non seulement la proportion d\u2019Ehpad d\u00e9ficitaires a augment\u00e9 mais l\u2019ampleur des d\u00e9ficits s\u2019est aggrav\u00e9e, exposant de nombreux \u00e9tablissements \u00e0 des difficult\u00e9s de tr\u00e9sorerie \u00e0 court terme. Une combinaison de causes conjoncturelles et structurelles explique cette situation, que des aides ponctuelles ne suffiront pas \u00e0 surmonter. Les questions de financement et d\u2019organisation ne sauraient \u00eatre compl\u00e8tement r\u00e9solues sans traiter la question de la gouvernance des Ehpad et, plus g\u00e9n\u00e9ralement, des politiques de l\u2019autonomie. Les d\u00e9partements, appel\u00e9s \u00e0 piloter le service public d\u00e9partemental de l\u2019autonomie, devraient plus largement rester en mesure de mener une politique de prise en charge des personnes \u00e2g\u00e9es coh\u00e9rente qui tienne compte du continuum entre la prise en charge \u00e0 domicile et l\u2019entr\u00e9e en \u00e9tablissement. Toutefois, une clarification des r\u00f4les respectifs des ARS et des d\u00e9partements ne saurait \u00eatre men\u00e9e \u00e0 bien sans un consensus entre les repr\u00e9sentants des parties concern\u00e9es.<\/p>\n\n\n\n<!--more-->\n\n\n\n<hr class=\"wp-block-separator has-alpha-channel-opacity\"\/>\n\n\n\n<p><strong>La l\u00e9galisation du cannabis aux \u00c9tats-Unis. <\/strong><a href=\"https:\/\/www.ofdt.fr\/sites\/ofdt\/files\/2024-09\/rapport_astracan_washington_oregon_californie_2024.pdf\" data-type=\"link\" data-id=\"https:\/\/www.ofdt.fr\/sites\/ofdt\/files\/2024-09\/rapport_astracan_washington_oregon_californie_2024.pdf\">R\u00e9sultats de l&rsquo;enqu\u00eate Astracan (Analyse strat\u00e9gique des politiques de r\u00e9gulation du cannabis)<\/a><strong>. <\/strong>Retours d&rsquo;exp\u00e9riences et bilan dans trois juridictions (\u00c9tat de Washington, Oregon, Californie). La l\u00e9galisation \u00e9tant avant tout un processus complexe d\u2019une transition vers la sph\u00e8re l\u00e9gale, il s\u2019agit pour les autorit\u00e9s publiques de construire les conditions d\u2019\u00e9mergence d\u2019un march\u00e9\u0301 utile \u00e0 l\u2019\u00e9conomie locale capable de supplanter une \u00e9conomie souterraine florissante, mais en poursuivant \u00e9galement des objectifs de sant\u00e9 publique et de justice sociale. Ce rapport met en lumi\u00e8re la grande diversit\u00e9 des mod\u00e8les de r\u00e9gulation du cannabis, un syst\u00e8me de gouvernance complexe, ainsi que la dynamique puissante de l\u2019innovation commerciale accompagnant la l\u00e9galisation.<\/p>\n\n\n\n<hr class=\"wp-block-separator has-alpha-channel-opacity\"\/>\n\n\n\n<p><strong>Tenir le cap de la d\u00e9carbonation, prot\u00e9ger la population. <\/strong>Version grand public du rapport annuel du Haut conseil pour le climat.<strong> <\/strong>Les experts du Haut Conseil pour le climat (HCC) mettent la pression sur le nouveau gouvernement en demandant une direction claire et en critiquant les coupes budg\u00e9taires qui nuisent \u00e0 la confiance dans la transition climatique. Alors que le climat continue de se r\u00e9chauffer 2 fois plus vite sur le continent europ\u00e9en que sur le reste du monde, il faut acc\u00e9l\u00e9rer la baisse des \u00e9missions en France pour att\u00adeindre la neutralit\u00e9 carbone en 2050. Les impacts se multiplient, s\u2019intensifient et se cumulent en France, comme en Europe et dans le monde, et leurs cons\u00e9quences pour la soci\u00e9t\u00e9 s\u2019aggravent. Les capacit\u00e9s de r\u00e9ponse ont \u00e9t\u00e9 localement satur\u00e9es en ce qui concerne la ressource en eau, la lu\u00adtte contre les feux de v\u00e9g\u00e9tation et l&rsquo;assurabilit\u00e9 des biens. <a href=\"https:\/\/www.hautconseilclimat.fr\/wp-content\/uploads\/2024\/09\/2024_09_27_HCC_Rapport_GP_2024_web_VF.pdf\">https:\/\/www.hautconseilclimat.fr\/wp-content\/uploads\/2024\/09\/2024_09_27_HCC_Rapport_GP_2024_web_VF.pdf<\/a><\/p>\n\n\n\n<p><strong><a href=\"https:\/\/www.conseil-etat.fr\/Media\/actualites\/documents\/2024\/septembre-2024\/487944-487974-489177.pdf\" data-type=\"link\" data-id=\"https:\/\/www.conseil-etat.fr\/Media\/actualites\/documents\/2024\/septembre-2024\/487944-487974-489177.pdf\">Le Conseil d&rsquo;\u00c9tat consid\u00e8re l&rsquo;abaya et le qamis comme des tenues ostensiblement religieuses<\/a><\/strong>. Il valide leur interdiction dans les \u00e9tablissements scolaires publics par la note de service minist\u00e9rielle du 31 ao\u00fbt 2023 qui estimait que le port de telles tenues manifeste ostensiblement en milieu scolaire une appartenance religieuse et ne peut y \u00eatre tol\u00e9r\u00e9.&nbsp;Le Conseil d&rsquo;\u00c9tat fait valoir que les dispositions l\u00e9gislatives <em>\u00ab\u00a0n&rsquo;interdisent pas le port de tout signe religieux par les \u00e9l\u00e8ves dans les \u00e9tablissements d&rsquo;enseignement publics mais seulement celui de signes ou tenues par lesquels les \u00e9l\u00e8ves manifestent ostensiblement une appartenance religieuse\u00a0\u00bb<\/em>. Le port de signes discrets est donc autoris\u00e9. Les \u00e9l\u00e8ves qui refuseraient de renoncer \u00e0 porter de telles tenues feraient l&rsquo;objet d&rsquo;une mesure d&rsquo;exclusion de leur \u00e9tablissement d&rsquo;enseignement public, mais pourront poursuivre leur scolarit\u00e9, notamment dans un \u00e9tablissement priv\u00e9.<\/p>\n\n\n\n<hr class=\"wp-block-separator has-alpha-channel-opacity\"\/>\n\n\n\n<p><strong>L\u2019interdiction d\u2019un chien guide d\u2019aveugle dans un magasin est de nature \u00e0 constituer le d\u00e9lit de discrimination.<\/strong> Une personne malvoyante accompagn\u00e9e par son chien guide s\u2019\u00e9tait vue refuser l\u2019acc\u00e8s \u00e0 un commerce au motif que les animaux ne sont pas admis dans les magasins d\u2019alimentation.<a href=\"https:\/\/www.defenseurdesdroits.fr\/linterdiction-dun-chien-guide-daveugle-dans-un-magasin-est-de-nature-constituer-le-delit-de-700\" data-type=\"link\" data-id=\"https:\/\/www.defenseurdesdroits.fr\/linterdiction-dun-chien-guide-daveugle-dans-un-magasin-est-de-nature-constituer-le-delit-de-700\"> Vendredi 27 septembre, le Tribunal correctionnel de Marseille a condamn\u00e9 le g\u00e9rant du magasin<\/a> pour avoir commis le d\u00e9lit de discrimination.&nbsp;Pour la D\u00e9fenseure des droits, c\u2019est un pas important dans la reconnaissance de la gravit\u00e9 des discriminations subies par les personnes en situation de handicap dans leur quotidien.<\/p>\n","protected":false},"excerpt":{"rendered":"<p>Nouvelle enqu\u00eate publique concernant STMicroelectronics du 14 octobre au 25 novembre 1024. Suite \u00e0 la demande d\u2019autorisation environnementale et d\u2019institution de servitudes d\u2019utilit\u00e9 publique pr\u00e9sent\u00e9es par la soci\u00e9t\u00e9 STMICROELECTRONICS, le pr\u00e9fet de l\u2019Is\u00e8re a d\u00e9cid\u00e9 par un arr\u00eat\u00e9 du 24 septembre, d\u2019organiser une nouvelle enqu\u00eate publique. Pour mieux comprendre les enjeux, il est int\u00e9ressant de [&hellip;]<\/p>\n","protected":false},"author":1,"featured_media":0,"comment_status":"closed","ping_status":"open","sticky":false,"template":"","format":"standard","meta":{"twitterCardType":"","cardImageID":0,"cardImage":"","cardTitle":"","cardDesc":"","cardImageAlt":"","cardPlayer":"","cardPlayerWidth":0,"cardPlayerHeight":0,"cardPlayerStream":"","cardPlayerCodec":"","footnotes":""},"categories":[62,11],"tags":[296,232,39,225,287],"class_list":["post-23674","post","type-post","status-publish","format-standard","hentry","category-le-rouge-le-vert-hebdo","category-politique-locale","tag-drogues","tag-eau","tag-enquetes-publiques","tag-handicap","tag-personnes-agees"],"_links":{"self":[{"href":"https:\/\/www.ades-grenoble.org\/wordpress\/wp-json\/wp\/v2\/posts\/23674","targetHints":{"allow":["GET"]}}],"collection":[{"href":"https:\/\/www.ades-grenoble.org\/wordpress\/wp-json\/wp\/v2\/posts"}],"about":[{"href":"https:\/\/www.ades-grenoble.org\/wordpress\/wp-json\/wp\/v2\/types\/post"}],"author":[{"embeddable":true,"href":"https:\/\/www.ades-grenoble.org\/wordpress\/wp-json\/wp\/v2\/users\/1"}],"replies":[{"embeddable":true,"href":"https:\/\/www.ades-grenoble.org\/wordpress\/wp-json\/wp\/v2\/comments?post=23674"}],"version-history":[{"count":3,"href":"https:\/\/www.ades-grenoble.org\/wordpress\/wp-json\/wp\/v2\/posts\/23674\/revisions"}],"predecessor-version":[{"id":23716,"href":"https:\/\/www.ades-grenoble.org\/wordpress\/wp-json\/wp\/v2\/posts\/23674\/revisions\/23716"}],"wp:attachment":[{"href":"https:\/\/www.ades-grenoble.org\/wordpress\/wp-json\/wp\/v2\/media?parent=23674"}],"wp:term":[{"taxonomy":"category","embeddable":true,"href":"https:\/\/www.ades-grenoble.org\/wordpress\/wp-json\/wp\/v2\/categories?post=23674"},{"taxonomy":"post_tag","embeddable":true,"href":"https:\/\/www.ades-grenoble.org\/wordpress\/wp-json\/wp\/v2\/tags?post=23674"}],"curies":[{"name":"wp","href":"https:\/\/api.w.org\/{rel}","templated":true}]}}