{"id":23721,"date":"2024-10-11T11:33:20","date_gmt":"2024-10-11T09:33:20","guid":{"rendered":"https:\/\/www.ades-grenoble.org\/wordpress\/?p=23721"},"modified":"2024-10-11T11:33:20","modified_gmt":"2024-10-11T09:33:20","slug":"reduire-le-deficit-tout-en-preparant-lavenir-les-propositions-du-pacte-du-pouvoir-de-vivre","status":"publish","type":"post","link":"https:\/\/www.ades-grenoble.org\/wordpress\/2024\/10\/11\/reduire-le-deficit-tout-en-preparant-lavenir-les-propositions-du-pacte-du-pouvoir-de-vivre\/","title":{"rendered":"R\u00e9duire le d\u00e9ficit tout en pr\u00e9parant l\u2019avenir. Les propositions du Pacte du Pouvoir de Vivre"},"content":{"rendered":"<div class=\"wp-block-image\">\n<figure class=\"alignleft size-full\"><img loading=\"lazy\" decoding=\"async\" width=\"380\" height=\"152\" src=\"https:\/\/www.ades-grenoble.org\/wordpress\/wp-content\/uploads\/2024\/10\/pacte-du-pouvoir-de-vivre.jpg\" alt=\"\" class=\"wp-image-23722\" srcset=\"https:\/\/www.ades-grenoble.org\/wordpress\/wp-content\/uploads\/2024\/10\/pacte-du-pouvoir-de-vivre.jpg 380w, https:\/\/www.ades-grenoble.org\/wordpress\/wp-content\/uploads\/2024\/10\/pacte-du-pouvoir-de-vivre-300x120.jpg 300w, https:\/\/www.ades-grenoble.org\/wordpress\/wp-content\/uploads\/2024\/10\/pacte-du-pouvoir-de-vivre-150x60.jpg 150w\" sizes=\"auto, (max-width: 380px) 100vw, 380px\" \/><\/figure>\n<\/div>\n\n\n<p><a href=\"https:\/\/www.pactedupouvoirdevivre.fr\/reduire_le_deficit_tout_en_preparant_l_avenir\" data-type=\"link\" data-id=\"https:\/\/www.pactedupouvoirdevivre.fr\/reduire_le_deficit_tout_en_preparant_l_avenir\">Les propositions du Pacte du Pouvoir de Vivre pour le projet de loi de finances 2025<\/a> est tr\u00e8s \u00e9clairant. Cr\u00e9\u00e9 en 2019, le Pacte du Pouvoir de Vivre est un collectif de 63 organisations parmi les plus reconnues de la soci\u00e9t\u00e9 civile organis\u00e9e fran\u00e7aise, aussi diverses dans leur statut (associations, fondations, ONG, syndicat, mutuelles&#8230;) que dans leurs domaines d\u2019action \u2013 environnement, lutte contre la pauvret\u00e9, logement, travail, jeunesse, Economie Sociale et Solidaire, migration&#8230; Cette alliance in\u00e9dite a d\u00e9cid\u00e9 d\u2019agir pour que les questions sociales, environnementales et d\u00e9mocratiques, qui sont indissociables, soient prises en compte dans les d\u00e9cisions politiques et dans le d\u00e9bat public au niveau local et national.<\/p>\n\n\n\n<p>L\u2019introduction de ce document propose une \u00e9volution du budget 2015 entre 50 et 75 milliards d\u2019euros, avec seulement 20 milliards d\u2019\u00e9conomies tr\u00e8s cibl\u00e9es et entre 33 et 55 milliards de recettes fiscales et de pr\u00e9l\u00e8vements socialement justes. Des alternatives progressistes \u00e0 la proposition de Michel Barnier existent.<\/p>\n\n\n\n<!--more-->\n\n\n\n<p><em>\u00ab&nbsp;A l\u2019occasion du d\u00e9bat budg\u00e9taire ce Pacte fait des propositions tr\u00e8s concr\u00e8tes pour que les budgets de l\u2019Etat et de la S\u00e9curit\u00e9 Sociale r\u00e9pondent aux exigences de justice sociale, de lutte contre la pauvret\u00e9 et l\u2019adaptation \u00e0 la crise climatique.<\/em><\/p>\n\n\n\n<p><em>Le d\u00e9bat budg\u00e9taire est un moment de v\u00e9rit\u00e9 de notre vie d\u00e9mocratique, elle-m\u00eame largement malmen\u00e9e ces derni\u00e8res ann\u00e9es et ces trois derniers mois. Un moment de v\u00e9rit\u00e9 qui ne peut pas se r\u00e9sumer \u00e0 un discours sur la r\u00e9duction des d\u00e9penses publiques comme seul projet d\u2019avenir.<\/em><\/p>\n\n\n\n<p><em>M\u00eame dans un contexte de tension budg\u00e9taire, nous devons faire face aux d\u00e9fis qui sont devant nous en termes de justice sociale, de lutte contre la pauvret\u00e9 et de crise climatique et \u00e9cologique. La r\u00e9duction drastique des d\u00e9penses publiques fragiliserait \u00e0 la fois notre syst\u00e8me de protection sociale, notre capacit\u00e9 \u00e0 faire face au d\u00e9fi climatique et environnemental et notre \u00e9conomie. A l\u2019inverse, il existe aujourd\u2019hui des chemins pour concilier l\u2019\u00e9quilibre budg\u00e9taire et la pr\u00e9paration de notre avenir commun, celui qui donne acc\u00e8s \u00e0 chacun.e aux services publics et de sant\u00e9, \u00e0 l\u2019\u00e9ducation, \u00e0 une protection sociale qui lui permette de vivre dignement, aux b\u00e9n\u00e9fices d\u2019une transition \u00e9cologique juste au quotidien pour se d\u00e9placer, se loger ou encore se nourrir.<\/em><\/p>\n\n\n\n<p><em>C\u2019est la conviction du Pacte du pouvoir de vivre qui r\u00e9unit plus de 60 organisations parmi les plus importantes de la soci\u00e9t\u00e9 civile et qui sont, elles aussi, actrices \u00e0 part enti\u00e8re de notre \u00e9conomie.<\/em><\/p>\n\n\n\n<p><em>Toutes ont parfaitement conscience de la n\u00e9cessit\u00e9 de r\u00e9duire le d\u00e9ficit. Mais pas \u00e0 n\u2019importe quel prix. C\u2019est pourquoi, elles proposent ici des pistes s\u00e9rieuses, responsables et efficaces qui gardent pour horizon la n\u00e9cessit\u00e9 de financer notre avenir commun par la transition \u00e9cologique juste, la reconstruction de nos services publics et de notre syst\u00e8me de sant\u00e9, le maintien d\u2019un haut niveau de protection sociale.<\/em><\/p>\n\n\n\n<p><strong><em>R\u00e9duire le d\u00e9ficit tout en pr\u00e9parant notre avenir est possible : c\u2019est un choix politique.&nbsp;\u00bb<\/em><\/strong><\/p>\n\n\n\n<p>R\u00e9sum\u00e9 des marges de man\u0153uvre \u00e0 activer :<\/p>\n\n\n\n<figure class=\"wp-block-table aligncenter is-style-stripes\"><table class=\"has-fixed-layout\"><tbody><tr><td><strong>Libell\u00e9<\/strong><\/td><td><strong>Montant en Milliards d&rsquo;euros<\/strong><\/td><\/tr><tr><td><strong>R\u00e9duction de d\u00e9penses (dont d\u00e9penses fiscales)<\/strong><\/td><td><strong>19,3<\/strong><\/td><\/tr><tr><td>R\u00e9duction des d\u00e9penses n\u00e9fastes \u00e0 l\u2019environnement<\/td><td>1,3 &#8211; 7,3<\/td><\/tr><tr><td>Abaissement du plafond de d\u00e9penses de R&amp;D \u00e9ligibles au cr\u00e9dit imp\u00f4t recherche \u00e0 20 M\u20ac<\/td><td>2,5<\/td><\/tr><tr><td>Suppression du bandeau famille sur les salaires entre 2,5 et 3,5 Smic<\/td><td>1,6<\/td><\/tr><tr><td>Suppression de toute ou partie des exon\u00e9rations de cotisations sociales sur les compl\u00e9ments de salaires, d\u00e9cid\u00e9es depuis 2018<\/td><td>Jusqu&rsquo;\u00e0 8,1<\/td><\/tr><tr><td>&nbsp;<\/td><td>&nbsp;<\/td><\/tr><tr><td><strong>Hausse de recettes<\/strong><\/td><td><strong>32,8 &#8211; 55,5<\/strong><\/td><\/tr><tr><td>R\u00e9vision du bar\u00e8me de l\u2019imp\u00f4t sur le revenu (ajout de tranches et hausse du taux marginal)<\/td><td>?<\/td><\/tr><tr><td>Evolution de la Contribution exceptionnelle sur les hauts revenus (CEHR)<\/td><td>1<\/td><\/tr><tr><td>Retour de l\u2019imp\u00f4t de solidarit\u00e9 sur la fortune (ISF) dans sa version pr\u00e9-2018<\/td><td>4,5<\/td><\/tr><tr><td>Taxe exceptionnelle Pisani-Mahfouz sur le patrimoine financier<\/td><td>5<\/td><\/tr><tr><td>R\u00e9forme de la fiscalit\u00e9 des grandes successions<\/td><td>10 &#8211; 20<\/td><\/tr><tr><td>\u00c9largissement de l\u2019assiette de la taxe sur les transactions financi\u00e8res<\/td><td>2 &#8211; 4<\/td><\/tr><tr><td>Taxe sur les rachats d\u2019actions \u00e0 1% ou 3%<\/td><td>0,3 &#8211; 1<\/td><\/tr><tr><td>Majoration du PFU pour les super-dividendes et majoration de l\u2019IS pour les super-profits<\/td><td>10 &#8211; 20<\/td><\/tr><tr><td><strong>TOTAL<\/strong><\/td><td><strong>52,1 &#8211; 74,8<\/strong><\/td><\/tr><\/tbody><\/table><\/figure>\n","protected":false},"excerpt":{"rendered":"<p>Les propositions du Pacte du Pouvoir de Vivre pour le projet de loi de finances 2025 est tr\u00e8s \u00e9clairant. Cr\u00e9\u00e9 en 2019, le Pacte du Pouvoir de Vivre est un collectif de 63 organisations parmi les plus reconnues de la soci\u00e9t\u00e9 civile organis\u00e9e fran\u00e7aise, aussi diverses dans leur statut (associations, fondations, ONG, syndicat, mutuelles&#8230;) que [&hellip;]<\/p>\n","protected":false},"author":1,"featured_media":0,"comment_status":"closed","ping_status":"open","sticky":false,"template":"","format":"standard","meta":{"twitterCardType":"","cardImageID":0,"cardImage":"","cardTitle":"","cardDesc":"","cardImageAlt":"","cardPlayer":"","cardPlayerWidth":0,"cardPlayerHeight":0,"cardPlayerStream":"","cardPlayerCodec":"","footnotes":""},"categories":[62,11],"tags":[270,298,358,33],"class_list":["post-23721","post","type-post","status-publish","format-standard","hentry","category-le-rouge-le-vert-hebdo","category-politique-locale","tag-budget","tag-france","tag-revenus","tag-social"],"_links":{"self":[{"href":"https:\/\/www.ades-grenoble.org\/wordpress\/wp-json\/wp\/v2\/posts\/23721","targetHints":{"allow":["GET"]}}],"collection":[{"href":"https:\/\/www.ades-grenoble.org\/wordpress\/wp-json\/wp\/v2\/posts"}],"about":[{"href":"https:\/\/www.ades-grenoble.org\/wordpress\/wp-json\/wp\/v2\/types\/post"}],"author":[{"embeddable":true,"href":"https:\/\/www.ades-grenoble.org\/wordpress\/wp-json\/wp\/v2\/users\/1"}],"replies":[{"embeddable":true,"href":"https:\/\/www.ades-grenoble.org\/wordpress\/wp-json\/wp\/v2\/comments?post=23721"}],"version-history":[{"count":2,"href":"https:\/\/www.ades-grenoble.org\/wordpress\/wp-json\/wp\/v2\/posts\/23721\/revisions"}],"predecessor-version":[{"id":23724,"href":"https:\/\/www.ades-grenoble.org\/wordpress\/wp-json\/wp\/v2\/posts\/23721\/revisions\/23724"}],"wp:attachment":[{"href":"https:\/\/www.ades-grenoble.org\/wordpress\/wp-json\/wp\/v2\/media?parent=23721"}],"wp:term":[{"taxonomy":"category","embeddable":true,"href":"https:\/\/www.ades-grenoble.org\/wordpress\/wp-json\/wp\/v2\/categories?post=23721"},{"taxonomy":"post_tag","embeddable":true,"href":"https:\/\/www.ades-grenoble.org\/wordpress\/wp-json\/wp\/v2\/tags?post=23721"}],"curies":[{"name":"wp","href":"https:\/\/api.w.org\/{rel}","templated":true}]}}