{"id":23746,"date":"2024-10-11T11:34:20","date_gmt":"2024-10-11T09:34:20","guid":{"rendered":"https:\/\/www.ades-grenoble.org\/wordpress\/?p=23746"},"modified":"2024-10-11T11:34:20","modified_gmt":"2024-10-11T09:34:20","slug":"agenda-272","status":"publish","type":"post","link":"https:\/\/www.ades-grenoble.org\/wordpress\/2024\/10\/11\/agenda-272\/","title":{"rendered":"Agenda"},"content":{"rendered":"<div class=\"wp-block-image\">\n<figure class=\"alignleft size-full\"><img loading=\"lazy\" decoding=\"async\" width=\"380\" height=\"233\" src=\"https:\/\/www.ades-grenoble.org\/wordpress\/wp-content\/uploads\/2024\/10\/assemblee-alimentation.jpg\" alt=\"\" class=\"wp-image-23747\" srcset=\"https:\/\/www.ades-grenoble.org\/wordpress\/wp-content\/uploads\/2024\/10\/assemblee-alimentation.jpg 380w, https:\/\/www.ades-grenoble.org\/wordpress\/wp-content\/uploads\/2024\/10\/assemblee-alimentation-300x184.jpg 300w, https:\/\/www.ades-grenoble.org\/wordpress\/wp-content\/uploads\/2024\/10\/assemblee-alimentation-150x92.jpg 150w\" sizes=\"auto, (max-width: 380px) 100vw, 380px\" \/><\/figure>\n<\/div>\n\n\n<p><strong>Samedi 12 octobre \u00e0 13 h 30 au March\u00e9 d\u2019int\u00e9r\u00eat national. <\/strong>Lancement de la S\u00e9curit\u00e9 Sociale de l\u2019Alimentation \u00e0 Grenoble. Voir article ci-dessous.<\/p>\n\n\n\n<hr class=\"wp-block-separator has-alpha-channel-opacity\"\/>\n\n\n\n<p><strong>Jeudi 17 octobre \u00e0 18 h, rassemblement Place Edmond Arnaud \u00e0 Grenoble <\/strong>La c\u00e9r\u00e9monie est organis\u00e9e par&nbsp;\u00ab&nbsp;le collectif 17 octobre 1961 Is\u00e8re&nbsp;\u00bb et la ville de Grenoble. Puis un d\u00e9fil\u00e9 vers la passerelle St Laurent o\u00f9 seront jet\u00e9es des fleurs dans l\u2019Is\u00e8re \u00e0 la m\u00e9moire des manifestants alg\u00e9riens massacr\u00e9s \u00e0 Paris. Voir article ci-dessous<strong>.<\/strong><\/p>\n\n\n\n<hr class=\"wp-block-separator has-alpha-channel-opacity\"\/>\n\n\n\n<p><strong>Vendredi 18 octobre \u00e0 18 heures 30 Maison du Tourisme Grenoble, conf\u00e9rence avec Edwy PLENEL <\/strong>journaliste et co-fondateur de M\u00e9diapart auteur du livre \u00ab&nbsp;<em>Le jardin et la jungle&nbsp;: a<\/em><em>dresse \u00e0 l&rsquo;Europe sur l&rsquo;id\u00e9e qu&rsquo;elle se fait du monde<\/em>&nbsp;\u00bb. Organis\u00e9e par ATLLAS<strong><\/strong><\/p>\n","protected":false},"excerpt":{"rendered":"<p>Samedi 12 octobre \u00e0 13 h 30 au March\u00e9 d\u2019int\u00e9r\u00eat national. Lancement de la S\u00e9curit\u00e9 Sociale de l\u2019Alimentation \u00e0 Grenoble. Voir article ci-dessous. Jeudi 17 octobre \u00e0 18 h, rassemblement Place Edmond Arnaud \u00e0 Grenoble La c\u00e9r\u00e9monie est organis\u00e9e par&nbsp;\u00ab&nbsp;le collectif 17 octobre 1961 Is\u00e8re&nbsp;\u00bb et la ville de Grenoble. Puis un d\u00e9fil\u00e9 vers la [&hellip;]<\/p>\n","protected":false},"author":1,"featured_media":0,"comment_status":"closed","ping_status":"open","sticky":false,"template":"","format":"standard","meta":{"twitterCardType":"","cardImageID":0,"cardImage":"","cardTitle":"","cardDesc":"","cardImageAlt":"","cardPlayer":"","cardPlayerWidth":0,"cardPlayerHeight":0,"cardPlayerStream":"","cardPlayerCodec":"","footnotes":""},"categories":[62,11],"tags":[125],"class_list":["post-23746","post","type-post","status-publish","format-standard","hentry","category-le-rouge-le-vert-hebdo","category-politique-locale","tag-agenda"],"_links":{"self":[{"href":"https:\/\/www.ades-grenoble.org\/wordpress\/wp-json\/wp\/v2\/posts\/23746","targetHints":{"allow":["GET"]}}],"collection":[{"href":"https:\/\/www.ades-grenoble.org\/wordpress\/wp-json\/wp\/v2\/posts"}],"about":[{"href":"https:\/\/www.ades-grenoble.org\/wordpress\/wp-json\/wp\/v2\/types\/post"}],"author":[{"embeddable":true,"href":"https:\/\/www.ades-grenoble.org\/wordpress\/wp-json\/wp\/v2\/users\/1"}],"replies":[{"embeddable":true,"href":"https:\/\/www.ades-grenoble.org\/wordpress\/wp-json\/wp\/v2\/comments?post=23746"}],"version-history":[{"count":2,"href":"https:\/\/www.ades-grenoble.org\/wordpress\/wp-json\/wp\/v2\/posts\/23746\/revisions"}],"predecessor-version":[{"id":23749,"href":"https:\/\/www.ades-grenoble.org\/wordpress\/wp-json\/wp\/v2\/posts\/23746\/revisions\/23749"}],"wp:attachment":[{"href":"https:\/\/www.ades-grenoble.org\/wordpress\/wp-json\/wp\/v2\/media?parent=23746"}],"wp:term":[{"taxonomy":"category","embeddable":true,"href":"https:\/\/www.ades-grenoble.org\/wordpress\/wp-json\/wp\/v2\/categories?post=23746"},{"taxonomy":"post_tag","embeddable":true,"href":"https:\/\/www.ades-grenoble.org\/wordpress\/wp-json\/wp\/v2\/tags?post=23746"}],"curies":[{"name":"wp","href":"https:\/\/api.w.org\/{rel}","templated":true}]}}