{"id":23804,"date":"2024-10-25T11:16:14","date_gmt":"2024-10-25T09:16:14","guid":{"rendered":"https:\/\/www.ades-grenoble.org\/wordpress\/?p=23804"},"modified":"2024-10-25T11:16:14","modified_gmt":"2024-10-25T09:16:14","slug":"election-legislative-partielle-sur-la-1ere-circonscription-de-lisere","status":"publish","type":"post","link":"https:\/\/www.ades-grenoble.org\/wordpress\/2024\/10\/25\/election-legislative-partielle-sur-la-1ere-circonscription-de-lisere\/","title":{"rendered":"Election l\u00e9gislative partielle sur la 1\u00e8re circonscription de l\u2019Is\u00e8re"},"content":{"rendered":"<div class=\"wp-block-image\">\n<figure class=\"alignleft size-full\"><img loading=\"lazy\" decoding=\"async\" width=\"380\" height=\"177\" src=\"https:\/\/www.ades-grenoble.org\/wordpress\/wp-content\/uploads\/2024\/06\/NouveauFrontPopulaire-1.jpg\" alt=\"\" class=\"wp-image-23402\" srcset=\"https:\/\/www.ades-grenoble.org\/wordpress\/wp-content\/uploads\/2024\/06\/NouveauFrontPopulaire-1.jpg 380w, https:\/\/www.ades-grenoble.org\/wordpress\/wp-content\/uploads\/2024\/06\/NouveauFrontPopulaire-1-300x140.jpg 300w, https:\/\/www.ades-grenoble.org\/wordpress\/wp-content\/uploads\/2024\/06\/NouveauFrontPopulaire-1-150x70.jpg 150w\" sizes=\"auto, (max-width: 380px) 100vw, 380px\" \/><\/figure>\n<\/div>\n\n\n<p>Le Nouveau Front Populaire (NFP) a permis aux d\u00e9put\u00e9-es de gauche et \u00e9cologistes de survivre \u00e0 la dissolution de l\u2019Assembl\u00e9e nationale et a emp\u00each\u00e9, gr\u00e2ce au Front R\u00e9publicain, le Rassemblement National de gagner. Nous regrettons que le NFP n\u2019approfondisse pas son projet. Nous observons qu\u2019il n\u2019adopte pas une tactique tr\u00e8s efficace pour d\u00e9montrer sa capacit\u00e9 \u00e0 gouverner en ne recherchant pas les alli\u00e9s de circonstance qui avanceraient, m\u00eame doucement, dans la direction strat\u00e9gique de lutte contre les in\u00e9galit\u00e9s, pour la transition \u00e9nerg\u00e9tique et environnementale devenue incontournable face aux catastrophes dues \u00e0 l\u2019acc\u00e9l\u00e9ration du d\u00e9r\u00e8glement climatique.<\/p>\n\n\n\n<p>L\u2019incapacit\u00e9 du NFP \u00e0 vouloir se d\u00e9velopper localement est malheureusement un handicap important. L\u2019unit\u00e9 \u00e0 la base a toujours \u00e9t\u00e9 un atout b\u00e9n\u00e9fique, pour que l\u2019ensemble des forces progressistes cr\u00e9ent ou inventent des majorit\u00e9s \u00e0 la fois culturelles, sociales, \u00e9cologiques et \u00e9conomiques. Ces initiatives politiques locales, obligeraient les responsables nationaux \u00e0 mieux g\u00e9rer leurs diff\u00e9rences. On en est loin.<\/p>\n\n\n\n<!--more-->\n\n\n\n<p>Ce qui se passe \u00e0 l\u2019occasion de l\u2019\u00e9lection l\u00e9gislative partielle dans la 1<sup>\u00e8re<\/sup>&nbsp;circonscription de l\u2019Is\u00e8re est la d\u00e9monstration que le NFP n\u2019est pas encore \u00e0 la hauteur des enjeux qui se proposent \u00e0 lui\u2026. Avoir rat\u00e9 la possibilit\u00e9 d\u2019avoir Lucie Castets comme candidate unitaire est regrettable et dommageable, m\u00eame si la victoire n\u2019\u00e9tait pas assur\u00e9e car la tr\u00e8s faible participation lors d\u2019une \u00e9lection partielle trouble ou obscurcit les vrais rapports de force \u00e9lectoraux.<\/p>\n\n\n\n<p>C\u2019est une circonscription difficile pour la gauche\u2026 et une division \u00e0 gauche pourrait entra\u00eener la perte de cette circonscription.<\/p>\n","protected":false},"excerpt":{"rendered":"<p>Le Nouveau Front Populaire (NFP) a permis aux d\u00e9put\u00e9-es de gauche et \u00e9cologistes de survivre \u00e0 la dissolution de l\u2019Assembl\u00e9e nationale et a emp\u00each\u00e9, gr\u00e2ce au Front R\u00e9publicain, le Rassemblement National de gagner. Nous regrettons que le NFP n\u2019approfondisse pas son projet. Nous observons qu\u2019il n\u2019adopte pas une tactique tr\u00e8s efficace pour d\u00e9montrer sa capacit\u00e9 [&hellip;]<\/p>\n","protected":false},"author":1,"featured_media":0,"comment_status":"closed","ping_status":"open","sticky":false,"template":"","format":"standard","meta":{"twitterCardType":"","cardImageID":0,"cardImage":"","cardTitle":"","cardDesc":"","cardImageAlt":"","cardPlayer":"","cardPlayerWidth":0,"cardPlayerHeight":0,"cardPlayerStream":"","cardPlayerCodec":"","footnotes":""},"categories":[62,11],"tags":[140,288],"class_list":["post-23804","post","type-post","status-publish","format-standard","hentry","category-le-rouge-le-vert-hebdo","category-politique-locale","tag-elections","tag-isere"],"_links":{"self":[{"href":"https:\/\/www.ades-grenoble.org\/wordpress\/wp-json\/wp\/v2\/posts\/23804","targetHints":{"allow":["GET"]}}],"collection":[{"href":"https:\/\/www.ades-grenoble.org\/wordpress\/wp-json\/wp\/v2\/posts"}],"about":[{"href":"https:\/\/www.ades-grenoble.org\/wordpress\/wp-json\/wp\/v2\/types\/post"}],"author":[{"embeddable":true,"href":"https:\/\/www.ades-grenoble.org\/wordpress\/wp-json\/wp\/v2\/users\/1"}],"replies":[{"embeddable":true,"href":"https:\/\/www.ades-grenoble.org\/wordpress\/wp-json\/wp\/v2\/comments?post=23804"}],"version-history":[{"count":1,"href":"https:\/\/www.ades-grenoble.org\/wordpress\/wp-json\/wp\/v2\/posts\/23804\/revisions"}],"predecessor-version":[{"id":23805,"href":"https:\/\/www.ades-grenoble.org\/wordpress\/wp-json\/wp\/v2\/posts\/23804\/revisions\/23805"}],"wp:attachment":[{"href":"https:\/\/www.ades-grenoble.org\/wordpress\/wp-json\/wp\/v2\/media?parent=23804"}],"wp:term":[{"taxonomy":"category","embeddable":true,"href":"https:\/\/www.ades-grenoble.org\/wordpress\/wp-json\/wp\/v2\/categories?post=23804"},{"taxonomy":"post_tag","embeddable":true,"href":"https:\/\/www.ades-grenoble.org\/wordpress\/wp-json\/wp\/v2\/tags?post=23804"}],"curies":[{"name":"wp","href":"https:\/\/api.w.org\/{rel}","templated":true}]}}