{"id":23809,"date":"2024-10-25T11:16:27","date_gmt":"2024-10-25T09:16:27","guid":{"rendered":"https:\/\/www.ades-grenoble.org\/wordpress\/?p=23809"},"modified":"2024-10-25T11:16:27","modified_gmt":"2024-10-25T09:16:27","slug":"agenda-274","status":"publish","type":"post","link":"https:\/\/www.ades-grenoble.org\/wordpress\/2024\/10\/25\/agenda-274\/","title":{"rendered":"Agenda"},"content":{"rendered":"<div class=\"wp-block-image\">\n<figure class=\"alignleft size-full\"><img loading=\"lazy\" decoding=\"async\" width=\"380\" height=\"380\" src=\"https:\/\/www.ades-grenoble.org\/wordpress\/wp-content\/uploads\/2024\/10\/BudgetParticipatif2024.jpg\" alt=\"\" class=\"wp-image-23810\" srcset=\"https:\/\/www.ades-grenoble.org\/wordpress\/wp-content\/uploads\/2024\/10\/BudgetParticipatif2024.jpg 380w, https:\/\/www.ades-grenoble.org\/wordpress\/wp-content\/uploads\/2024\/10\/BudgetParticipatif2024-300x300.jpg 300w, https:\/\/www.ades-grenoble.org\/wordpress\/wp-content\/uploads\/2024\/10\/BudgetParticipatif2024-150x150.jpg 150w, https:\/\/www.ades-grenoble.org\/wordpress\/wp-content\/uploads\/2024\/10\/BudgetParticipatif2024-144x144.jpg 144w\" sizes=\"auto, (max-width: 380px) 100vw, 380px\" \/><\/figure>\n<\/div>\n\n\n<p><strong><a href=\"https:\/\/grenoble.metropoleparticipative.fr\/participation\/43423\/43424-participation.htm?access=1&amp;tab=43860&amp;mode=list\" data-type=\"link\" data-id=\"https:\/\/grenoble.metropoleparticipative.fr\/participation\/43423\/43424-participation.htm?access=1&amp;tab=43860&amp;mode=list\">9<sup>\u00e8me<\/sup> \u00e9dition du budget participatif grenoblois<\/a><\/strong>. Le d\u00e9p\u00f4t des propositions des habitants est ouvert jusqu\u2019au lundi 28 octobre, pour l\u2019instant il y a 32 id\u00e9es d\u00e9pos\u00e9es. <\/p>\n\n\n\n<p><\/p>\n\n\n\n<p><\/p>\n","protected":false},"excerpt":{"rendered":"<p>9\u00e8me \u00e9dition du budget participatif grenoblois. Le d\u00e9p\u00f4t des propositions des habitants est ouvert jusqu\u2019au lundi 28 octobre, pour l\u2019instant il y a 32 id\u00e9es d\u00e9pos\u00e9es.<\/p>\n","protected":false},"author":1,"featured_media":0,"comment_status":"closed","ping_status":"open","sticky":false,"template":"","format":"standard","meta":{"twitterCardType":"","cardImageID":0,"cardImage":"","cardTitle":"","cardDesc":"","cardImageAlt":"","cardPlayer":"","cardPlayerWidth":0,"cardPlayerHeight":0,"cardPlayerStream":"","cardPlayerCodec":"","footnotes":""},"categories":[62,11],"tags":[125],"class_list":["post-23809","post","type-post","status-publish","format-standard","hentry","category-le-rouge-le-vert-hebdo","category-politique-locale","tag-agenda"],"_links":{"self":[{"href":"https:\/\/www.ades-grenoble.org\/wordpress\/wp-json\/wp\/v2\/posts\/23809","targetHints":{"allow":["GET"]}}],"collection":[{"href":"https:\/\/www.ades-grenoble.org\/wordpress\/wp-json\/wp\/v2\/posts"}],"about":[{"href":"https:\/\/www.ades-grenoble.org\/wordpress\/wp-json\/wp\/v2\/types\/post"}],"author":[{"embeddable":true,"href":"https:\/\/www.ades-grenoble.org\/wordpress\/wp-json\/wp\/v2\/users\/1"}],"replies":[{"embeddable":true,"href":"https:\/\/www.ades-grenoble.org\/wordpress\/wp-json\/wp\/v2\/comments?post=23809"}],"version-history":[{"count":1,"href":"https:\/\/www.ades-grenoble.org\/wordpress\/wp-json\/wp\/v2\/posts\/23809\/revisions"}],"predecessor-version":[{"id":23811,"href":"https:\/\/www.ades-grenoble.org\/wordpress\/wp-json\/wp\/v2\/posts\/23809\/revisions\/23811"}],"wp:attachment":[{"href":"https:\/\/www.ades-grenoble.org\/wordpress\/wp-json\/wp\/v2\/media?parent=23809"}],"wp:term":[{"taxonomy":"category","embeddable":true,"href":"https:\/\/www.ades-grenoble.org\/wordpress\/wp-json\/wp\/v2\/categories?post=23809"},{"taxonomy":"post_tag","embeddable":true,"href":"https:\/\/www.ades-grenoble.org\/wordpress\/wp-json\/wp\/v2\/tags?post=23809"}],"curies":[{"name":"wp","href":"https:\/\/api.w.org\/{rel}","templated":true}]}}