{"id":23819,"date":"2024-11-01T10:52:13","date_gmt":"2024-11-01T09:52:13","guid":{"rendered":"https:\/\/www.ades-grenoble.org\/wordpress\/?p=23819"},"modified":"2024-11-01T10:52:13","modified_gmt":"2024-11-01T09:52:13","slug":"diverses-actualites-187","status":"publish","type":"post","link":"https:\/\/www.ades-grenoble.org\/wordpress\/2024\/11\/01\/diverses-actualites-187\/","title":{"rendered":"Diverses actualit\u00e9s"},"content":{"rendered":"<div class=\"wp-block-image\">\n<figure class=\"alignleft size-full\"><img loading=\"lazy\" decoding=\"async\" width=\"400\" height=\"222\" src=\"https:\/\/www.ades-grenoble.org\/wordpress\/wp-content\/uploads\/2020\/11\/crieur.jpg\" alt=\"Crieur public\" class=\"wp-image-18106\" srcset=\"https:\/\/www.ades-grenoble.org\/wordpress\/wp-content\/uploads\/2020\/11\/crieur.jpg 400w, https:\/\/www.ades-grenoble.org\/wordpress\/wp-content\/uploads\/2020\/11\/crieur-150x83.jpg 150w, https:\/\/www.ades-grenoble.org\/wordpress\/wp-content\/uploads\/2020\/11\/crieur-300x167.jpg 300w\" sizes=\"auto, (max-width: 400px) 100vw, 400px\" \/><\/figure>\n<\/div>\n\n\n<p><strong>Budget 2025 de l\u2019Etat\u00a0: r\u00e9union et positions communes des associations du bloc communal. <\/strong>Les associations du bloc communal se sont r\u00e9unies mercredi 30 octobre pour \u00e9voquer le projet de loi de finances pour 2025 actuellement examin\u00e9 \u00e0 l\u2019Assembl\u00e9e nationale. Les sept associations d\u2019\u00e9lus ont soulign\u00e9 la vive inqui\u00e9tude qui leur est remont\u00e9e des 35\u00a0000 maires et 1 250 pr\u00e9sidents d\u2019intercommunalit\u00e9 face aux ponctions suppl\u00e9mentaires, \u00e0 hauteur d\u2019au moins 10 milliards d\u2019euros qu\u2019entend r\u00e9aliser l\u2019\u00c9tat sur leurs budgets. Elles s\u2019opposent \u00e0 ces pr\u00e9l\u00e8vements qui ne sont pas des \u00e9conomies et rappellent leur attachement au principe d\u2019\u00e9quit\u00e9 qui les lie, comme en t\u00e9moigne cette premi\u00e8re r\u00e9union in\u00e9dite qui marque leur unit\u00e9. Elles proposeront prochainement des pistes d\u2019\u00e9conomie au Gouvernement dans une contribution commune qui est en pr\u00e9paration. L\u2019\u00c9tat doit se r\u00e9former pour \u00eatre plus efficace et seule la v\u00e9ritable d\u00e9centralisation permettra de retrouver de la performance publique pour assainir les comptes publics et au service des habitants. <em>Association des maires de France et des pr\u00e9sidents d\u2019intercommunalit\u00e9 (AMF)\u00a0; Association des maires ruraux de France (AMRF)\u00a0; Association des petites villes de France (APVF)\u00a0; France urbaine\u00a0; Intercommunalit\u00e9s de France\u00a0; Union nationale des centres communaux d&rsquo;action sociale (UNCCAS)\u00a0; Villes de France<\/em>.<\/p>\n\n\n\n<hr class=\"wp-block-separator has-alpha-channel-opacity\"\/>\n\n\n\n<p><strong>735 sans domicile fixe morts en 2023. <\/strong>Selon <a href=\"https:\/\/mortsdelarue.org\/\" data-type=\"link\" data-id=\"https:\/\/mortsdelarue.org\/\">le collectif \u00ab\u00a0<em>Les Morts de la rue<\/em>\u00a0\u00bb<\/a> qui m\u00e8ne ce recensement depuis 2012, il n\u2019y a jamais eu un nombre aussi \u00e9lev\u00e9 de d\u00e9c\u00e8s, en hausse par rapport \u00e0 2022, o\u00f9 624 personnes sont d\u00e9c\u00e9d\u00e9es dans la rue. Ces chiffres sont \u00e0 interpr\u00e9ter avec pr\u00e9caution, en effet une part significative des d\u00e9c\u00e8s \u00e9chappant \u00e0 cette \u00e9tude. L&rsquo;\u00e2ge moyen de d\u00e9c\u00e8s des personnes recens\u00e9es est environ 49 ans, soit pr\u00e8s de 30 ans de moins que la population g\u00e9n\u00e9rale. Les d\u00e9c\u00e8s concernent tr\u00e8s majoritairement des hommes (86%), bien que la part de femmes ait augment\u00e9 par rapport aux ann\u00e9es pr\u00e9c\u00e9dentes. Les Morts de la rue a pour objectif de faire savoir que vivre \u00e0 la rue m\u00e8ne \u00e0 une mort pr\u00e9matur\u00e9e, d\u00e9nonce les causes souvent violentes de ces morts, veille \u00e0 la dignit\u00e9 des fun\u00e9railles, tout en soutenant et en accompagnant les proches en deuil.<\/p>\n\n\n\n<hr class=\"wp-block-separator has-alpha-channel-opacity\"\/>\n\n\n\n<p><strong>Barom\u00e8tre\u00a0\u00c9tat de la France\u00a0: quel rapport \u00e0 la d\u00e9mocratie en 2024\u00a0? <\/strong>Pour mieux comprendre l&rsquo;\u00e9tat d&rsquo;esprit des Fran\u00e7ais et leur perception de l&rsquo;avenir, Ipsos a men\u00e9 pour le CESE (Conseil \u00e9conomique social et environnemental),<a href=\"https:\/\/www.ipsos.com\/fr-fr\/barometre-etat-de-la-france-quel-rapport-la-democratie-en-2024\" data-type=\"link\" data-id=\"https:\/\/www.ipsos.com\/fr-fr\/barometre-etat-de-la-france-quel-rapport-la-democratie-en-2024\"> une enqu\u00eate<\/a> d\u2019o\u00f9 il ressort que la sant\u00e9 prend la t\u00eate des pr\u00e9occupations des Fran\u00e7ais, devant le pouvoir d\u2019achat (qui \u00e9tait en t\u00eate l\u2019an pass\u00e9) et la situation \u00e9conomique du pays. Les questions \u00e9conomiques au sens large continuent donc d\u2019occuper les premi\u00e8res places du classement<a href=\"https:\/\/www.ipsos.com\/fr-fr\/barometre-etat-de-la-france-quel-rapport-la-democratie-en-2024\">.<\/a><\/p>\n\n\n\n<!--more-->\n\n\n\n<hr class=\"wp-block-separator has-alpha-channel-opacity\"\/>\n\n\n\n<p><strong>La triple d\u00e9pendance fran\u00e7aise en combustible nucl\u00e9aire. <\/strong><a href=\"https:\/\/global-chance.org\/LA-TRIPLE-DEPENDANCE-FRANCAISE-EN-COMBUSTIBLE-NUCLEAIRE-Mise-a-jour-le-17-octobre-2024\">Rapport de Global Chance<\/a> qui met \u00e0 jour, les tonnages d\u2019uranium qui sont livr\u00e9s directement en France par le pays producteur, sous forme de Yellow cake et subissent ensuite toutes les transformations, jusqu\u2019\u00e0 la mise sous forme d\u2019assemblages\u00a0;les tonnages d\u2019uranium naturel qui transitent par un pays tiers, pour arriver en France sous forme d\u2019uranium enrichi, gazeux ou solide, voire m\u00eame d\u2019assemblages combustibles r\u00e9alis\u00e9s \u00e0 l\u2019\u00e9tranger\u00a0;les op\u00e9rations d\u2019enrichissement en Russie de l\u2019uranium appauvri d\u2019EDF\u00a0;les op\u00e9rations d\u2019enrichissement de l\u2019uranium de retraitement d\u2019EDF et d\u2019Orano en Russie.La fabrication des assemblages combustibles, assur\u00e9e en partie \u00e0 l\u2019\u00e9tranger.Est ainsi \u00e9tablie la triple d\u00e9pendance, totale ou partielle, en approvisionnement d\u2019uranium naturel, en enrichissement de l\u2019uranium naturel, de l\u2019uranium appauvri et de l\u2019uranium de retraitement et en fabrication des assemblages combustibles.<\/p>\n\n\n\n<hr class=\"wp-block-separator has-alpha-channel-opacity\"\/>\n\n\n\n<p><strong>Mercure dans le thon\u00a0: deux ONG d\u00e9noncent un \u00ab\u00a0scandale sanitaire\u00a0\u00bb. <\/strong>C\u2019est l\u2019un des poissons pr\u00e9f\u00e9r\u00e9s des Fran\u00e7aises et Fran\u00e7ais, dont certain.es en mangent 2 \u00e0 3 bo\u00eetes par semaine. Pourtant, le thon contient du poison, r\u00e9v\u00e8le l\u2019ONG Bloom, \u00e0 l\u2019issue <a href=\"https:\/\/reporterre.net\/IMG\/pdf\/bloom_-_rapport_mercure_-_fr_-_v6.pdf\">d\u2019une enqu\u00eate<\/a> d\u2019un an et demi publi\u00e9e le 29\u00a0octobre. L\u2019association de d\u00e9fense des oc\u00e9ans a s\u00e9lectionn\u00e9 148\u00a0bo\u00eetes de thon dans cinq\u00a0pays europ\u00e9ens, dont la France, et les a fait tester par un laboratoire ind\u00e9pendant. Les r\u00e9sultats sont \u00e9difiants\u00a0: toutes les conserves sont contamin\u00e9es au mercure. Ce m\u00e9tal est consid\u00e9r\u00e9 comme l\u2019une des dix substances les plus pr\u00e9occupantes au monde, selon l\u2019Organisation mondiale de la sant\u00e9 (OMS), juste apr\u00e8s l\u2019arsenic et le plomb. Son d\u00e9riv\u00e9 pr\u00e9sent dans l\u2019alimentation, le m\u00e9thylmercure, est class\u00e9 comme canc\u00e9rog\u00e8ne possible par le Centre international de recherche sur le cancer (CIRC).<\/p>\n\n\n\n<hr class=\"wp-block-separator has-alpha-channel-opacity\"\/>\n\n\n\n<p><strong>Rapport sur l\u2019\u00e9cart entre les besoins et les perspectives en mati\u00e8re de r\u00e9duction des \u00e9missions de GES. <\/strong>Rendu le 24 octobre par le Programme pour l\u2019environnement de l\u2019ONU. Cette ann\u00e9e, <a href=\"https:\/\/www.unep.org\/fr\/resources\/rapport-2024-sur-lecart-entre-les-besoins-et-les-perspectives-en-matiere-de-reduction-des\" data-type=\"link\" data-id=\"https:\/\/www.unep.org\/fr\/resources\/rapport-2024-sur-lecart-entre-les-besoins-et-les-perspectives-en-matiere-de-reduction-des\">le rapport<\/a> se concentre de mani\u00e8re persistante sur la n\u00e9cessit\u00e9 et les options permettant d&rsquo;acc\u00e9l\u00e9rer l&rsquo;action climatique pour atteindre des niveaux d&rsquo;ambition mondiaux align\u00e9s sur les objectifs de temp\u00e9rature de l&rsquo;Accord de Paris durant la prochaine g\u00e9n\u00e9ration de contributions d\u00e9termin\u00e9es au niveau national, qui sont pr\u00e9vus pour 2025. Si rien ne change, nous nous dirigeons vers une augmentation de la temp\u00e9rature de 3,1\u00b0C \u00e0 la fin du si\u00e8cle. Il faudrait r\u00e9duire de 42 % les \u00e9missions de gaz \u00e0 effet de serre d\u2019ici 2030 pour s\u2019engager sur la voie la moins co\u00fbteuse de 1,5 \u00b0C. D\u2019ici 2035, les \u00e9missions doivent diminuer de 57 %. En termes annuels, nous devons r\u00e9duire nos \u00e9missions de 7,5 % chaque ann\u00e9e jusqu\u2019en 2035, un chiffre qui augmentera avec chaque ann\u00e9e d\u2019inaction.<\/p>\n\n\n\n<hr class=\"wp-block-separator has-alpha-channel-opacity\"\/>\n\n\n\n<p><strong>Les enjeux financiers des polices municipales<\/strong>. L\u2019Observatoire des Finances et de la Gestion publique Locales (OFGL) a rendu<a href=\"https:\/\/www.collectivites-locales.gouv.fr\/files\/Institution\/1.%20organisation%20administraive\/Organismes-consultatifs\/OFGL\/2024\/OFGL_Cap_sur_26_Enjeux_financiers_Polices_municipales_28-10-2024.pdf\" data-type=\"link\" data-id=\"https:\/\/www.collectivites-locales.gouv.fr\/files\/Institution\/1.%20organisation%20administraive\/Organismes-consultatifs\/OFGL\/2024\/OFGL_Cap_sur_26_Enjeux_financiers_Polices_municipales_28-10-2024.pdf\"> une note concernant le co\u00fbt des polices municipales<\/a>. 11% des communes \u00e9taient dot\u00e9es d\u2019une police municipale ou intercommunale en 2022. Mais cette proportion monte \u00e0 82% dans les communes de plus de 3 500 habitants. L\u2019\u00e9tude montre que les d\u00e9penses de fonctionnement pour l\u2019ensemble des polices municipales et intercommunales, peuvent \u00eatre estim\u00e9es \u00e0 2,2 milliards d\u2019euros en 2023. L\u2019armement des polices municipales augmente de 12 % en moyenne leurs co\u00fbts. A Grenoble le co\u00fbt des personnels de la police municipale atteint plus de 5 millions d\u2019euros\/an. <\/p>\n","protected":false},"excerpt":{"rendered":"<p>Budget 2025 de l\u2019Etat\u00a0: r\u00e9union et positions communes des associations du bloc communal. Les associations du bloc communal se sont r\u00e9unies mercredi 30 octobre pour \u00e9voquer le projet de loi de finances pour 2025 actuellement examin\u00e9 \u00e0 l\u2019Assembl\u00e9e nationale. Les sept associations d\u2019\u00e9lus ont soulign\u00e9 la vive inqui\u00e9tude qui leur est remont\u00e9e des 35\u00a0000 maires [&hellip;]<\/p>\n","protected":false},"author":1,"featured_media":0,"comment_status":"closed","ping_status":"open","sticky":false,"template":"","format":"standard","meta":{"twitterCardType":"","cardImageID":0,"cardImage":"","cardTitle":"","cardDesc":"","cardImageAlt":"","cardPlayer":"","cardPlayerWidth":0,"cardPlayerHeight":0,"cardPlayerStream":"","cardPlayerCodec":"","footnotes":""},"categories":[62,11],"tags":[270,226,298,181],"class_list":["post-23819","post","type-post","status-publish","format-standard","hentry","category-le-rouge-le-vert-hebdo","category-politique-locale","tag-budget","tag-collectivites","tag-france","tag-precarite"],"_links":{"self":[{"href":"https:\/\/www.ades-grenoble.org\/wordpress\/wp-json\/wp\/v2\/posts\/23819","targetHints":{"allow":["GET"]}}],"collection":[{"href":"https:\/\/www.ades-grenoble.org\/wordpress\/wp-json\/wp\/v2\/posts"}],"about":[{"href":"https:\/\/www.ades-grenoble.org\/wordpress\/wp-json\/wp\/v2\/types\/post"}],"author":[{"embeddable":true,"href":"https:\/\/www.ades-grenoble.org\/wordpress\/wp-json\/wp\/v2\/users\/1"}],"replies":[{"embeddable":true,"href":"https:\/\/www.ades-grenoble.org\/wordpress\/wp-json\/wp\/v2\/comments?post=23819"}],"version-history":[{"count":1,"href":"https:\/\/www.ades-grenoble.org\/wordpress\/wp-json\/wp\/v2\/posts\/23819\/revisions"}],"predecessor-version":[{"id":23820,"href":"https:\/\/www.ades-grenoble.org\/wordpress\/wp-json\/wp\/v2\/posts\/23819\/revisions\/23820"}],"wp:attachment":[{"href":"https:\/\/www.ades-grenoble.org\/wordpress\/wp-json\/wp\/v2\/media?parent=23819"}],"wp:term":[{"taxonomy":"category","embeddable":true,"href":"https:\/\/www.ades-grenoble.org\/wordpress\/wp-json\/wp\/v2\/categories?post=23819"},{"taxonomy":"post_tag","embeddable":true,"href":"https:\/\/www.ades-grenoble.org\/wordpress\/wp-json\/wp\/v2\/tags?post=23819"}],"curies":[{"name":"wp","href":"https:\/\/api.w.org\/{rel}","templated":true}]}}