{"id":23826,"date":"2024-11-01T10:52:30","date_gmt":"2024-11-01T09:52:30","guid":{"rendered":"https:\/\/www.ades-grenoble.org\/wordpress\/?p=23826"},"modified":"2024-11-01T10:52:30","modified_gmt":"2024-11-01T09:52:30","slug":"la-composition-du-prochain-conseil-de-la-metro-suite","status":"publish","type":"post","link":"https:\/\/www.ades-grenoble.org\/wordpress\/2024\/11\/01\/la-composition-du-prochain-conseil-de-la-metro-suite\/","title":{"rendered":"La composition du prochain conseil de la M\u00e9tro (suite)"},"content":{"rendered":"<div class=\"wp-block-image\">\n<figure class=\"alignleft size-full\"><img loading=\"lazy\" decoding=\"async\" width=\"380\" height=\"173\" src=\"https:\/\/www.ades-grenoble.org\/wordpress\/wp-content\/uploads\/2023\/07\/ConseilMetro.jpg\" alt=\"\" class=\"wp-image-21996\" srcset=\"https:\/\/www.ades-grenoble.org\/wordpress\/wp-content\/uploads\/2023\/07\/ConseilMetro.jpg 380w, https:\/\/www.ades-grenoble.org\/wordpress\/wp-content\/uploads\/2023\/07\/ConseilMetro-300x137.jpg 300w, https:\/\/www.ades-grenoble.org\/wordpress\/wp-content\/uploads\/2023\/07\/ConseilMetro-150x68.jpg 150w\" sizes=\"auto, (max-width: 380px) 100vw, 380px\" \/><\/figure>\n<\/div>\n\n\n<p>Au conseil municipal du novembre 2024, la majorit\u00e9 municipale de Grenoble va tirer les cons\u00e9quences du mauvais fonctionnement de la M\u00e9tro depuis 2020. Contrairement \u00e0 sa d\u00e9cision de 2019, la ville centre ne proposera pas un accord local qui octroyait \u00e0 9 communes, un deuxi\u00e8me repr\u00e9sentant dans le conseil m\u00e9tropolitain, ce qui avait pour cons\u00e9quence de minorer la repr\u00e9sentation des plus grandes villes de l\u2019agglom\u00e9ration au sein duconseil de m\u00e9tropole.<\/p>\n\n\n\n<p>Le fond de l\u2019affaire est tr\u00e8s clairement expliqu\u00e9 par la majorit\u00e9 grenobloise&nbsp;: il y aurait n\u00e9cessit\u00e9 d\u2019avoir en 2026 des listes intercommunales qui proposent un programme politique d\u2019ensemble pour la m\u00e9tropole, ainsi l\u2019\u00e9lection se ferait \u00e0 la proportionnelle des \u00e9lectrices et \u00e9lecteurs de l\u2019agglom\u00e9ration et non plus comme actuellement selon la d\u00e9signation des \u00e9lu-es m\u00e9tropolitains par les 49 \u00e9lections communales. L\u2019exp\u00e9rience a d\u00e9montr\u00e9 que le programme et l\u2019ex\u00e9cutif r\u00e9sultent parfois de marchandages politiciens peu \u00ab&nbsp;fair play&nbsp;\u00bb c\u2019est le moins qu\u2019on puisse dire.<\/p>\n\n\n\n<!--more-->\n\n\n\n<p>Evidemment les maires de ces 9 communes sont m\u00e9contents et certains d\u2019entre eux crient au scandale alors qu\u2019ils pourraient au moins reconnaitre qu\u2019ils n\u2019ont pas aid\u00e9 \u00e0 un fonctionnement correct de la m\u00e9tropole, notamment d\u2019agressions inutiles contre la Ville-centre et beaucoup plus grave, de voter et d\u00e9fendre des d\u00e9lib\u00e9rations de la M\u00e9tro intimant au conseil municipal de Grenoble l\u2019ordre d\u2019agir de telle ou telle autre fa\u00e7on. Ceci s\u2019est pass\u00e9 notamment sur un r\u00e8glement des piscines municipales grenobloises ou sur la vente des actions de Grenoble Habitat \u00e0 une filiale de la CDC. Sans parler de la d\u00e9nonciation de la parole de la M\u00e9tro \u00e0 propos de la composition du conseil d\u2019administration de GEG. Il y avait un accord politique qui arrangeait bien la M\u00e9tro, puisqu\u2019elle n\u2019avait pas \u00e9t\u00e9 oblig\u00e9e de s\u2019endetter des 25 millions d\u2019euros qu\u2019elle devait \u00e0 Grenoble et qu\u2019elle paye chaque ann\u00e9e gr\u00e2ce aux dividendes de GEG.<\/p>\n\n\n\n<p>Rappelons une r\u00e8gle importante de notre Constitution&nbsp;: il n\u2019y a pas de hi\u00e9rarchie entre collectivit\u00e9s territoriales et encore moins entre un EPCI et ses communes. Se permettre de voter en conseil de m\u00e9tropole des d\u00e9lib\u00e9rations exigeant que le conseil municipal d\u2019une commune vote dans tel ou tel sens est inadmissible. Aucun maire ne l\u2019aurait accept\u00e9. Pourquoi certains ont-ils-elles agi de la sorte&nbsp;?<\/p>\n\n\n\n<p>Entendre des maires d\u00e9clarer, comme le maire de Varces \u00ab&nbsp;<em>Grenoble ne peut pas prendre le pouvoir dans tout le territoire de la M\u00e9tropole&nbsp;\u00bb <\/em>ou de Saint Martin le Vinoux<em>, \u00ab&nbsp;Cela r\u00e9v\u00e8le une conception de l&rsquo;exercice des responsabilit\u00e9s tr\u00e8s clanique, partisane, qui veut prendre le pouvoir pour elle-m\u00eame et consid\u00e8re la M\u00e9tropole comme un outil \u00e0 sa disposition.&nbsp;\u00bb <\/em>est assez amusant quand on sait que Grenoble ne repr\u00e9sente que 35 % environ de la population de la m\u00e9tropole et ne peut donc pas prendre le pouvoir dans la m\u00e9tropole. La M\u00e9tro n\u2019est qu\u2019un \u00e9tablissement public de coop\u00e9ration intercommunale, o\u00f9 chaque commune est repr\u00e9sent\u00e9e en proportion de ce que lui accorde la loi. Que les m\u00e9contents se mobilisent pour qu\u2019il y ait un changement de mode de scrutin m\u00e9tropolitain et tout le monde sera satisfait. Il n\u2019y a aucun droit \u00e0 d\u00e9fendre ce type d\u2019accord local qui a prosp\u00e9r\u00e9 dans le pass\u00e9, permettant souvent aux pr\u00e9sidents de la M\u00e9tro successifs de trouver des soutiens et \u00e9largir leurs majorit\u00e9s.<\/p>\n","protected":false},"excerpt":{"rendered":"<p>Au conseil municipal du novembre 2024, la majorit\u00e9 municipale de Grenoble va tirer les cons\u00e9quences du mauvais fonctionnement de la M\u00e9tro depuis 2020. Contrairement \u00e0 sa d\u00e9cision de 2019, la ville centre ne proposera pas un accord local qui octroyait \u00e0 9 communes, un deuxi\u00e8me repr\u00e9sentant dans le conseil m\u00e9tropolitain, ce qui avait pour cons\u00e9quence [&hellip;]<\/p>\n","protected":false},"author":1,"featured_media":0,"comment_status":"closed","ping_status":"open","sticky":false,"template":"","format":"standard","meta":{"twitterCardType":"","cardImageID":0,"cardImage":"","cardTitle":"","cardDesc":"","cardImageAlt":"","cardPlayer":"","cardPlayerWidth":0,"cardPlayerHeight":0,"cardPlayerStream":"","cardPlayerCodec":"","footnotes":""},"categories":[62,11],"tags":[320,215,280],"class_list":["post-23826","post","type-post","status-publish","format-standard","hentry","category-le-rouge-le-vert-hebdo","category-politique-locale","tag-conseil","tag-grenoble","tag-metropole"],"_links":{"self":[{"href":"https:\/\/www.ades-grenoble.org\/wordpress\/wp-json\/wp\/v2\/posts\/23826","targetHints":{"allow":["GET"]}}],"collection":[{"href":"https:\/\/www.ades-grenoble.org\/wordpress\/wp-json\/wp\/v2\/posts"}],"about":[{"href":"https:\/\/www.ades-grenoble.org\/wordpress\/wp-json\/wp\/v2\/types\/post"}],"author":[{"embeddable":true,"href":"https:\/\/www.ades-grenoble.org\/wordpress\/wp-json\/wp\/v2\/users\/1"}],"replies":[{"embeddable":true,"href":"https:\/\/www.ades-grenoble.org\/wordpress\/wp-json\/wp\/v2\/comments?post=23826"}],"version-history":[{"count":1,"href":"https:\/\/www.ades-grenoble.org\/wordpress\/wp-json\/wp\/v2\/posts\/23826\/revisions"}],"predecessor-version":[{"id":23827,"href":"https:\/\/www.ades-grenoble.org\/wordpress\/wp-json\/wp\/v2\/posts\/23826\/revisions\/23827"}],"wp:attachment":[{"href":"https:\/\/www.ades-grenoble.org\/wordpress\/wp-json\/wp\/v2\/media?parent=23826"}],"wp:term":[{"taxonomy":"category","embeddable":true,"href":"https:\/\/www.ades-grenoble.org\/wordpress\/wp-json\/wp\/v2\/categories?post=23826"},{"taxonomy":"post_tag","embeddable":true,"href":"https:\/\/www.ades-grenoble.org\/wordpress\/wp-json\/wp\/v2\/tags?post=23826"}],"curies":[{"name":"wp","href":"https:\/\/api.w.org\/{rel}","templated":true}]}}