{"id":23919,"date":"2024-11-22T12:20:59","date_gmt":"2024-11-22T11:20:59","guid":{"rendered":"https:\/\/www.ades-grenoble.org\/wordpress\/?p=23919"},"modified":"2024-11-22T12:20:59","modified_gmt":"2024-11-22T11:20:59","slug":"histoire-de-la-construction-des-logements-dans-les-quartiers-iris-de-grenoble","status":"publish","type":"post","link":"https:\/\/www.ades-grenoble.org\/wordpress\/2024\/11\/22\/histoire-de-la-construction-des-logements-dans-les-quartiers-iris-de-grenoble\/","title":{"rendered":"Histoire de la construction des logements dans les quartiers IRIS de Grenoble"},"content":{"rendered":"<div class=\"wp-block-image\">\n<figure class=\"alignleft size-full\"><img loading=\"lazy\" decoding=\"async\" width=\"200\" height=\"231\" src=\"https:\/\/www.ades-grenoble.org\/wordpress\/wp-content\/uploads\/2019\/03\/Insee-1.jpg\" alt=\"\" class=\"wp-image-15587\" srcset=\"https:\/\/www.ades-grenoble.org\/wordpress\/wp-content\/uploads\/2019\/03\/Insee-1.jpg 200w, https:\/\/www.ades-grenoble.org\/wordpress\/wp-content\/uploads\/2019\/03\/Insee-1-130x150.jpg 130w\" sizes=\"auto, (max-width: 200px) 100vw, 200px\" \/><\/figure>\n<\/div>\n\n\n<p>En 2021, la moiti\u00e9 des r\u00e9sidences principales \u00e0 Grenoble dataient d\u2019avant 1970. L\u2019autre moiti\u00e9 a donc moins de 50 ans. Grenoble a vu une expansion tr\u00e8s rapide apr\u00e8s la deuxi\u00e8me guerre mondiale jusqu\u2019en 1990.<\/p>\n\n\n\n<p>Il y a eu autant de constructions en 19 ans entre 1971 et 1990 qu\u2019entre 30 ans entre 1991 et 2021.<\/p>\n\n\n\n<p>Il y a peut-\u00eatre un biais dans cette pr\u00e9sentation des chiffres depuis 2006 des seules r\u00e9sidences principales, puisqu\u2019environ 10\u00a0000 r\u00e9sidences principales se sont transform\u00e9es en r\u00e9sidences secondaires ou en logements vacants, et nous ignorons si elles sont sorties du d\u00e9nombrement de r\u00e9sidences principales\u00a0dans cette \u00e9tude.<\/p>\n\n\n\n<!--more-->\n\n\n\n<figure class=\"wp-block-table is-style-stripes\"><table class=\"has-fixed-layout\"><tbody><tr><td>En 2021<\/td><td>Avant 1919<\/td><td>1919 \u00e0 1945<\/td><td>1946 \u00e0 1970<\/td><td>1971 \u00e0 1990<\/td><td>1991 \u00e0 2005<\/td><td>2006 \u00e0 2021<\/td><\/tr><tr><td>GRENOBLE<\/td><td>6,6%<\/td><td>9,1%<\/td><td>35,3%<\/td><td>23,8%<\/td><td>12,6%<\/td><td>12,6%<\/td><\/tr><tr><td>Moyenne annuelle<\/td><td><\/td><td>0,35%<\/td><td>1,47%<\/td><td>1,25%<\/td><td>0,90%<\/td><td>0,84%<\/td><\/tr><\/tbody><\/table><\/figure>\n\n\n\n<p>Les quartiers IRIS les plus anciens, ayant plus de 10 % de leurs logements datant d\u2019avant 1919 sont&nbsp;: Gare, Gabriel P\u00e9ri, Esplanade, Saint Laurent Lavalette-Jean Jaur\u00e8s, Cr\u00e9qui-Victor-Hugo, Grenette, Saint Andr\u00e9 (57,8%), Notre Dame, G\u00e9nissieu, Pr\u00e9fecture, Hebert Mutualit\u00e9.<\/p>\n\n\n\n<p>Les quartiers o\u00f9 les constructions sont r\u00e9alis\u00e9es entre 1919 et 1945 avec plus de 15% de logements construits dans cette p\u00e9riode&nbsp;: Gare, Cours Berriat, Beriat Amp\u00e8re, Saint Bruno, Saint Laurent-Lavalette, Jean Jaur\u00e8s, Cr\u00e9qui-Victor Hugo (31,3%), Ile Verte-Saint Roch, G\u00e9nissieu, Pr\u00e9fecture, Aigle, Championnet, Reyni\u00e8s, Capuche.<\/p>\n\n\n\n<p>Entre 1946 et 1970, les quartiers o\u00f9 plus de 50% des logements sont construits&nbsp;: Trois Cours (87,7%), Clinique Mutualiste, Vallier, Jaur\u00e8s-Vallier, Sidi Brahim, Houille Blanche, Mistral, Abry, Foch Ouest, Foch Est, Gustave Rivet, Diables Bleus, Ferri\u00e9-Stalingrad, Capuche, Alpins, Teisseire, Malherbe, Village Olympique Nord et Sud.<\/p>\n\n\n\n<p>Entre 1971 \u00e0 1990, les constructions se d\u00e9veloppent dans des quartiers o\u00f9 elles repr\u00e9sentent plus de 45% des logements actuels&nbsp;: Hoche, Reyni\u00e8s, La Bruy\u00e8re, Arlequin, Constantine-G\u00e9ants, Helbronner (94,9%), Baladins.<\/p>\n\n\n\n<p>De 1991 \u00e0 2005, certains quartiers ont une forte expansion&nbsp;en ayant plus de 20 % de leurs logements construits dans cette p\u00e9riode&nbsp;: Europole (63,8%), Diderot, Lustucru, Notre Dame, Ile Verte-Mar\u00e9chal Randon, Les Trembles, Vigny-Musset.<\/p>\n\n\n\n<p>Les constructions les plus r\u00e9centes sont effectu\u00e9es entre 2006 \u00e0 2021 (plus de 20% de nouveaux logements)&nbsp;dans les quartiers suivants&nbsp;: Jean Mac\u00e9 (50,1%), Championnet, Drac-Amp\u00e8re, Mistral, Alli\u00e8s-Clos d\u2019Or, Beauvert, Valmy, Abbaye, Poterne, Paul Cocat, Vigny-Musset.<\/p>\n\n\n\n<figure class=\"wp-block-table is-style-stripes\"><table class=\"has-fixed-layout\"><tbody><tr><td>N\u00b0 IRIS<\/td><td>Quartiers<\/td><td>R\u00e9s princ avt 1919<\/td><td>R\u00e9s princ 1919 \u00e0 1945<\/td><td>R\u00e9s princ 1946 \u00e0 1970<\/td><td>R\u00e9s princ 1971 \u00e0 1990<\/td><td>R\u00e9s princ 1991 \u00e0 2005<\/td><td>R\u00e9s princ 2006 \u00e0 2021<\/td><\/tr><tr><td>102<\/td><td>Jean Mac\u00e9<\/td><td>2,3%<\/td><td>8,0%<\/td><td>9,5%<\/td><td>18,4%<\/td><td>11,7%<\/td><td>50,1%<\/td><\/tr><tr><td>103<\/td><td>Europole<\/td><td>0,7%<\/td><td>1,9%<\/td><td>3,1%<\/td><td>24,6%<\/td><td>63,8%<\/td><td>5,9%<\/td><\/tr><tr><td>104<\/td><td>Diderot<\/td><td>3,4%<\/td><td>12,5%<\/td><td>25,4%<\/td><td>22,8%<\/td><td>28,0%<\/td><td>7,9%<\/td><\/tr><tr><td>105<\/td><td>Gare<\/td><td>13,2%<\/td><td>16,8%<\/td><td>30,2%<\/td><td>21,4%<\/td><td>14,8%<\/td><td>3,6%<\/td><\/tr><tr><td>106<\/td><td>Cours Berriat<\/td><td>9,6%<\/td><td>16,1%<\/td><td>31,3%<\/td><td>23,5%<\/td><td>15,9%<\/td><td>3,7%<\/td><\/tr><tr><td>107<\/td><td>Gabriel P\u00e9ri<\/td><td>19,7%<\/td><td>21,4%<\/td><td>20,5%<\/td><td>15,7%<\/td><td>17,3%<\/td><td>5,4%<\/td><\/tr><tr><td>108<\/td><td>Berriat-Amp\u00e8re<\/td><td>4,3%<\/td><td>17,1%<\/td><td>39,3%<\/td><td>21,8%<\/td><td>11,8%<\/td><td>5,6%<\/td><\/tr><tr><td>109<\/td><td>Saint-Bruno<\/td><td>6,4%<\/td><td>19,1%<\/td><td>24,5%<\/td><td>21,6%<\/td><td>18,5%<\/td><td>9,9%<\/td><\/tr><tr><td>110<\/td><td>Waldeck-Rousseau<\/td><td>7,2%<\/td><td>14,3%<\/td><td>25,5%<\/td><td>30,2%<\/td><td>18,8%<\/td><td>3,8%<\/td><\/tr><tr><td>111<\/td><td>Lustucru<\/td><td>6,6%<\/td><td>13,7%<\/td><td>26,9%<\/td><td>18,8%<\/td><td>24,9%<\/td><td>9,1%<\/td><\/tr><tr><td>201<\/td><td>Esplanade<\/td><td>22,0%<\/td><td>5,6%<\/td><td>23,5%<\/td><td>26,5%<\/td><td>5,4%<\/td><td>16,9%<\/td><\/tr><tr><td>202<\/td><td>Saint-Laurent-Lavalette<\/td><td>43,7%<\/td><td>15,6%<\/td><td>14,5%<\/td><td>10,7%<\/td><td>9,1%<\/td><td>6,5%<\/td><\/tr><tr><td>203<\/td><td>Jean Jaur\u00e8s<\/td><td>25,6%<\/td><td>30,8%<\/td><td>26,9%<\/td><td>7,2%<\/td><td>5,5%<\/td><td>3,9%<\/td><\/tr><tr><td>204<\/td><td>Cr\u00e9qui-Victor Hugo<\/td><td>34,1%<\/td><td>31,3%<\/td><td>17,7%<\/td><td>10,5%<\/td><td>2,2%<\/td><td>4,1%<\/td><\/tr><tr><td>205<\/td><td>Grenette<\/td><td>42,2%<\/td><td>12,2%<\/td><td>21,6%<\/td><td>14,6%<\/td><td>5,8%<\/td><td>3,7%<\/td><\/tr><tr><td>206<\/td><td>Saint-Andr\u00e9<\/td><td>57,8%<\/td><td>6,8%<\/td><td>19,0%<\/td><td>5,2%<\/td><td>10,1%<\/td><td>1,1%<\/td><\/tr><tr><td>207<\/td><td>Notre-Dame<\/td><td>24,2%<\/td><td>4,9%<\/td><td>12,1%<\/td><td>34,7%<\/td><td>20,2%<\/td><td>3,8%<\/td><\/tr><tr><td>208<\/td><td>Trois Cours<\/td><td>0,1%<\/td><td>0,3%<\/td><td>87,7%<\/td><td>9,3%<\/td><td>2,2%<\/td><td>0,4%<\/td><\/tr><tr><td>209<\/td><td>\u00cele Verte-Saint-Roch<\/td><td>1,6%<\/td><td>20,9%<\/td><td>36,9%<\/td><td>18,8%<\/td><td>8,0%<\/td><td>13,7%<\/td><\/tr><tr><td>210<\/td><td>\u00cele Verte-Mar\u00e9chal Randon<\/td><td>3,7%<\/td><td>10,2%<\/td><td>34,5%<\/td><td>26,0%<\/td><td>22,0%<\/td><td>3,7%<\/td><\/tr><tr><td>211<\/td><td>G\u00e9nissieu<\/td><td>20,1%<\/td><td>22,4%<\/td><td>23,4%<\/td><td>16,5%<\/td><td>9,6%<\/td><td>8,0%<\/td><\/tr><tr><td>212<\/td><td>Pr\u00e9fecture<\/td><td>24,3%<\/td><td>15,7%<\/td><td>19,8%<\/td><td>11,8%<\/td><td>14,0%<\/td><td>14,5%<\/td><\/tr><tr><td>213<\/td><td>H\u00e9bert-Mutualit\u00e9<\/td><td>16,4%<\/td><td>8,3%<\/td><td>26,3%<\/td><td>42,8%<\/td><td>4,4%<\/td><td>1,9%<\/td><\/tr><tr><td>214<\/td><td>Aigle<\/td><td>2,7%<\/td><td>21,1%<\/td><td>39,0%<\/td><td>12,7%<\/td><td>9,4%<\/td><td>15,2%<\/td><\/tr><tr><td>215<\/td><td>Championnet<\/td><td>7,7%<\/td><td>25,0%<\/td><td>18,9%<\/td><td>6,8%<\/td><td>5,5%<\/td><td>36,1%<\/td><\/tr><tr><td>216<\/td><td>Hoche<\/td><td>1,9%<\/td><td>5,9%<\/td><td>30,4%<\/td><td>54,5%<\/td><td>2,5%<\/td><td>4,7%<\/td><\/tr><tr><td>301<\/td><td>Drac-Amp\u00e8re<\/td><td>0,2%<\/td><td>1,1%<\/td><td>26,7%<\/td><td>26,2%<\/td><td>16,9%<\/td><td>28,8%<\/td><\/tr><tr><td>302<\/td><td>Clinique Mutualiste<\/td><td>0,8%<\/td><td>3,4%<\/td><td>66,8%<\/td><td>19,4%<\/td><td>8,2%<\/td><td>1,5%<\/td><\/tr><tr><td>303<\/td><td>Vallier<\/td><td>0,3%<\/td><td>5,2%<\/td><td>63,6%<\/td><td>24,5%<\/td><td>5,6%<\/td><td>0,8%<\/td><\/tr><tr><td>304<\/td><td>Jaur\u00e8s-Vallier<\/td><td>0,3%<\/td><td>9,1%<\/td><td>67,7%<\/td><td>17,3%<\/td><td>5,2%<\/td><td>0,4%<\/td><\/tr><tr><td>305<\/td><td>Eaux Claires-Champs \u00c9lys\u00e9es<\/td><td>2,0%<\/td><td>10,5%<\/td><td>47,9%<\/td><td>22,8%<\/td><td>5,6%<\/td><td>11,2%<\/td><\/tr><tr><td>306<\/td><td>Sidi-Brahim<\/td><td>5,3%<\/td><td>11,1%<\/td><td>53,8%<\/td><td>23,2%<\/td><td>4,1%<\/td><td>2,5%<\/td><\/tr><tr><td>307<\/td><td>Eaux Claires-Painlev\u00e9<\/td><td>0,5%<\/td><td>2,2%<\/td><td>46,4%<\/td><td>34,1%<\/td><td>3,4%<\/td><td>13,4%<\/td><\/tr><tr><td>308<\/td><td>Houille Blanche<\/td><td>0,9%<\/td><td>3,7%<\/td><td>51,5%<\/td><td>30,8%<\/td><td>4,2%<\/td><td>8,9%<\/td><\/tr><tr><td>309<\/td><td>Mistral<\/td><td>0,0%<\/td><td>2,8%<\/td><td>51,8%<\/td><td>13,2%<\/td><td>3,9%<\/td><td>28,3%<\/td><\/tr><tr><td>310<\/td><td>Rondeau-Lib\u00e9ration<\/td><td>0,2%<\/td><td>2,4%<\/td><td>41,3%<\/td><td>37,5%<\/td><td>4,2%<\/td><td>14,4%<\/td><\/tr><tr><td>311<\/td><td>Abry<\/td><td>1,3%<\/td><td>2,9%<\/td><td>67,0%<\/td><td>19,6%<\/td><td>6,8%<\/td><td>2,4%<\/td><\/tr><tr><td>401<\/td><td>Foch Ouest<\/td><td>1,0%<\/td><td>3,0%<\/td><td>55,7%<\/td><td>20,8%<\/td><td>9,1%<\/td><td>10,3%<\/td><\/tr><tr><td>402<\/td><td>Foch Est<\/td><td>0,5%<\/td><td>6,9%<\/td><td>65,0%<\/td><td>20,2%<\/td><td>3,8%<\/td><td>3,5%<\/td><\/tr><tr><td>403<\/td><td>Gustave Rivet<\/td><td>1,6%<\/td><td>7,6%<\/td><td>57,1%<\/td><td>16,2%<\/td><td>9,0%<\/td><td>8,5%<\/td><\/tr><tr><td>404<\/td><td>Diables Bleus<\/td><td>0,3%<\/td><td>8,5%<\/td><td>68,7%<\/td><td>10,7%<\/td><td>3,9%<\/td><td>7,9%<\/td><\/tr><tr><td>405<\/td><td>Clemenceau<\/td><td>1,1%<\/td><td>14,5%<\/td><td>43,4%<\/td><td>30,3%<\/td><td>10,0%<\/td><td>0,6%<\/td><\/tr><tr><td>406<\/td><td>Reyni\u00e8s<\/td><td>0,0%<\/td><td>16,6%<\/td><td>19,3%<\/td><td>48,3%<\/td><td>14,6%<\/td><td>1,2%<\/td><\/tr><tr><td>407<\/td><td>Ferri\u00e9-Stalingrad<\/td><td>0,1%<\/td><td>1,7%<\/td><td>63,5%<\/td><td>17,4%<\/td><td>14,5%<\/td><td>2,7%<\/td><\/tr><tr><td>408<\/td><td>Peretto<\/td><td>0,3%<\/td><td>7,3%<\/td><td>46,0%<\/td><td>31,9%<\/td><td>10,1%<\/td><td>4,4%<\/td><\/tr><tr><td>409<\/td><td>Bajati\u00e8re Ouest<\/td><td>1,2%<\/td><td>2,5%<\/td><td>36,9%<\/td><td>28,6%<\/td><td>14,3%<\/td><td>16,4%<\/td><\/tr><tr><td>410<\/td><td>Bajati\u00e8re Est<\/td><td>2,1%<\/td><td>8,5%<\/td><td>45,7%<\/td><td>17,3%<\/td><td>12,4%<\/td><td>14,0%<\/td><\/tr><tr><td>411<\/td><td>Capuche<\/td><td>1,4%<\/td><td>16,2%<\/td><td>52,9%<\/td><td>16,2%<\/td><td>12,7%<\/td><td>0,6%<\/td><\/tr><tr><td>412<\/td><td>Alli\u00e9s-Clos d&rsquo;Or<\/td><td>1,1%<\/td><td>4,3%<\/td><td>41,2%<\/td><td>17,0%<\/td><td>6,7%<\/td><td>29,7%<\/td><\/tr><tr><td>413<\/td><td>Alpins<\/td><td>0,8%<\/td><td>2,5%<\/td><td>66,1%<\/td><td>17,8%<\/td><td>3,9%<\/td><td>9,0%<\/td><\/tr><tr><td>414<\/td><td>Beauvert<\/td><td>0,9%<\/td><td>6,0%<\/td><td>21,4%<\/td><td>25,3%<\/td><td>8,3%<\/td><td>38,0%<\/td><\/tr><tr><td>501<\/td><td>Valmy<\/td><td>2,7%<\/td><td>1,6%<\/td><td>29,3%<\/td><td>22,5%<\/td><td>17,4%<\/td><td>26,5%<\/td><\/tr><tr><td>502<\/td><td>Jeanne d&rsquo;Arc<\/td><td>2,1%<\/td><td>5,4%<\/td><td>38,2%<\/td><td>25,1%<\/td><td>13,0%<\/td><td>16,1%<\/td><\/tr><tr><td>503<\/td><td>Abbaye<\/td><td>1,5%<\/td><td>6,0%<\/td><td>28,0%<\/td><td>19,1%<\/td><td>9,5%<\/td><td>35,9%<\/td><\/tr><tr><td>504<\/td><td>Jouhaux<\/td><td>1,1%<\/td><td>0,9%<\/td><td>30,0%<\/td><td>43,8%<\/td><td>7,9%<\/td><td>16,3%<\/td><\/tr><tr><td>505<\/td><td>Poterne<\/td><td>0,0%<\/td><td>1,5%<\/td><td>36,1%<\/td><td>32,6%<\/td><td>5,4%<\/td><td>24,4%<\/td><\/tr><tr><td>506<\/td><td>Paul Cocat<\/td><td>0,3%<\/td><td>0,8%<\/td><td>26,5%<\/td><td>15,7%<\/td><td>12,6%<\/td><td>44,2%<\/td><\/tr><tr><td>507<\/td><td>Teisseire<\/td><td>0,0%<\/td><td>0,9%<\/td><td>57,7%<\/td><td>23,1%<\/td><td>10,8%<\/td><td>7,5%<\/td><\/tr><tr><td>601<\/td><td>Malherbe<\/td><td>0,9%<\/td><td>0,6%<\/td><td>64,5%<\/td><td>31,8%<\/td><td>1,5%<\/td><td>0,6%<\/td><\/tr><tr><td>602<\/td><td>La Bruy\u00e8re<\/td><td>0,4%<\/td><td>4,3%<\/td><td>43,8%<\/td><td>47,2%<\/td><td>1,9%<\/td><td>2,4%<\/td><\/tr><tr><td>603<\/td><td>Les Trembles<\/td><td>0,2%<\/td><td>2,0%<\/td><td>19,3%<\/td><td>39,1%<\/td><td>23,1%<\/td><td>16,3%<\/td><\/tr><tr><td>604<\/td><td>Arlequin<\/td><td>0,0%<\/td><td>0,2%<\/td><td>13,2%<\/td><td>82,1%<\/td><td>4,2%<\/td><td>0,2%<\/td><\/tr><tr><td>605<\/td><td>Constantine-G\u00e9ants<\/td><td>0,3%<\/td><td>0,3%<\/td><td>9,3%<\/td><td>87,2%<\/td><td>1,9%<\/td><td>0,9%<\/td><\/tr><tr><td>606<\/td><td>Helbronner<\/td><td>0,0%<\/td><td>0,0%<\/td><td>3,1%<\/td><td>94,9%<\/td><td>1,3%<\/td><td>0,7%<\/td><\/tr><tr><td>607<\/td><td>Baladins<\/td><td>0,4%<\/td><td>0,0%<\/td><td>27,6%<\/td><td>66,6%<\/td><td>4,9%<\/td><td>0,6%<\/td><\/tr><tr><td>608<\/td><td>Vigny-Musset<\/td><td>0,2%<\/td><td>0,4%<\/td><td>11,8%<\/td><td>7,8%<\/td><td>51,3%<\/td><td>28,5%<\/td><\/tr><tr><td>609<\/td><td>Village Olympique Nord<\/td><td>1,4%<\/td><td>1,6%<\/td><td>85,6%<\/td><td>9,1%<\/td><td>0,7%<\/td><td>1,6%<\/td><\/tr><tr><td>610<\/td><td>Village Olympique Sud<\/td><td>1,0%<\/td><td>0,0%<\/td><td>86,3%<\/td><td>8,3%<\/td><td>2,9%<\/td><td>1,6%<\/td><\/tr><tr><td>&nbsp;<\/td><td><strong>GRENOBLE<\/strong><\/td><td><strong>6,6%<\/strong><\/td><td><strong>9,1%<\/strong><\/td><td><strong>35,3%<\/strong><\/td><td><strong>23,8%<\/strong><\/td><td><strong>12,6%<\/strong><\/td><td><strong>12,6%<\/strong><\/td><\/tr><\/tbody><\/table><\/figure>\n\n\n\n<p>Pour voir la carte du d\u00e9coupage IRIS INSEE de Grenoble, cliquez&nbsp;<a href=\"https:\/\/www.ades-grenoble.org\/wordpress\/wp-content\/uploads\/2016\/04\/Carte-quartiers-Grenoble-INSEE.jpg\">ici<\/a><\/p>\n","protected":false},"excerpt":{"rendered":"<p>En 2021, la moiti\u00e9 des r\u00e9sidences principales \u00e0 Grenoble dataient d\u2019avant 1970. L\u2019autre moiti\u00e9 a donc moins de 50 ans. Grenoble a vu une expansion tr\u00e8s rapide apr\u00e8s la deuxi\u00e8me guerre mondiale jusqu\u2019en 1990. Il y a eu autant de constructions en 19 ans entre 1971 et 1990 qu\u2019entre 30 ans entre 1991 et 2021. [&hellip;]<\/p>\n","protected":false},"author":1,"featured_media":0,"comment_status":"closed","ping_status":"open","sticky":false,"template":"","format":"standard","meta":{"twitterCardType":"","cardImageID":0,"cardImage":"","cardTitle":"","cardDesc":"","cardImageAlt":"","cardPlayer":"","cardPlayerWidth":0,"cardPlayerHeight":0,"cardPlayerStream":"","cardPlayerCodec":"","footnotes":""},"categories":[62,11],"tags":[215,285,66],"class_list":["post-23919","post","type-post","status-publish","format-standard","hentry","category-le-rouge-le-vert-hebdo","category-politique-locale","tag-grenoble","tag-insee","tag-logement"],"_links":{"self":[{"href":"https:\/\/www.ades-grenoble.org\/wordpress\/wp-json\/wp\/v2\/posts\/23919","targetHints":{"allow":["GET"]}}],"collection":[{"href":"https:\/\/www.ades-grenoble.org\/wordpress\/wp-json\/wp\/v2\/posts"}],"about":[{"href":"https:\/\/www.ades-grenoble.org\/wordpress\/wp-json\/wp\/v2\/types\/post"}],"author":[{"embeddable":true,"href":"https:\/\/www.ades-grenoble.org\/wordpress\/wp-json\/wp\/v2\/users\/1"}],"replies":[{"embeddable":true,"href":"https:\/\/www.ades-grenoble.org\/wordpress\/wp-json\/wp\/v2\/comments?post=23919"}],"version-history":[{"count":1,"href":"https:\/\/www.ades-grenoble.org\/wordpress\/wp-json\/wp\/v2\/posts\/23919\/revisions"}],"predecessor-version":[{"id":23920,"href":"https:\/\/www.ades-grenoble.org\/wordpress\/wp-json\/wp\/v2\/posts\/23919\/revisions\/23920"}],"wp:attachment":[{"href":"https:\/\/www.ades-grenoble.org\/wordpress\/wp-json\/wp\/v2\/media?parent=23919"}],"wp:term":[{"taxonomy":"category","embeddable":true,"href":"https:\/\/www.ades-grenoble.org\/wordpress\/wp-json\/wp\/v2\/categories?post=23919"},{"taxonomy":"post_tag","embeddable":true,"href":"https:\/\/www.ades-grenoble.org\/wordpress\/wp-json\/wp\/v2\/tags?post=23919"}],"curies":[{"name":"wp","href":"https:\/\/api.w.org\/{rel}","templated":true}]}}