{"id":23924,"date":"2024-11-22T12:21:11","date_gmt":"2024-11-22T11:21:11","guid":{"rendered":"https:\/\/www.ades-grenoble.org\/wordpress\/?p=23924"},"modified":"2024-11-22T12:21:11","modified_gmt":"2024-11-22T11:21:11","slug":"reunions-publiques-de-lades","status":"publish","type":"post","link":"https:\/\/www.ades-grenoble.org\/wordpress\/2024\/11\/22\/reunions-publiques-de-lades\/","title":{"rendered":"R\u00e9unions publiques\u00a0de l\u2019ADES"},"content":{"rendered":"<div class=\"wp-block-image\">\n<figure class=\"alignleft size-full\"><img loading=\"lazy\" decoding=\"async\" width=\"293\" height=\"258\" src=\"https:\/\/www.ades-grenoble.org\/wordpress\/wp-content\/uploads\/2017\/04\/Logo-Ades-web.jpg\" alt=\"\" class=\"wp-image-12873\" srcset=\"https:\/\/www.ades-grenoble.org\/wordpress\/wp-content\/uploads\/2017\/04\/Logo-Ades-web.jpg 293w, https:\/\/www.ades-grenoble.org\/wordpress\/wp-content\/uploads\/2017\/04\/Logo-Ades-web-150x132.jpg 150w\" sizes=\"auto, (max-width: 293px) 100vw, 293px\" \/><\/figure>\n<\/div>\n\n\n<p>Le jeudi 14 novembre l\u2019ADES a organis\u00e9 une r\u00e9union publique sur les d\u00e9placements dans le bassin de vie grenoblois, afin de r\u00e9fl\u00e9chir \u00e0 leur am\u00e9lioration future. Nos invit\u00e9s, Y. Mongaburu, ancien pr\u00e9sident du SMTC devenu Smmag, M. Belair membre du conseil syndical de cet organisme et L. Terrier, au nom des trois collectifs gratuit\u00e9, nous ont livr\u00e9 avec pr\u00e9cision et beaucoup de modestie les analyses qu\u2019ils d\u00e9fendent, et leurs visions diff\u00e9rentes et compl\u00e9mentaires.<\/p>\n\n\n\n<p>Ils ont indiqu\u00e9 que le cadencement des transports en commun \u00e9tait la caract\u00e9ristique essentielle pour que les usagers soient satisfaits et restent attach\u00e9s \u00e0 ce service public et que malheureusement pour de nombreuses lignes ce n&rsquo;est pas le cas. L&rsquo;offre du SMMAG diminue actuellement ce qui est inqui\u00e9tant. Le SMTC avait financ\u00e9 une \u00e9tude sur la gratuit\u00e9 qui chiffrait \u00e0 30 M\u20ac son co\u00fbt et la n\u00e9cessit\u00e9 de pr\u00e9voir une augmentation du fonctionnement et des investissements du service pour augmenter l\u2019offre de transport ; la gratuit\u00e9 impliquant une augmentation imm\u00e9diate de l\u2019offre pour la r\u00e9ussir. La violence actuelle des contr\u00f4les a \u00e9t\u00e9 d\u00e9nonc\u00e9e, elle ne fait qu\u2019augmenter les r\u00e9actions de violences qui se d\u00e9veloppent, la gratuit\u00e9 entrainant un apaisement r\u00e9el dans les transports des collectivit\u00e9s qui l\u2019ont mise en place.<\/p>\n\n\n\n<!--more-->\n\n\n\n<p>Les habitantes et habitants sont venus nombreux pour \u00e9changer sur ces sujets difficiles. Ils nous disent, depuis, leur satisfaction d\u2019avoir pu participer \u00e0 un tel d\u00e9bat m\u00eame si le temps a manqu\u00e9 pour nous pencher sur le d\u00e9veloppement des politiques cyclables, du fret ferroviaire et sur le c\u00e2ble. L\u2019ADES, fid\u00e8le \u00e0 sa vocation d\u2019information des citoyen.nes est d\u00e9termin\u00e9e \u00e0 poursuivre les soir\u00e9es d\u2019\u00e9change-formation sur d\u2019autres politiques publiques d\u2019ici les municipales et au-del\u00e0.<\/p>\n","protected":false},"excerpt":{"rendered":"<p>Le jeudi 14 novembre l\u2019ADES a organis\u00e9 une r\u00e9union publique sur les d\u00e9placements dans le bassin de vie grenoblois, afin de r\u00e9fl\u00e9chir \u00e0 leur am\u00e9lioration future. Nos invit\u00e9s, Y. Mongaburu, ancien pr\u00e9sident du SMTC devenu Smmag, M. Belair membre du conseil syndical de cet organisme et L. Terrier, au nom des trois collectifs gratuit\u00e9, nous [&hellip;]<\/p>\n","protected":false},"author":1,"featured_media":0,"comment_status":"closed","ping_status":"open","sticky":false,"template":"","format":"standard","meta":{"twitterCardType":"","cardImageID":0,"cardImage":"","cardTitle":"","cardDesc":"","cardImageAlt":"","cardPlayer":"","cardPlayerWidth":0,"cardPlayerHeight":0,"cardPlayerStream":"","cardPlayerCodec":"","footnotes":""},"categories":[62,11],"tags":[143,136,5,44,343,55],"class_list":["post-23924","post","type-post","status-publish","format-standard","hentry","category-le-rouge-le-vert-hebdo","category-politique-locale","tag-ades","tag-debats","tag-deplacements","tag-services-publics","tag-smmag","tag-tarifs-publics"],"_links":{"self":[{"href":"https:\/\/www.ades-grenoble.org\/wordpress\/wp-json\/wp\/v2\/posts\/23924","targetHints":{"allow":["GET"]}}],"collection":[{"href":"https:\/\/www.ades-grenoble.org\/wordpress\/wp-json\/wp\/v2\/posts"}],"about":[{"href":"https:\/\/www.ades-grenoble.org\/wordpress\/wp-json\/wp\/v2\/types\/post"}],"author":[{"embeddable":true,"href":"https:\/\/www.ades-grenoble.org\/wordpress\/wp-json\/wp\/v2\/users\/1"}],"replies":[{"embeddable":true,"href":"https:\/\/www.ades-grenoble.org\/wordpress\/wp-json\/wp\/v2\/comments?post=23924"}],"version-history":[{"count":1,"href":"https:\/\/www.ades-grenoble.org\/wordpress\/wp-json\/wp\/v2\/posts\/23924\/revisions"}],"predecessor-version":[{"id":23925,"href":"https:\/\/www.ades-grenoble.org\/wordpress\/wp-json\/wp\/v2\/posts\/23924\/revisions\/23925"}],"wp:attachment":[{"href":"https:\/\/www.ades-grenoble.org\/wordpress\/wp-json\/wp\/v2\/media?parent=23924"}],"wp:term":[{"taxonomy":"category","embeddable":true,"href":"https:\/\/www.ades-grenoble.org\/wordpress\/wp-json\/wp\/v2\/categories?post=23924"},{"taxonomy":"post_tag","embeddable":true,"href":"https:\/\/www.ades-grenoble.org\/wordpress\/wp-json\/wp\/v2\/tags?post=23924"}],"curies":[{"name":"wp","href":"https:\/\/api.w.org\/{rel}","templated":true}]}}