{"id":23934,"date":"2024-11-29T12:38:50","date_gmt":"2024-11-29T11:38:50","guid":{"rendered":"https:\/\/www.ades-grenoble.org\/wordpress\/?p=23934"},"modified":"2024-11-29T12:38:50","modified_gmt":"2024-11-29T11:38:50","slug":"alimentation-au-coeur-de-nos-vies-et-de-nos-territoires","status":"publish","type":"post","link":"https:\/\/www.ades-grenoble.org\/wordpress\/2024\/11\/29\/alimentation-au-coeur-de-nos-vies-et-de-nos-territoires\/","title":{"rendered":"Alimentation, au c\u0153ur de nos vies et de nos territoires"},"content":{"rendered":"<div class=\"wp-block-image\">\n<figure class=\"alignleft size-full\"><img loading=\"lazy\" decoding=\"async\" width=\"300\" height=\"97\" src=\"https:\/\/www.ades-grenoble.org\/wordpress\/wp-content\/uploads\/2015\/03\/logo-obsy.jpg\" alt=\"\" class=\"wp-image-9917\" srcset=\"https:\/\/www.ades-grenoble.org\/wordpress\/wp-content\/uploads\/2015\/03\/logo-obsy.jpg 300w, https:\/\/www.ades-grenoble.org\/wordpress\/wp-content\/uploads\/2015\/03\/logo-obsy-150x49.jpg 150w\" sizes=\"auto, (max-width: 300px) 100vw, 300px\" \/><\/figure>\n<\/div>\n\n\n<p>L\u2019OBS\u2019y, le r\u00e9seau des observatoires de la r\u00e9gion grenobloise r\u00e9unit 15 partenaires qui s\u2019engagent \u00e0 faire de l\u2019observation un outil de pilotage au service de l\u2019action publique. Sur des th\u00e8mes aussi vari\u00e9s que l\u2019\u00e9conomie, le social, les mobilit\u00e9s, l\u2019environnement ou le bien-vivre, ils partagent donn\u00e9es et analyses.<\/p>\n\n\n\n<p>L\u2019objectif principal de l\u2019OBS\u2019y est d\u2019\u00e9tablir et porter \u00e0 connaissance des diagnostics multith\u00e9matiques partag\u00e9s et dynamiques, en r\u00e9gion grenobloise.<\/p>\n\n\n\n<p><a href=\"https:\/\/www.obsy.fr\/_files\/ugd\/c935a0_194871540c93447b8836ed78f3341bdc.pdf\" data-type=\"link\" data-id=\"https:\/\/www.obsy.fr\/_files\/ugd\/c935a0_194871540c93447b8836ed78f3341bdc.pdf\">Son dernier \u00ab\u00a0<em>Regards crois\u00e9s<\/em>\u00a0\u00bb, est intitul\u00e9\u00a0: \u00ab\u00a0<em>Alimentation au c\u0153ur de nos vies et de nos territoires\u00a0\u00bb<\/em><\/a><em>.<\/em><\/p>\n\n\n\n<!--more-->\n\n\n\n<p><em>\u00ab&nbsp;Nos assiettes, racontent tant de nos habitudes et de nos valeurs. Observer la question alimentaire sur un territoire c\u2019est donc aussi en dresser un portrait tr\u00e8s particulier, au croisement entre des choix personnels, tiss\u00e9s dans nos histoires de vie, et des pratiques plus collectives, li\u00e9es \u00e0 l\u2019offre, aux possibilit\u00e9s locales mais aussi aux tendances, aux influences de notre entourage. Ce num\u00e9ro de Regards crois\u00e9s rassemble, comme \u00e0 son habitude, des donn\u00e9es disponibles sur ces sujets, agriculture et alimentation.<\/em><\/p>\n\n\n\n<p><em>Il les croise (c\u2019est le principe !) avec des enjeux plus larges : la sant\u00e9, l\u2019\u00e9conomie, les in\u00e9galit\u00e9s sociales, l\u2019environnement. Sur ce dernier enjeu environnemental, il assume un angle plus marqu\u00e9.<\/em><\/p>\n\n\n\n<p><em>L\u2019ambition ?<\/em><\/p>\n\n\n\n<p><em>Mieux comprendre l\u2019impact de notre alimentation et de nos modes de productions agricoles sur les changements climatiques. Ce Regards crois\u00e9s se veut support de discussion, ressource pour objectiver et nourrir les \u00e9changes. Il pr\u00e9sente tant que faire se peut des donn\u00e9es locales, issues d\u2019enqu\u00eates men\u00e9es par plusieurs des partenaires de l\u2019OBS\u2019y.<\/em><\/p>\n\n\n\n<p><em>Au lecteur assidu des publications de l\u2019OBS\u2019y, il n\u2019aura pas \u00e9chapp\u00e9 une \u00e9volution des rubriques et de la maquette de ce magazine, pour le rendre plus facile d\u2019acc\u00e8s, plus percutant, plus agr\u00e9able. Nous esp\u00e9rons qu\u2019ainsi, forme et fond vous nourriront&#8230;&nbsp;\u00bb<\/em><\/p>\n\n\n\n<figure class=\"wp-block-embed\"><div class=\"wp-block-embed__wrapper\">\nhttps:\/\/www.obsy.fr\/_files\/ugd\/c935a0_194871540c93447b8836ed78f3341bdc.pdf\n<\/div><\/figure>\n","protected":false},"excerpt":{"rendered":"<p>L\u2019OBS\u2019y, le r\u00e9seau des observatoires de la r\u00e9gion grenobloise r\u00e9unit 15 partenaires qui s\u2019engagent \u00e0 faire de l\u2019observation un outil de pilotage au service de l\u2019action publique. Sur des th\u00e8mes aussi vari\u00e9s que l\u2019\u00e9conomie, le social, les mobilit\u00e9s, l\u2019environnement ou le bien-vivre, ils partagent donn\u00e9es et analyses. L\u2019objectif principal de l\u2019OBS\u2019y est d\u2019\u00e9tablir et porter [&hellip;]<\/p>\n","protected":false},"author":1,"featured_media":0,"comment_status":"closed","ping_status":"open","sticky":false,"template":"","format":"standard","meta":{"twitterCardType":"","cardImageID":0,"cardImage":"","cardTitle":"","cardDesc":"","cardImageAlt":"","cardPlayer":"","cardPlayerWidth":0,"cardPlayerHeight":0,"cardPlayerStream":"","cardPlayerCodec":"","footnotes":""},"categories":[62,11],"tags":[266,280],"class_list":["post-23934","post","type-post","status-publish","format-standard","hentry","category-le-rouge-le-vert-hebdo","category-politique-locale","tag-alimentation","tag-metropole"],"_links":{"self":[{"href":"https:\/\/www.ades-grenoble.org\/wordpress\/wp-json\/wp\/v2\/posts\/23934","targetHints":{"allow":["GET"]}}],"collection":[{"href":"https:\/\/www.ades-grenoble.org\/wordpress\/wp-json\/wp\/v2\/posts"}],"about":[{"href":"https:\/\/www.ades-grenoble.org\/wordpress\/wp-json\/wp\/v2\/types\/post"}],"author":[{"embeddable":true,"href":"https:\/\/www.ades-grenoble.org\/wordpress\/wp-json\/wp\/v2\/users\/1"}],"replies":[{"embeddable":true,"href":"https:\/\/www.ades-grenoble.org\/wordpress\/wp-json\/wp\/v2\/comments?post=23934"}],"version-history":[{"count":1,"href":"https:\/\/www.ades-grenoble.org\/wordpress\/wp-json\/wp\/v2\/posts\/23934\/revisions"}],"predecessor-version":[{"id":23935,"href":"https:\/\/www.ades-grenoble.org\/wordpress\/wp-json\/wp\/v2\/posts\/23934\/revisions\/23935"}],"wp:attachment":[{"href":"https:\/\/www.ades-grenoble.org\/wordpress\/wp-json\/wp\/v2\/media?parent=23934"}],"wp:term":[{"taxonomy":"category","embeddable":true,"href":"https:\/\/www.ades-grenoble.org\/wordpress\/wp-json\/wp\/v2\/categories?post=23934"},{"taxonomy":"post_tag","embeddable":true,"href":"https:\/\/www.ades-grenoble.org\/wordpress\/wp-json\/wp\/v2\/tags?post=23934"}],"curies":[{"name":"wp","href":"https:\/\/api.w.org\/{rel}","templated":true}]}}