{"id":2396,"date":"2010-10-08T22:23:37","date_gmt":"2010-10-08T20:23:37","guid":{"rendered":"http:\/\/www.ades-grenoble.org\/wordpress\/?p=2396"},"modified":"2010-10-23T19:36:22","modified_gmt":"2010-10-23T17:36:22","slug":"le-lycee-doit-etre-rehabilite-ou-reconstruit-sur-place","status":"publish","type":"post","link":"https:\/\/www.ades-grenoble.org\/wordpress\/2010\/10\/08\/le-lycee-doit-etre-rehabilite-ou-reconstruit-sur-place\/","title":{"rendered":"Le lyc\u00e9e mounier doit \u00eatre r\u00e9habilit\u00e9 ou reconstruit sur place !"},"content":{"rendered":"<div id=\"attachment_2401\" style=\"width: 297px\" class=\"wp-caption alignleft\"><a href=\"http:\/\/www.ades-grenoble.org\/wordpress\/wp-content\/uploads\/2010\/10\/mounier-retraites.jpg\" target=\"_blank\"><img loading=\"lazy\" decoding=\"async\" aria-describedby=\"caption-attachment-2401\" class=\"size-medium wp-image-2401\" title=\"mounier-retraites\" src=\"http:\/\/www.ades-grenoble.org\/wordpress\/wp-content\/uploads\/2010\/10\/mounier-retraites-287x300.jpg\" alt=\"\" width=\"287\" height=\"300\" srcset=\"https:\/\/www.ades-grenoble.org\/wordpress\/wp-content\/uploads\/2010\/10\/mounier-retraites-287x300.jpg 287w, https:\/\/www.ades-grenoble.org\/wordpress\/wp-content\/uploads\/2010\/10\/mounier-retraites-143x150.jpg 143w, https:\/\/www.ades-grenoble.org\/wordpress\/wp-content\/uploads\/2010\/10\/mounier-retraites.jpg 731w\" sizes=\"auto, (max-width: 287px) 100vw, 287px\" \/><\/a><p id=\"caption-attachment-2401\" class=\"wp-caption-text\">Dessin Cled&#39;12 - Tous droits r\u00e9serv\u00e9s<\/p><\/div>\n<p>Maintenant il est clair que le Pr\u00e9sident de la R\u00e9gion a fait une grosse erreur et qu\u2019il doit revoir vite sa copie : il n\u2019y avait pas plus d\u2019urgence qu\u2019avant pour intervenir sur le b\u00e2ti. <a href=\"http:\/\/www.ades-grenoble.org\/wordpress\/tag\/mounier\/\" target=\"_self\">Le lyc\u00e9e Mounier<\/a> doit \u00eatre soit r\u00e9habilit\u00e9 soit reconstruit par tranches sur place, afin qu\u2019il puisse poursuivre son programme \u00e9ducatif qui marche bien. Il faut \u00e9viter \u00e0 tout prix la dispersion des \u00e9l\u00e8ves et des \u00e9quipes p\u00e9dagogiques. Ceci ne pose pas de probl\u00e8mes particuliers, il suffit de l\u2019organiser, la R\u00e9gion avait d&rsquo;ailleurs pour cela pr\u00e9vu un financement en deux tranches de 20 M\u20ac.<\/p>\n<p>Le maire M. Destot est en train d\u2019\u00e9voluer, apr\u00e8s un soutien sans faille \u00e0 la d\u00e9cision du Pr\u00e9sident de la R\u00e9gion, devant la forte mobilisation il commence \u00e0 prendre ses distances sur la solution \u00e0 adopter. Alors qu\u2019il ne demandait qu\u2019\u00e0 \u00eatre associ\u00e9 aux d\u00e9cisions de la r\u00e9gion (dont il ne discutait pas la justesse), maintenant il demande <em>\u00ab\u00a0au Pr\u00e9sident de la R\u00e9gion Rh\u00f4ne-Alpes et au Recteur de l&rsquo;Acad\u00e9mie de Grenoble de bien vouloir r\u00e9unir un groupe de travail ouvert \u00e0 l\u2019ensemble des acteurs concern\u00e9s (\u00e9quipes p\u00e9dagogiques, parents d&rsquo;\u00e9l\u00e8ves, repr\u00e9sentants des lyc\u00e9ens, Ville de Grenoble, Conseil g\u00e9n\u00e9ral\u2026) afin d&rsquo;examiner les cons\u00e9quences de cette d\u00e9molition ainsi que toutes les solutions susceptibles d&rsquo;\u00eatre mises en \u0153uvre en termes de poursuite de la scolarit\u00e9 des actuels lyc\u00e9ens et d&rsquo;accueil des prochaines g\u00e9n\u00e9rations de lyc\u00e9ens.\u00a0\u00bb<\/em><\/p>\n<p>La mobilisation doit s\u2019amplifier afin que la d\u00e9cision du Pr\u00e9sident de la R\u00e9gion et du rectorat soit abandonn\u00e9e rapidement.<\/p>\n","protected":false},"excerpt":{"rendered":"<p>Maintenant il est clair que le Pr\u00e9sident de la R\u00e9gion a fait une grosse erreur et qu\u2019il doit revoir vite sa copie : il n\u2019y avait pas plus d\u2019urgence qu\u2019avant pour intervenir sur le b\u00e2ti. Le lyc\u00e9e Mounier doit \u00eatre soit r\u00e9habilit\u00e9 soit reconstruit par tranches sur place, afin qu\u2019il puisse poursuivre son programme \u00e9ducatif [&hellip;]<\/p>\n","protected":false},"author":1,"featured_media":0,"comment_status":"closed","ping_status":"open","sticky":false,"template":"","format":"standard","meta":{"twitterCardType":"","cardImageID":0,"cardImage":"","cardTitle":"","cardDesc":"","cardImageAlt":"","cardPlayer":"","cardPlayerWidth":0,"cardPlayerHeight":0,"cardPlayerStream":"","cardPlayerCodec":"","footnotes":""},"categories":[11],"tags":[79,74,84],"class_list":["post-2396","post","type-post","status-publish","format-standard","hentry","category-politique-locale","tag-conseil-regional","tag-destot","tag-mounier"],"_links":{"self":[{"href":"https:\/\/www.ades-grenoble.org\/wordpress\/wp-json\/wp\/v2\/posts\/2396","targetHints":{"allow":["GET"]}}],"collection":[{"href":"https:\/\/www.ades-grenoble.org\/wordpress\/wp-json\/wp\/v2\/posts"}],"about":[{"href":"https:\/\/www.ades-grenoble.org\/wordpress\/wp-json\/wp\/v2\/types\/post"}],"author":[{"embeddable":true,"href":"https:\/\/www.ades-grenoble.org\/wordpress\/wp-json\/wp\/v2\/users\/1"}],"replies":[{"embeddable":true,"href":"https:\/\/www.ades-grenoble.org\/wordpress\/wp-json\/wp\/v2\/comments?post=2396"}],"version-history":[{"count":9,"href":"https:\/\/www.ades-grenoble.org\/wordpress\/wp-json\/wp\/v2\/posts\/2396\/revisions"}],"predecessor-version":[{"id":2521,"href":"https:\/\/www.ades-grenoble.org\/wordpress\/wp-json\/wp\/v2\/posts\/2396\/revisions\/2521"}],"wp:attachment":[{"href":"https:\/\/www.ades-grenoble.org\/wordpress\/wp-json\/wp\/v2\/media?parent=2396"}],"wp:term":[{"taxonomy":"category","embeddable":true,"href":"https:\/\/www.ades-grenoble.org\/wordpress\/wp-json\/wp\/v2\/categories?post=2396"},{"taxonomy":"post_tag","embeddable":true,"href":"https:\/\/www.ades-grenoble.org\/wordpress\/wp-json\/wp\/v2\/tags?post=2396"}],"curies":[{"name":"wp","href":"https:\/\/api.w.org\/{rel}","templated":true}]}}