{"id":23981,"date":"2024-12-06T12:32:26","date_gmt":"2024-12-06T11:32:26","guid":{"rendered":"https:\/\/www.ades-grenoble.org\/wordpress\/?p=23981"},"modified":"2024-12-06T12:32:26","modified_gmt":"2024-12-06T11:32:26","slug":"election-legislative-partielle-1ere-circonscription-de-lisere-les-12-et-19-janvier-2025","status":"publish","type":"post","link":"https:\/\/www.ades-grenoble.org\/wordpress\/2024\/12\/06\/election-legislative-partielle-1ere-circonscription-de-lisere-les-12-et-19-janvier-2025\/","title":{"rendered":"Election l\u00e9gislative partielle 1\u00e8re circonscription de l\u2019Is\u00e8re, les 12 et 19 janvier 2025"},"content":{"rendered":"<div class=\"wp-block-image\">\n<figure class=\"alignleft size-full\"><img loading=\"lazy\" decoding=\"async\" width=\"350\" height=\"189\" src=\"https:\/\/www.ades-grenoble.org\/wordpress\/wp-content\/uploads\/2019\/02\/cartes-electorales.jpg\" alt=\"\" class=\"wp-image-15305\" srcset=\"https:\/\/www.ades-grenoble.org\/wordpress\/wp-content\/uploads\/2019\/02\/cartes-electorales.jpg 350w, https:\/\/www.ades-grenoble.org\/wordpress\/wp-content\/uploads\/2019\/02\/cartes-electorales-150x81.jpg 150w, https:\/\/www.ades-grenoble.org\/wordpress\/wp-content\/uploads\/2019\/02\/cartes-electorales-300x162.jpg 300w\" sizes=\"auto, (max-width: 350px) 100vw, 350px\" \/><\/figure>\n<\/div>\n\n\n<p>Le d\u00e9cret du 29 novembre 2024 (n\u00b0 2024-1080) convoque les \u00e9lecteurs de la circonscription le dimanche 12 janvier 2025 pour le 1<sup>er<\/sup> tour et si n\u00e9cessaire, le second tour aura lieu le dimanche 19 janvier 2025. Les candidatures devront \u00eatre d\u00e9pos\u00e9es \u00e0 la pr\u00e9fecture de l\u2019Is\u00e8re au plus tard le 20 d\u00e9cembre \u00e0 18 h pour le premier tour et le mardi 14 janvier 2025 \u00e0 18 h. Pour l\u2019instant il y a 7 candidat-es qui ont annonc\u00e9 leur candidature.<\/p>\n\n\n\n<p>Alors qu\u2019en juillet 2024 il y a eu une triangulaire au 2<sup>\u00e8me<\/sup> tour, il y a une tr\u00e8s forte probabilit\u00e9 qu\u2019au second tour il n\u2019y ait que 2 candidats, car la participation sera nettement inf\u00e9rieure \u00e0 celle de juillet, comme pour toute \u00e9lection partielle.<\/p>\n\n\n\n<p><strong>Le seul candidat \u00e0 gauche et \u00e9cologiste est Lyes LOUFFOK du Nouveau Front populaire.<\/strong><strong><\/strong><\/p>\n\n\n\n<!--more-->\n\n\n\n<p>Le d\u00e9cret stipule que les demandes d&rsquo;inscription sur les listes \u00e9lectorales, en vue de participer au scrutin, doivent \u00eatre d\u00e9pos\u00e9es \u00ab\u00a0<em>au plus tard le vendredi 6 d\u00e9cembre<\/em>\u00ab\u00a0.<\/p>\n\n\n\n<p>La ville de Grenoble rappelle que \u00ab\u00a0<em>tout.e citoyen.ne de 18 ans, s\u2019\u00e9tant fait recenser \u00e0 la mairie entre ses 16 ans et la veille de ses 18 ans, et ayant fait sa journ\u00e9e d\u00e9fense et citoyennet\u00e9, est d\u2019office inscrit.e sur la liste \u00e9lectorale\u00a0\u00bb.&nbsp;<\/em>On peut v\u00e9rifier son inscription ainsi que son lieu de vote sur le site Service-Public.fr.<\/p>\n\n\n\n<p>Les personnes ayant d\u00e9m\u00e9nag\u00e9 ces derniers mois dans la circonscription, &nbsp;peuvent s&rsquo;inscrire sur le site service-public.fr, par courrier ou en se rendant dans une mairie. Si l&rsquo;\u00e9lecteur a quitt\u00e9 la circonscription, il sera automatiquement radi\u00e9.<\/p>\n\n\n\n<p>Les demandes de procuration devront \u00eatre effectu\u00e9es au plus t\u00f4t et jusqu&rsquo;\u00e0 la veille du scrutin. Il est possible de la r\u00e9aliser en ligne sur le site maprocuration.gouv.fr ou en allant dans un commissariat ou une gendarmerie, muni d&rsquo;une pi\u00e8ce d&rsquo;identit\u00e9.<\/p>\n","protected":false},"excerpt":{"rendered":"<p>Le d\u00e9cret du 29 novembre 2024 (n\u00b0 2024-1080) convoque les \u00e9lecteurs de la circonscription le dimanche 12 janvier 2025 pour le 1er tour et si n\u00e9cessaire, le second tour aura lieu le dimanche 19 janvier 2025. Les candidatures devront \u00eatre d\u00e9pos\u00e9es \u00e0 la pr\u00e9fecture de l\u2019Is\u00e8re au plus tard le 20 d\u00e9cembre \u00e0 18 h [&hellip;]<\/p>\n","protected":false},"author":1,"featured_media":0,"comment_status":"closed","ping_status":"open","sticky":false,"template":"","format":"standard","meta":{"twitterCardType":"","cardImageID":0,"cardImage":"","cardTitle":"","cardDesc":"","cardImageAlt":"","cardPlayer":"","cardPlayerWidth":0,"cardPlayerHeight":0,"cardPlayerStream":"","cardPlayerCodec":"","footnotes":""},"categories":[62,11],"tags":[140,215,288,110],"class_list":["post-23981","post","type-post","status-publish","format-standard","hentry","category-le-rouge-le-vert-hebdo","category-politique-locale","tag-elections","tag-grenoble","tag-isere","tag-legislatives"],"_links":{"self":[{"href":"https:\/\/www.ades-grenoble.org\/wordpress\/wp-json\/wp\/v2\/posts\/23981","targetHints":{"allow":["GET"]}}],"collection":[{"href":"https:\/\/www.ades-grenoble.org\/wordpress\/wp-json\/wp\/v2\/posts"}],"about":[{"href":"https:\/\/www.ades-grenoble.org\/wordpress\/wp-json\/wp\/v2\/types\/post"}],"author":[{"embeddable":true,"href":"https:\/\/www.ades-grenoble.org\/wordpress\/wp-json\/wp\/v2\/users\/1"}],"replies":[{"embeddable":true,"href":"https:\/\/www.ades-grenoble.org\/wordpress\/wp-json\/wp\/v2\/comments?post=23981"}],"version-history":[{"count":1,"href":"https:\/\/www.ades-grenoble.org\/wordpress\/wp-json\/wp\/v2\/posts\/23981\/revisions"}],"predecessor-version":[{"id":23982,"href":"https:\/\/www.ades-grenoble.org\/wordpress\/wp-json\/wp\/v2\/posts\/23981\/revisions\/23982"}],"wp:attachment":[{"href":"https:\/\/www.ades-grenoble.org\/wordpress\/wp-json\/wp\/v2\/media?parent=23981"}],"wp:term":[{"taxonomy":"category","embeddable":true,"href":"https:\/\/www.ades-grenoble.org\/wordpress\/wp-json\/wp\/v2\/categories?post=23981"},{"taxonomy":"post_tag","embeddable":true,"href":"https:\/\/www.ades-grenoble.org\/wordpress\/wp-json\/wp\/v2\/tags?post=23981"}],"curies":[{"name":"wp","href":"https:\/\/api.w.org\/{rel}","templated":true}]}}