{"id":24026,"date":"2024-12-20T13:28:05","date_gmt":"2024-12-20T12:28:05","guid":{"rendered":"https:\/\/www.ades-grenoble.org\/wordpress\/?p=24026"},"modified":"2024-12-20T13:28:05","modified_gmt":"2024-12-20T12:28:05","slug":"grenoble-une-ville-qui-respecte-la-vie-des-animaux","status":"publish","type":"post","link":"https:\/\/www.ades-grenoble.org\/wordpress\/2024\/12\/20\/grenoble-une-ville-qui-respecte-la-vie-des-animaux\/","title":{"rendered":"Grenoble, une ville qui respecte la vie des animaux"},"content":{"rendered":"<div class=\"wp-block-image\">\n<figure class=\"alignleft size-full\"><img loading=\"lazy\" decoding=\"async\" width=\"380\" height=\"288\" src=\"https:\/\/www.ades-grenoble.org\/wordpress\/wp-content\/uploads\/2024\/12\/Grenoble-animaux.jpg\" alt=\"\" class=\"wp-image-24027\" srcset=\"https:\/\/www.ades-grenoble.org\/wordpress\/wp-content\/uploads\/2024\/12\/Grenoble-animaux.jpg 380w, https:\/\/www.ades-grenoble.org\/wordpress\/wp-content\/uploads\/2024\/12\/Grenoble-animaux-300x227.jpg 300w, https:\/\/www.ades-grenoble.org\/wordpress\/wp-content\/uploads\/2024\/12\/Grenoble-animaux-150x114.jpg 150w\" sizes=\"auto, (max-width: 380px) 100vw, 380px\" \/><\/figure>\n<\/div>\n\n\n<p>Grenoble prot\u00e8ge tous les \u00eatres vivants et r\u00e9affirme son engagement pour les animaux, en affichant <a href=\"https:\/\/www.grenoble.fr\/uploads\/Presse\/pse_fichier\/a5\/2051_057_DP-Declaration-droit-de-l_animal_compressed.pdf\" data-type=\"link\" data-id=\"https:\/\/www.grenoble.fr\/uploads\/Presse\/pse_fichier\/a5\/2051_057_DP-Declaration-droit-de-l_animal_compressed.pdf\">la D\u00e9claration des droits de l\u2019animal \u00e0 l\u2019H\u00f4tel de Ville<\/a>. Qu\u2019il s\u2019agisse des animaux dits de compagnie, les animaux dits de rente (animal de production), les animaux liminaires (rats, moineaux, pigeons, lapins, cygnes, canards, fouines&#8230;), les animaux sauvages ou les insectes, chacun a une existence en ville et doit cohabiter de la mani\u00e8re la plus harmonieuse possible avec les humains<\/p>\n\n\n\n<p>Adopt\u00e9e pour la premi\u00e8re fois le 15 octobre 1978 \u00e0 la Maison de l\u2019Unesco \u00e0 Paris, la D\u00e9claration universelle des droits de l\u2019animal, cor\u00e9dig\u00e9e par La Fondation Droit Animal (LFDA), a \u00e9t\u00e9 actualis\u00e9e en 1989, puis en 2018, avec l\u2019adh\u00e9sion de son comit\u00e9 d\u2019honneur. Elle est d\u00e9sormais connue sous le nom de D\u00e9claration des droits de l\u2019animal.<\/p>\n\n\n\n<p>Ce texte promeut le respect des animaux et vise \u00e0 sensibiliser la population \u00e0 leur protection. Il ambitionne \u00e9galement d\u2019influencer les cadres l\u00e9gislatifs et r\u00e9glementaires pour am\u00e9liorer leur condition.<\/p>\n\n\n\n<!--more-->\n\n\n\n<p>Reposant sur les avanc\u00e9es scientifiques d\u00e9montrant la capacit\u00e9 des animaux \u00e0 ressentir souffrance, plaisir et \u00e9motions, la D\u00e9claration appelle \u00e0 une approche responsable et respectueuse des animaux, non seulement pour le bien-\u00eatre animal, mais aussi pour l\u2019\u00e9quilibre de la communaut\u00e9 biologique \u00e0 laquelle nous appartenons.<\/p>\n\n\n\n<p>Grenoble, premi\u00e8re au classement \u00ab Une ville pour les animaux \u00bb de L214 en 2022 et en 2023, innove pour la condition animale.<\/p>\n\n\n\n<p>V\u00e9g\u00e9talisation des menus des cantines scolaires et des restaurants municipaux, exclusion des pires pratiques d\u2019\u00e9levage et d\u2019abattage de la commande publique, accord-cadre incluant la condition animale dans toutes les politiques publiques, v\u0153ux contre l\u2019\u00e9levage intensif&#8230; Les collectivit\u00e9s ont leur part \u00e0 faire pour am\u00e9liorer les conditions de vie des animaux.<\/p>\n\n\n\n<p><strong><em>D\u00e9claration des Droits de l\u2019Animal<\/em><\/strong><\/p>\n\n\n\n<p><em>Consid\u00e9rant que la Vie est une, tous les \u00eatres vivants ayant une origine commune et s\u2019\u00e9tant diff\u00e9renci\u00e9s au cours de l\u2019\u00e9volution des esp\u00e8ces,<\/em><\/p>\n\n\n\n<p><em>Consid\u00e9rant que tout \u00eatre vivant poss\u00e8de des droits naturels et que tout animal dot\u00e9 d\u2019un syst\u00e8me nerveux poss\u00e8de des droits particuliers,<\/em><\/p>\n\n\n\n<p><em>Consid\u00e9rant que le m\u00e9pris, voire la simple m\u00e9connaissance de ces droits naturels provoquent de graves atteintes \u00e0 la Nature et conduisent l\u2019homme \u00e0 commettre des crimes envers les animaux,<\/em><\/p>\n\n\n\n<p><em>Consid\u00e9rant que la coexistence des esp\u00e8ces dans le monde implique la reconnaissance par l\u2019esp\u00e8ce humaine du droit \u00e0 l\u2019existence des autres esp\u00e8ces animales,<\/em><\/p>\n\n\n\n<p><em>Consid\u00e9rant que le respect des animaux par l\u2019homme est ins\u00e9parable du respect des hommes entre eux,<\/em><\/p>\n\n\n\n<p><em>IL EST PROCLAM\u00c9 CE QUI SUIT<\/em><\/p>\n\n\n\n<p><em>Article 1. Le milieu naturel des animaux \u00e0 l\u2019\u00e9tat de libert\u00e9 doit \u00eatre pr\u00e9serv\u00e9 afin que les animaux puissent y vivre et \u00e9voluer conform\u00e9ment \u00e0 leurs besoins et que la survie des esp\u00e8ces ne soit pas compromise.<\/em><\/p>\n\n\n\n<p><em>Article 2. Tout animal appartenant \u00e0 une esp\u00e8ce dont la sensibilit\u00e9 est reconnue par la science a le droit au respect de cette sensibilit\u00e9.<\/em><\/p>\n\n\n\n<p><em>Article 3. Le bien-\u00eatre tant physiologique que comportemental des animaux sensibles que l\u2019homme tient sous sa d\u00e9pendance doit \u00eatre assur\u00e9 par ceux qui en ont la garde.<\/em><\/p>\n\n\n\n<p><em>Article 4. Tout acte de cruaut\u00e9 est prohib\u00e9. Tout acte infligeant \u00e0 un animal sans n\u00e9cessit\u00e9 douleur, souffrance ou angoisse est prohib\u00e9.<\/em><\/p>\n\n\n\n<p><em>Article 5. Tout acte impliquant sans justification la mise \u00e0 mort d\u2019un animal est prohib\u00e9. Si la mise \u00e0 mort d\u2019un animal est justifi\u00e9e, elle doit \u00eatre instantan\u00e9e, indolore et non g\u00e9n\u00e9ratrice d\u2019angoisse.<\/em><\/p>\n\n\n\n<p><em>Article 6. Aucune manipulation ou s\u00e9lection g\u00e9n\u00e9tique ne doit avoir pour effet de compromettre le bien-\u00eatre ou la capacit\u00e9 au bien-\u00eatre d\u2019un animal sensible.<\/em><\/p>\n\n\n\n<p><em>Article 7. Les gouvernements veillent \u00e0 ce que l\u2019enseignement forme au respect de la pr\u00e9sente d\u00e9claration.<\/em><\/p>\n\n\n\n<p><em>Article 8. La pr\u00e9sente d\u00e9claration est mise en \u0153uvre par les trait\u00e9s internationaux et les lois et r\u00e8glements de chaque \u00c9tat et communaut\u00e9 d\u2019\u00c9tats.<\/em><\/p>\n","protected":false},"excerpt":{"rendered":"<p>Grenoble prot\u00e8ge tous les \u00eatres vivants et r\u00e9affirme son engagement pour les animaux, en affichant la D\u00e9claration des droits de l\u2019animal \u00e0 l\u2019H\u00f4tel de Ville. Qu\u2019il s\u2019agisse des animaux dits de compagnie, les animaux dits de rente (animal de production), les animaux liminaires (rats, moineaux, pigeons, lapins, cygnes, canards, fouines&#8230;), les animaux sauvages ou les [&hellip;]<\/p>\n","protected":false},"author":1,"featured_media":0,"comment_status":"closed","ping_status":"open","sticky":false,"template":"","format":"standard","meta":{"twitterCardType":"","cardImageID":0,"cardImage":"","cardTitle":"","cardDesc":"","cardImageAlt":"","cardPlayer":"","cardPlayerWidth":0,"cardPlayerHeight":0,"cardPlayerStream":"","cardPlayerCodec":"","footnotes":""},"categories":[62,11],"tags":[360,295,215],"class_list":["post-24026","post","type-post","status-publish","format-standard","hentry","category-le-rouge-le-vert-hebdo","category-politique-locale","tag-animal","tag-droits","tag-grenoble"],"_links":{"self":[{"href":"https:\/\/www.ades-grenoble.org\/wordpress\/wp-json\/wp\/v2\/posts\/24026","targetHints":{"allow":["GET"]}}],"collection":[{"href":"https:\/\/www.ades-grenoble.org\/wordpress\/wp-json\/wp\/v2\/posts"}],"about":[{"href":"https:\/\/www.ades-grenoble.org\/wordpress\/wp-json\/wp\/v2\/types\/post"}],"author":[{"embeddable":true,"href":"https:\/\/www.ades-grenoble.org\/wordpress\/wp-json\/wp\/v2\/users\/1"}],"replies":[{"embeddable":true,"href":"https:\/\/www.ades-grenoble.org\/wordpress\/wp-json\/wp\/v2\/comments?post=24026"}],"version-history":[{"count":1,"href":"https:\/\/www.ades-grenoble.org\/wordpress\/wp-json\/wp\/v2\/posts\/24026\/revisions"}],"predecessor-version":[{"id":24028,"href":"https:\/\/www.ades-grenoble.org\/wordpress\/wp-json\/wp\/v2\/posts\/24026\/revisions\/24028"}],"wp:attachment":[{"href":"https:\/\/www.ades-grenoble.org\/wordpress\/wp-json\/wp\/v2\/media?parent=24026"}],"wp:term":[{"taxonomy":"category","embeddable":true,"href":"https:\/\/www.ades-grenoble.org\/wordpress\/wp-json\/wp\/v2\/categories?post=24026"},{"taxonomy":"post_tag","embeddable":true,"href":"https:\/\/www.ades-grenoble.org\/wordpress\/wp-json\/wp\/v2\/tags?post=24026"}],"curies":[{"name":"wp","href":"https:\/\/api.w.org\/{rel}","templated":true}]}}