{"id":24037,"date":"2024-12-20T13:28:49","date_gmt":"2024-12-20T12:28:49","guid":{"rendered":"https:\/\/www.ades-grenoble.org\/wordpress\/?p=24037"},"modified":"2024-12-20T13:28:49","modified_gmt":"2024-12-20T12:28:49","slug":"mayotte-departement-francais-abandonne-par-le-gouvernement-depuis-des-annees","status":"publish","type":"post","link":"https:\/\/www.ades-grenoble.org\/wordpress\/2024\/12\/20\/mayotte-departement-francais-abandonne-par-le-gouvernement-depuis-des-annees\/","title":{"rendered":"Mayotte, d\u00e9partement fran\u00e7ais abandonn\u00e9 par le gouvernement depuis des ann\u00e9es"},"content":{"rendered":"<div class=\"wp-block-image\">\n<figure class=\"alignleft size-full\"><img loading=\"lazy\" decoding=\"async\" width=\"380\" height=\"181\" src=\"https:\/\/www.ades-grenoble.org\/wordpress\/wp-content\/uploads\/2024\/12\/Mayotte-destructions.jpg\" alt=\"\" class=\"wp-image-24038\" srcset=\"https:\/\/www.ades-grenoble.org\/wordpress\/wp-content\/uploads\/2024\/12\/Mayotte-destructions.jpg 380w, https:\/\/www.ades-grenoble.org\/wordpress\/wp-content\/uploads\/2024\/12\/Mayotte-destructions-300x143.jpg 300w, https:\/\/www.ades-grenoble.org\/wordpress\/wp-content\/uploads\/2024\/12\/Mayotte-destructions-150x71.jpg 150w\" sizes=\"auto, (max-width: 380px) 100vw, 380px\" \/><\/figure>\n<\/div>\n\n\n<p>Alors que plus de 40% des logements sont en t\u00f4le, en bois ou en v\u00e9g\u00e9tal et que la moiti\u00e9 des occupants des bidonvilles sont des personnes \u00e9trang\u00e8res sans papiers, personne ne s\u2019y est rendu avant le passage du cyclone pour \u00a0pr\u00e9venir la population. Ce Chido, c\u2019est son nom, a fait un v\u00e9ritable carnage.\u00a0<\/p>\n\n\n\n<p>Alors que l&rsquo;acheminent des secours et des denr\u00e9es vers Mayotte se met en place progressivement, le gouvernement vient de prononcer l\u2019\u00e9tat de\u00a0\u00ab<em>\u00a0calamit\u00e9 naturelle exceptionnelle<\/em>\u00a0\u00bb\u00a0sur l\u2019\u00eele, pour une dur\u00e9e d\u2019un mois, ce qui permet notamment d\u2019acc\u00e9l\u00e9rer les proc\u00e9dures de passation de march\u00e9s. <a href=\"https:\/\/www.legifrance.gouv.fr\/jorf\/id\/JORFTEXT000050793673\" data-type=\"link\" data-id=\"https:\/\/www.legifrance.gouv.fr\/jorf\/id\/JORFTEXT000050793673\">Un d\u00e9cret instaure le blocage des prix des produits de grande consommation \u00e0 Mayotte, pour \u00e9viter la sp\u00e9culation<\/a>. Sont notamment concern\u00e9s l\u2019eau min\u00e9rale, les produits alimentaires, les piles, les produits d\u2019hygi\u00e8ne et les outils.<\/p>\n\n\n\n<p>Voici un message d\u2019une habitante des Cara\u00efbes, zone habitu\u00e9e aux cyclones&nbsp;:<\/p>\n\n\n\n<!--more-->\n\n\n\n<p><em>\u00ab&nbsp;Les mahorais d\u00e9couvrent \u00e0 leur tour les jours d&rsquo;apr\u00e8s cyclone.<\/em><\/p>\n\n\n\n<p><em>D&rsquo;autres d\u00e9partements fran\u00e7ais connaissent tr\u00e8s bien ces jours-l\u00e0, ils connaissent surtout la gradation couleur des alertes :<\/em><\/p>\n\n\n\n<p><em>D\u00e9but de saison cyclonique on fait le double de ses papiers, on pr\u00e9pare son sac avec les choses essentielles.&nbsp;<\/em><\/p>\n\n\n\n<p><em>Orange on v\u00e9rifie les r\u00e9serves eau, nourriture, les m\u00e9dicaments, la radio, les bougies.<\/em><\/p>\n\n\n\n<p><em>On fait le plein d&rsquo;argent liquide et le plein d&rsquo;essence dans les voitures.&nbsp;<\/em><\/p>\n\n\n\n<p><em>Rouge, on renforce les fen\u00eatres, on se barricade chez ceux qui ont la maison la plus solide.<\/em><\/p>\n\n\n\n<p><em>Violet, on se serre tous tr\u00e8s fort et on prie tr\u00e8s fort tous les forces des esprits.&nbsp;<\/em><\/p>\n\n\n\n<p><em>Pourquoi n\u2019a-t-on pas appliqu\u00e9 \u00e0 Mayotte ce que les carib\u00e9ens connaissent par c\u0153ur ?<\/em><\/p>\n\n\n\n<p><em>Pourquoi m\u00eame les habitats en dur (h\u00f4pital, a\u00e9roport&#8230;) ont \u00e9t\u00e9 autant \u00ab&nbsp;cyclon\u00e9s&nbsp;\u00bb ? Alors que l&rsquo;on conna\u00eet maintenant les normes anticycloniques !&nbsp;\u00bb<\/em><\/p>\n\n\n\n<p>Les ravages caus\u00e9s \u00e0 Mayotte par le cyclone Chido auraient pu \u00eatre largement r\u00e9duits, selon <a href=\"https:\/\/reporterre.net\/A-Mayotte-personne-n-est-alle-dans-les-bidonvilles-prevenir-la-population\" data-type=\"link\" data-id=\"https:\/\/reporterre.net\/A-Mayotte-personne-n-est-alle-dans-les-bidonvilles-prevenir-la-population\">le g\u00e9ographe Fahad Idaroussi Tsimanda habitant de Mayotte depuis un an<\/a>.<\/p>\n\n\n\n<p><em>\u00ab&nbsp;Les cons\u00e9quences du cyclone Chido \u00e9taient pr\u00e9visibles. Mayotte est une zone \u00e0 risque m\u00eame si elle b\u00e9n\u00e9ficie de la protection naturelle de Madagascar qui r\u00e9duit d\u2019ordinaire l\u2019intensit\u00e9 des ph\u00e9nom\u00e8nes climatiques en provenance de l\u2019est de l\u2019oc\u00e9an indien. Le dernier cyclone de cette ampleur remonte aux ann\u00e9es 1930, donc la conscience du risque s\u2019est peu \u00e0 peu endormie. Ce type de catastrophe n\u2019est donc pas envisag\u00e9 dans la conscience collective.<\/em><\/p>\n\n\n\n<p><em>La France doit prendre ses responsabilit\u00e9s vis-\u00e0-vis de l\u2019\u00eele.<\/em><\/p>\n\n\n\n<p><em>Cependant, les autorit\u00e9s mahoraises savaient qu\u2019un tel ph\u00e9nom\u00e8ne allait toucher l\u2019\u00eele. Elles auraient d\u00fb mettre en place un diagnostic et un dialogue avec les populations, mais rien n\u2019a \u00e9t\u00e9 fait. Et \u00e0 l\u2019approche du cyclone, personne ne s\u2019est d\u00e9plac\u00e9 dans les bidonvilles pour pr\u00e9venir la population. Seules des alarmes t\u00e9l\u00e9phoniques bruyantes \u00e9crites en fran\u00e7ais ont alert\u00e9 les populations provenant des bidonvilles. Or, beaucoup d\u2019habitants ne comprennent pas cette langue.<\/em><\/p>\n\n\n\n<p><em>Au nord de l\u2019\u00eele, des \u00e9lagages auraient pu \u00eatre faits pour \u00e9viter des chutes d\u2019arbres, et des coupures de courant. Mais il n\u2019y a pas assez de moyens. L\u2019\u00c9tat se d\u00e9solidarise et Mayotte ne peut affronter une telle crise. Nous ne devrions pas avoir \u00e0 qu\u00e9mander de l\u2019aide. La France conna\u00eet les risques, elle doit prendre ses responsabilit\u00e9s vis-\u00e0-vis de l\u2019\u00eele. Ces comportements dangereux contribuent \u00e0 ce terrible spectacle qui aurait pu \u00eatre en partie \u00e9vit\u00e9.&nbsp;<\/em><\/p>\n\n\n\n<p><strong><em>Les r\u00e9cits des \u00e9v\u00e8nements rapportent que dans les bidonvilles, zones les plus durement touch\u00e9es par le cyclone, des habitants, pour bon nombre sans papiers, n\u2019ont pas trouv\u00e9 refuge dans les lieux en dur. Comment l\u2019expliquer&nbsp;?<\/em><\/strong><em><\/em><\/p>\n\n\n\n<p><em>\u00ab&nbsp;Les zones anthropis\u00e9es sur lesquelles se trouvent ces bidonvilles sont fortement expos\u00e9es. Les constructions y sont tr\u00e8s pr\u00e9caires, b\u00e2ties sur des pentes sujettes au mouvement de terrain. Avec le vent du cyclone Chido, quasiment toutes les maisons en t\u00f4les ont vol\u00e9.<\/em><\/p>\n\n\n\n<p><em>Il existe plusieurs raisons pour lesquelles certains refusent de quitter leur domicile. Certains ont peur des vols, d\u2019autres sous-estiment les d\u00e9g\u00e2ts d\u2019un cyclone. Mais dans la majorit\u00e9 des cas, la population a peur des autorit\u00e9s. Selon les quelques t\u00e9moignages que j\u2019ai pu recueillir, certains ont cru \u00e0 un stratag\u00e8me pour les renvoyer chez eux.\u00a0\u00bb<\/em> La solidarit\u00e9 nationale doit \u00eatre exemplaire face \u00e0 cette catastrophe d\u2019une ampleur in\u00e9dite. Rappelons au nouveau Premier ministre que Mayotte n\u2019est pas \u00e0 l\u2019\u00e9tranger, comme il a os\u00e9 le dire\u00a0 le 17 d\u00e9cembre \u00e0 l\u2019Assembl\u00e9e nationale\u00a0!!!<\/p>\n","protected":false},"excerpt":{"rendered":"<p>Alors que plus de 40% des logements sont en t\u00f4le, en bois ou en v\u00e9g\u00e9tal et que la moiti\u00e9 des occupants des bidonvilles sont des personnes \u00e9trang\u00e8res sans papiers, personne ne s\u2019y est rendu avant le passage du cyclone pour \u00a0pr\u00e9venir la population. Ce Chido, c\u2019est son nom, a fait un v\u00e9ritable carnage.\u00a0 Alors que [&hellip;]<\/p>\n","protected":false},"author":1,"featured_media":0,"comment_status":"closed","ping_status":"open","sticky":false,"template":"","format":"standard","meta":{"twitterCardType":"","cardImageID":0,"cardImage":"","cardTitle":"","cardDesc":"","cardImageAlt":"","cardPlayer":"","cardPlayerWidth":0,"cardPlayerHeight":0,"cardPlayerStream":"","cardPlayerCodec":"","footnotes":""},"categories":[62,11],"tags":[223,413,76],"class_list":["post-24037","post","type-post","status-publish","format-standard","hentry","category-le-rouge-le-vert-hebdo","category-politique-locale","tag-climat","tag-gouvernement","tag-securite"],"_links":{"self":[{"href":"https:\/\/www.ades-grenoble.org\/wordpress\/wp-json\/wp\/v2\/posts\/24037","targetHints":{"allow":["GET"]}}],"collection":[{"href":"https:\/\/www.ades-grenoble.org\/wordpress\/wp-json\/wp\/v2\/posts"}],"about":[{"href":"https:\/\/www.ades-grenoble.org\/wordpress\/wp-json\/wp\/v2\/types\/post"}],"author":[{"embeddable":true,"href":"https:\/\/www.ades-grenoble.org\/wordpress\/wp-json\/wp\/v2\/users\/1"}],"replies":[{"embeddable":true,"href":"https:\/\/www.ades-grenoble.org\/wordpress\/wp-json\/wp\/v2\/comments?post=24037"}],"version-history":[{"count":1,"href":"https:\/\/www.ades-grenoble.org\/wordpress\/wp-json\/wp\/v2\/posts\/24037\/revisions"}],"predecessor-version":[{"id":24039,"href":"https:\/\/www.ades-grenoble.org\/wordpress\/wp-json\/wp\/v2\/posts\/24037\/revisions\/24039"}],"wp:attachment":[{"href":"https:\/\/www.ades-grenoble.org\/wordpress\/wp-json\/wp\/v2\/media?parent=24037"}],"wp:term":[{"taxonomy":"category","embeddable":true,"href":"https:\/\/www.ades-grenoble.org\/wordpress\/wp-json\/wp\/v2\/categories?post=24037"},{"taxonomy":"post_tag","embeddable":true,"href":"https:\/\/www.ades-grenoble.org\/wordpress\/wp-json\/wp\/v2\/tags?post=24037"}],"curies":[{"name":"wp","href":"https:\/\/api.w.org\/{rel}","templated":true}]}}