{"id":24075,"date":"2025-01-10T12:30:19","date_gmt":"2025-01-10T11:30:19","guid":{"rendered":"https:\/\/www.ades-grenoble.org\/wordpress\/?p=24075"},"modified":"2025-01-10T13:07:58","modified_gmt":"2025-01-10T12:07:58","slug":"la-crise-de-la-construction-de-logements-neufs-se-poursuit","status":"publish","type":"post","link":"https:\/\/www.ades-grenoble.org\/wordpress\/2025\/01\/10\/la-crise-de-la-construction-de-logements-neufs-se-poursuit\/","title":{"rendered":"La crise de la construction de logements neufs, se poursuit"},"content":{"rendered":"<div class=\"wp-block-image\">\n<figure class=\"alignleft size-full\"><img loading=\"lazy\" decoding=\"async\" width=\"380\" height=\"314\" src=\"https:\/\/www.ades-grenoble.org\/wordpress\/wp-content\/uploads\/2023\/09\/Stat-logement.jpg\" alt=\"\" class=\"wp-image-22178\" srcset=\"https:\/\/www.ades-grenoble.org\/wordpress\/wp-content\/uploads\/2023\/09\/Stat-logement.jpg 380w, https:\/\/www.ades-grenoble.org\/wordpress\/wp-content\/uploads\/2023\/09\/Stat-logement-300x248.jpg 300w, https:\/\/www.ades-grenoble.org\/wordpress\/wp-content\/uploads\/2023\/09\/Stat-logement-150x124.jpg 150w\" sizes=\"auto, (max-width: 380px) 100vw, 380px\" \/><\/figure>\n<\/div>\n\n\n<p><a href=\"https:\/\/www.statistiques.developpement-durable.gouv.fr\/publicationweb\/696\" data-type=\"link\" data-id=\"https:\/\/www.statistiques.developpement-durable.gouv.fr\/publicationweb\/696\">Le nombre de constructions de logements stagne \u00e0 un niveau tr\u00e8s bas (moins de 260&nbsp;000 sur 12 mois)<\/a>. C\u2019est gr\u00e2ce aux logements collectifs qu\u2019il y a stagnation contrairement \u00e0 la construction des logements individuels dont la diminution continue depuis juillet 2022\u2026 Est-ce que la diminution des taux d\u2019int\u00e9r\u00eats va permettre de redresser un peu la situation, ce n\u2019est pas s\u00fbr car la difficult\u00e9 de mettre en place une politique gouvernementale incitative invite \u00e0 l\u2019immobilisme.<br>&nbsp;<br>En novembre 2024, les autorisations de logements diminuent (-&nbsp;5,7&nbsp;% par rapport \u00e0 octobre 2024) et s\u2019\u00e9tablissent \u00e0 26&nbsp;900. Le nombre de logements autoris\u00e9s se situe 30&nbsp;% en dessous de son niveau moyen des 12&nbsp;mois pr\u00e9c\u00e9dant le premier confinement, en donn\u00e9es corrig\u00e9es des variations saisonni\u00e8res et des jours ouvrables (CVS-CJO).<br><br>De d\u00e9cembre 2023 \u00e0 novembre 2024, 330&nbsp;900 logements ont \u00e9t\u00e9 autoris\u00e9s \u00e0 la construction, soit 44&nbsp;900 de moins que lors des douze mois pr\u00e9c\u00e9dents (-&nbsp;11,9&nbsp;%) et 28&nbsp;% de moins qu\u2019au cours des 12&nbsp;mois pr\u00e9c\u00e9dant la crise sanitaire (mars 2019 \u00e0 f\u00e9vrier 2020).<\/p>\n\n\n\n<!--more-->\n\n\n\n<p>En novembre 2024, 20&nbsp;900 logements auraient \u00e9t\u00e9 mis en chantier, soit 300 de plus qu\u2019en octobre 2024 (+&nbsp;0,6&nbsp;%). Le nombre de logements commenc\u00e9s en novembre 2024 serait inf\u00e9rieur de 35&nbsp;% \u00e0 sa moyenne des 12&nbsp;mois pr\u00e9c\u00e9dant la crise sanitaire.<br><br>Au cours des douze derniers mois, 258&nbsp;500 logements auraient \u00e9t\u00e9 mis en chantier, soit 49&nbsp;900 de moins (-&nbsp;16,2&nbsp;%) qu\u2019entre d\u00e9cembre 2022 et novembre 2023, et 33&nbsp;% de moins qu\u2019au cours des 12&nbsp;mois pr\u00e9c\u00e9dant la crise sanitaire (mars 2019 \u00e0 f\u00e9vrier 2020).<\/p>\n\n\n<div class=\"wp-block-image\">\n<figure class=\"aligncenter size-full\"><img loading=\"lazy\" decoding=\"async\" width=\"800\" height=\"514\" src=\"https:\/\/www.ades-grenoble.org\/wordpress\/wp-content\/uploads\/2025\/01\/logements12mois.jpg\" alt=\"\" class=\"wp-image-24078\" srcset=\"https:\/\/www.ades-grenoble.org\/wordpress\/wp-content\/uploads\/2025\/01\/logements12mois.jpg 800w, https:\/\/www.ades-grenoble.org\/wordpress\/wp-content\/uploads\/2025\/01\/logements12mois-300x193.jpg 300w, https:\/\/www.ades-grenoble.org\/wordpress\/wp-content\/uploads\/2025\/01\/logements12mois-150x96.jpg 150w, https:\/\/www.ades-grenoble.org\/wordpress\/wp-content\/uploads\/2025\/01\/logements12mois-768x493.jpg 768w, https:\/\/www.ades-grenoble.org\/wordpress\/wp-content\/uploads\/2025\/01\/logements12mois-600x386.jpg 600w\" sizes=\"auto, (max-width: 800px) 100vw, 800px\" \/><\/figure>\n<\/div>\n\n\n<p>Dans le secteur des logements collectifs ou en r\u00e9sidence, 212&nbsp;400 logements ont \u00e9t\u00e9 autoris\u00e9s entre d\u00e9cembre 2023 et novembre 2024, soit 22&nbsp;100 de moins (-&nbsp;9,4&nbsp;%) par rapport aux douze mois pr\u00e9c\u00e9dents, et 23&nbsp;% de moins qu\u2019entre mars 2019 et f\u00e9vrier 2020. Les autorisations de logements collectifs ordinaires diminuent (-&nbsp;12,2&nbsp;%) alors que les autorisations de logements en r\u00e9sidence sont en l\u00e9g\u00e8re hausse (+&nbsp;2,0&nbsp;%).<br><br>Les mises en chantier de logements collectifs ou en r\u00e9sidence baisseraient de 16&nbsp;700 unit\u00e9s (-&nbsp;9,3&nbsp;%) par rapport aux 12 mois pr\u00e9c\u00e9dents pour atteindre 162&nbsp;200 logements commenc\u00e9s. Les logements collectifs ordinaires (-&nbsp;13,0&nbsp;%) auraient plus diminu\u00e9 que les logements en r\u00e9sidence (-&nbsp;8,5&nbsp;%).<\/p>\n\n\n\n<p>Les autorisations de logements individuels ont diminu\u00e9 de 22&nbsp;900 logements entre d\u00e9cembre 2023 et novembre 2024 par rapport aux douze mois pr\u00e9c\u00e9dents (-&nbsp;16,2&nbsp;%) pour atteindre 118&nbsp;500 unit\u00e9s. Elles sont 36&nbsp;% en dessous de la valeur d\u2019avant-crise. Les logements individuels purs (-&nbsp;22,0&nbsp;%) ont recul\u00e9 de mani\u00e8re plus importante que les logements individuels group\u00e9s (-&nbsp;3,7&nbsp;%).<br><br>Pendant cette p\u00e9riode, les ouvertures de chantier de logements individuels diminueraient de 33&nbsp;200 unit\u00e9s (-&nbsp;25,6&nbsp;%) et se situeraient \u00e0 96&nbsp;300 logements commenc\u00e9s. Les logements individuels purs diminueraient de fa\u00e7on plus importante (-&nbsp;33,3&nbsp;%) que les logements individuels group\u00e9s (-&nbsp;2,7&nbsp;%).<\/p>\n\n\n\n<p><\/p>\n","protected":false},"excerpt":{"rendered":"<p>Le nombre de constructions de logements stagne \u00e0 un niveau tr\u00e8s bas (moins de 260&nbsp;000 sur 12 mois). C\u2019est gr\u00e2ce aux logements collectifs qu\u2019il y a stagnation contrairement \u00e0 la construction des logements individuels dont la diminution continue depuis juillet 2022\u2026 Est-ce que la diminution des taux d\u2019int\u00e9r\u00eats va permettre de redresser un peu la [&hellip;]<\/p>\n","protected":false},"author":1,"featured_media":0,"comment_status":"closed","ping_status":"open","sticky":false,"template":"","format":"standard","meta":{"twitterCardType":"","cardImageID":0,"cardImage":"","cardTitle":"","cardDesc":"","cardImageAlt":"","cardPlayer":"","cardPlayerWidth":0,"cardPlayerHeight":0,"cardPlayerStream":"","cardPlayerCodec":"","footnotes":""},"categories":[62,11],"tags":[298,66,33],"class_list":["post-24075","post","type-post","status-publish","format-standard","hentry","category-le-rouge-le-vert-hebdo","category-politique-locale","tag-france","tag-logement","tag-social"],"_links":{"self":[{"href":"https:\/\/www.ades-grenoble.org\/wordpress\/wp-json\/wp\/v2\/posts\/24075","targetHints":{"allow":["GET"]}}],"collection":[{"href":"https:\/\/www.ades-grenoble.org\/wordpress\/wp-json\/wp\/v2\/posts"}],"about":[{"href":"https:\/\/www.ades-grenoble.org\/wordpress\/wp-json\/wp\/v2\/types\/post"}],"author":[{"embeddable":true,"href":"https:\/\/www.ades-grenoble.org\/wordpress\/wp-json\/wp\/v2\/users\/1"}],"replies":[{"embeddable":true,"href":"https:\/\/www.ades-grenoble.org\/wordpress\/wp-json\/wp\/v2\/comments?post=24075"}],"version-history":[{"count":2,"href":"https:\/\/www.ades-grenoble.org\/wordpress\/wp-json\/wp\/v2\/posts\/24075\/revisions"}],"predecessor-version":[{"id":24079,"href":"https:\/\/www.ades-grenoble.org\/wordpress\/wp-json\/wp\/v2\/posts\/24075\/revisions\/24079"}],"wp:attachment":[{"href":"https:\/\/www.ades-grenoble.org\/wordpress\/wp-json\/wp\/v2\/media?parent=24075"}],"wp:term":[{"taxonomy":"category","embeddable":true,"href":"https:\/\/www.ades-grenoble.org\/wordpress\/wp-json\/wp\/v2\/categories?post=24075"},{"taxonomy":"post_tag","embeddable":true,"href":"https:\/\/www.ades-grenoble.org\/wordpress\/wp-json\/wp\/v2\/tags?post=24075"}],"curies":[{"name":"wp","href":"https:\/\/api.w.org\/{rel}","templated":true}]}}