{"id":2408,"date":"2010-10-14T20:27:28","date_gmt":"2010-10-14T18:27:28","guid":{"rendered":"http:\/\/www.ades-grenoble.org\/wordpress\/?p=2408"},"modified":"2011-05-17T19:33:03","modified_gmt":"2011-05-17T17:33:03","slug":"la-situation-financiere-les-emprunts-toxiques-et-les-nouveaux-impots-de-la-metro-enfin-expliques","status":"publish","type":"post","link":"https:\/\/www.ades-grenoble.org\/wordpress\/2010\/10\/14\/la-situation-financiere-les-emprunts-toxiques-et-les-nouveaux-impots-de-la-metro-enfin-expliques\/","title":{"rendered":"La situation financi\u00e8re, les emprunts toxiques et les nouveaux imp\u00f4ts de La M\u00e9tro enfin expliqu\u00e9s"},"content":{"rendered":"<p>Interrog\u00e9 par le journaliste Jean-Jacques Bourdin  jeudi 7 octobre 2010 matin sur BFM, M. Migaud, pr\u00e9sident de la Cour des comptes par la volont\u00e9 de M. Sarkozy est appel\u00e9 \u00e0 r\u00e9pondre \u00e0 la question suivante\u00a0: \u00ab\u00a0Combien fait 9 x 7\u00a0?\u00a0\u00bb<\/p>\n<p>M. Migaud \u00e9clate de rire et r\u00e9pond\u00a0: \u00ab\u00a0<em>Vous avez&#8230; je vous r\u00e9pondrai juste apr\u00e8s,\u00a0 9 x 7 = 76, mais&#8230; C&rsquo;est important de bien savoir compter.\u00a0\u00bb.<\/em> Le pr\u00e9sentateur lui demande s&rsquo;il est s\u00fbr de sa r\u00e9ponse: \u00ab\u00a0<em>Je vous l&rsquo;ai dit : 76. A mon sens&#8230;\u00a0\u00bb<\/em>.<\/p>\n<p>La vid\u00e9o est ici :<br \/>\n<object classid=\"clsid:d27cdb6e-ae6d-11cf-96b8-444553540000\" width=\"480\" height=\"270\" codebase=\"http:\/\/download.macromedia.com\/pub\/shockwave\/cabs\/flash\/swflash.cab#version=6,0,40,0\"><param name=\"allowFullScreen\" value=\"true\" \/><param name=\"allowScriptAccess\" value=\"always\" \/><param name=\"src\" value=\"http:\/\/www.dailymotion.com\/swf\/video\/xf3pv3?additionalInfos=0\" \/><param name=\"allowfullscreen\" value=\"true\" \/><embed type=\"application\/x-shockwave-flash\" width=\"480\" height=\"270\" src=\"http:\/\/www.dailymotion.com\/swf\/video\/xf3pv3?additionalInfos=0\" allowscriptaccess=\"always\" allowfullscreen=\"true\"><\/embed><\/object><br \/>\n<strong><a href=\"http:\/\/www.dailymotion.com\/video\/xf3pv3_le-president-de-la-cour-des-comptes_news\" target=\"_blank\">Le pr\u00e9sident de la Cour des comptes sait-il compter ?<\/a><\/strong><br \/>\n<em><a href=\"http:\/\/www.dailymotion.com\/fr\/channel\/news\"><\/a><\/em><\/p>\n<p>Nous avons donc enfin une explication aux diff\u00e9rentes manipulations financi\u00e8res de M. Migaud \u00e0 la communaut\u00e9 d\u2019agglom\u00e9ration La M\u00e9tro\u00a0:<\/p>\n<p>Le pr\u00e9sident Migaud s\u2019engage officiellement devant tout le conseil de M\u00e9tro que le grand stade d\u2019agglo ne co\u00fbtera pas plus de 30 M\u20ac millions d\u2019euros, puis un an plus tard qu\u2019il ne co\u00fbtera pas plus de 50 M\u20ac, puis un an plus tard qu\u2019il ne co\u00fbtera pas plus de 65 M\u20ac, puis un an plus tard le co\u00fbt final est de 78 M\u20ac, ah\u00a0! nous oublions : il s\u2019agit de prix hors taxes\u2026<\/p>\n<p><!--more-->Le pr\u00e9sident qui n\u2019arrive pas \u00e0 \u00e9quilibrer le budget 2006 de La M\u00e9tro qu\u2019il pr\u00e9sente avec Mme Fioraso, l\u2019\u00e9quilibre avec un pr\u00e9l\u00e8vement de 3 M\u20ac pris sur le budget annexe assainissement.<\/p>\n<p>Le pr\u00e9sident n\u2019arrive pas \u00e0 \u00e9quilibrer le budget 2007\u00a0: il prend des emprunts toxiques pour ren\u00e9gocier la dette et reporter les \u00e9ch\u00e9ances apr\u00e8s les \u00e9lections.<\/p>\n<p>Le pr\u00e9sident qui pr\u00e9sente le transfert de la comp\u00e9tence d\u00e9chets comme une source d\u2019\u00e9conomie, instaure un an plus tard la taxe d\u2019enl\u00e8vement des ordures m\u00e9nag\u00e8res qui n\u2019arr\u00eate pas d\u2019augmenter.<\/p>\n<p>Le pr\u00e9sident qui n\u2019arrive pas \u00e0 \u00e9quilibrer le budget 2009 de la M\u00e9tro, instaure un nouvel imp\u00f4t M\u00e9tro pour l\u2019\u00e9quilibrer.<\/p>\n<p>Bref, comme nous le disions \u00e0 l\u2019\u00e9cole primaire\u00a0: 0 + 0 = la t\u00eate \u00e0 Migaud.<\/p>\n","protected":false},"excerpt":{"rendered":"<p>Interrog\u00e9 par le journaliste Jean-Jacques Bourdin jeudi 7 octobre 2010 matin sur BFM, M. Migaud, pr\u00e9sident de la Cour des comptes par la volont\u00e9 de M. Sarkozy est appel\u00e9 \u00e0 r\u00e9pondre \u00e0 la question suivante\u00a0: \u00ab\u00a0Combien fait 9 x 7\u00a0?\u00a0\u00bb M. Migaud \u00e9clate de rire et r\u00e9pond\u00a0: \u00ab\u00a0Vous avez&#8230; je vous r\u00e9pondrai juste apr\u00e8s,\u00a0 9 [&hellip;]<\/p>\n","protected":false},"author":1,"featured_media":0,"comment_status":"closed","ping_status":"open","sticky":false,"template":"","format":"standard","meta":{"twitterCardType":"","cardImageID":0,"cardImage":"","cardTitle":"","cardDesc":"","cardImageAlt":"","cardPlayer":"","cardPlayerWidth":0,"cardPlayerHeight":0,"cardPlayerStream":"","cardPlayerCodec":"","footnotes":""},"categories":[62],"tags":[48,19,32,233,26],"class_list":["post-2408","post","type-post","status-publish","format-standard","hentry","category-le-rouge-le-vert-hebdo","tag-fiscalite-mixte","tag-impots","tag-metro","tag-stade","tag-teom"],"_links":{"self":[{"href":"https:\/\/www.ades-grenoble.org\/wordpress\/wp-json\/wp\/v2\/posts\/2408","targetHints":{"allow":["GET"]}}],"collection":[{"href":"https:\/\/www.ades-grenoble.org\/wordpress\/wp-json\/wp\/v2\/posts"}],"about":[{"href":"https:\/\/www.ades-grenoble.org\/wordpress\/wp-json\/wp\/v2\/types\/post"}],"author":[{"embeddable":true,"href":"https:\/\/www.ades-grenoble.org\/wordpress\/wp-json\/wp\/v2\/users\/1"}],"replies":[{"embeddable":true,"href":"https:\/\/www.ades-grenoble.org\/wordpress\/wp-json\/wp\/v2\/comments?post=2408"}],"version-history":[{"count":8,"href":"https:\/\/www.ades-grenoble.org\/wordpress\/wp-json\/wp\/v2\/posts\/2408\/revisions"}],"predecessor-version":[{"id":3960,"href":"https:\/\/www.ades-grenoble.org\/wordpress\/wp-json\/wp\/v2\/posts\/2408\/revisions\/3960"}],"wp:attachment":[{"href":"https:\/\/www.ades-grenoble.org\/wordpress\/wp-json\/wp\/v2\/media?parent=2408"}],"wp:term":[{"taxonomy":"category","embeddable":true,"href":"https:\/\/www.ades-grenoble.org\/wordpress\/wp-json\/wp\/v2\/categories?post=2408"},{"taxonomy":"post_tag","embeddable":true,"href":"https:\/\/www.ades-grenoble.org\/wordpress\/wp-json\/wp\/v2\/tags?post=2408"}],"curies":[{"name":"wp","href":"https:\/\/api.w.org\/{rel}","templated":true}]}}