{"id":24080,"date":"2025-01-10T12:38:35","date_gmt":"2025-01-10T11:38:35","guid":{"rendered":"https:\/\/www.ades-grenoble.org\/wordpress\/?p=24080"},"modified":"2025-01-10T13:12:16","modified_gmt":"2025-01-10T12:12:16","slug":"la-haute-autorite-alerte-les-membres-du-gouvernement-sur-la-prevention-des-conflits-dinterets","status":"publish","type":"post","link":"https:\/\/www.ades-grenoble.org\/wordpress\/2025\/01\/10\/la-haute-autorite-alerte-les-membres-du-gouvernement-sur-la-prevention-des-conflits-dinterets\/","title":{"rendered":"La Haute Autorit\u00e9 alerte les membres du Gouvernement sur la pr\u00e9vention des conflits d\u2019int\u00e9r\u00eats"},"content":{"rendered":"<div class=\"wp-block-image\">\n<figure class=\"alignleft size-full\"><img loading=\"lazy\" decoding=\"async\" width=\"294\" height=\"248\" src=\"https:\/\/www.ades-grenoble.org\/wordpress\/wp-content\/uploads\/2017\/04\/HATVP2.jpg\" alt=\"\" class=\"wp-image-12868\" srcset=\"https:\/\/www.ades-grenoble.org\/wordpress\/wp-content\/uploads\/2017\/04\/HATVP2.jpg 294w, https:\/\/www.ades-grenoble.org\/wordpress\/wp-content\/uploads\/2017\/04\/HATVP2-150x127.jpg 150w\" sizes=\"auto, (max-width: 294px) 100vw, 294px\" \/><\/figure>\n<\/div>\n\n\n<p>Le gouvernement Bayrou a \u00e9t\u00e9 nomm\u00e9 le 23 d\u00e9cembre 2024. Un communiqu\u00e9 de la HATVP, publi\u00e9 le 30 d\u00e9cembre 2024, rappelle aux membres du gouvernement Bayrou qu\u2019ils \u00e9taient invit\u00e9s \u00e0 d\u00e9poser leur d\u00e9claration d\u2019int\u00e9r\u00eats aupr\u00e8s de la Haute autorit\u00e9 avant le 31 d\u00e9cembre 2024.<\/p>\n\n\n\n<p><strong><em>\u00ab&nbsp;Les membres du Gouvernement doivent, dans un d\u00e9lai maximal de deux mois suivant leur nomination, adresser \u00e0 la Haute Autorit\u00e9 pour la transparence de la vie publique une d\u00e9claration de situation patrimoniale et une d\u00e9claration d\u2019int\u00e9r\u00eats. La Haute autorit\u00e9 les invite \u00e0 porter une attention toute particuli\u00e8re \u00e0 la pr\u00e9vention des conflits d\u2019int\u00e9r\u00eats en d\u00e9posant leur d\u00e9claration d\u2019int\u00e9r\u00eats dans les huit jours suivant leur nomination.<\/em><\/strong><em><\/em><\/p>\n\n\n\n<!--more-->\n\n\n\n<p><em>En vertu de la loi du 11 octobre 2013 relative \u00e0 la transparence de la vie publique, les membres du Gouvernement doivent veiller \u00e0 pr\u00e9venir ou faire cesser imm\u00e9diatement tout conflit d\u2019int\u00e9r\u00eats dans l\u2019exercice de leurs fonctions. La Haute Autorit\u00e9 les a donc invit\u00e9s \u00e0 identifier rapidement les risques de conflit d\u2019int\u00e9r\u00eats auxquels l\u2019exercice de leurs attributions pourrait les exposer du fait de leurs pr\u00e9c\u00e9dentes fonctions ou activit\u00e9s, de participations financi\u00e8res dans le capital de soci\u00e9t\u00e9s ou de tous autres int\u00e9r\u00eats mat\u00e9riels, moraux, pr\u00e9sents ou pass\u00e9s, de nature \u00e0 influencer ou para\u00eetre influencer l\u2019exercice ind\u00e9pendant, impartial et objectif de leurs fonctions. Elle leur a rappel\u00e9 qu\u2019ils devaient, le cas \u00e9ch\u00e9ant, prendre sans tarder les mesures n\u00e9cessaires de d\u00e9port ou de renonciation aux int\u00e9r\u00eats en cause et en pr\u00e9venir le Premier ministre.<\/em><\/p>\n\n\n\n<p><em>Les membres du Gouvernement ont \u00e9galement deux mois suivant leur nomination pour d\u00e9poser une d\u00e9claration de situation patrimoniale et une d\u00e9claration d\u2019int\u00e9r\u00eats. La d\u00e9claration de situation patrimoniale donne une photographie du patrimoine personnel du membre du Gouvernement, ou, suivant son r\u00e9gime matrimonial, de son patrimoine commun. Son contr\u00f4le en d\u00e9but et en fin de mandat permet de s\u2019assurer de l\u2019absence d\u2019enrichissement indu. La d\u00e9claration d\u2019int\u00e9r\u00eats d\u00e9taille les int\u00e9r\u00eats d\u00e9tenus par le membre du Gouvernement. Son examen permet de pr\u00e9venir des situations de conflit d\u2019int\u00e9r\u00eats. Afin d\u2019assurer un contr\u00f4le rapide de leur situation et de les pr\u00e9munir de tout risque \u00e9ventuel de conflits d\u2019int\u00e9r\u00eats, la Haute Autorit\u00e9 a recommand\u00e9 aux membres du Gouvernement de d\u00e9poser leur d\u00e9claration d\u2019int\u00e9r\u00eats dans les huit jours suivant leur nomination<\/em><\/p>\n\n\n\n<p><em>.<\/em><\/p>\n\n\n\n<p><em>\u00c0 r\u00e9ception des d\u00e9clarations, la Haute Autorit\u00e9 s\u2019assurera de leur caract\u00e8re exhaustif, exact et sinc\u00e8re. Parall\u00e8lement \u00e0 ce contr\u00f4le, une v\u00e9rification de la situation fiscale des nouveaux membres du Gouvernement sera men\u00e9e par les services fiscaux, sous le contr\u00f4le de la Haute Autorit\u00e9.<\/em><\/p>\n\n\n\n<p><em>\u00c0 l\u2019issue de leur examen approfondi, les d\u00e9clarations d\u2019int\u00e9r\u00eats et de situation patrimoniale des membres du Gouvernement seront publi\u00e9es sur le site internet de la Haute Autorit\u00e9 jusqu\u2019\u00e0 la fin de leurs fonctions.&nbsp;\u00bb<\/em><\/p>\n","protected":false},"excerpt":{"rendered":"<p>Le gouvernement Bayrou a \u00e9t\u00e9 nomm\u00e9 le 23 d\u00e9cembre 2024. Un communiqu\u00e9 de la HATVP, publi\u00e9 le 30 d\u00e9cembre 2024, rappelle aux membres du gouvernement Bayrou qu\u2019ils \u00e9taient invit\u00e9s \u00e0 d\u00e9poser leur d\u00e9claration d\u2019int\u00e9r\u00eats aupr\u00e8s de la Haute autorit\u00e9 avant le 31 d\u00e9cembre 2024. \u00ab&nbsp;Les membres du Gouvernement doivent, dans un d\u00e9lai maximal de deux [&hellip;]<\/p>\n","protected":false},"author":1,"featured_media":0,"comment_status":"closed","ping_status":"open","sticky":false,"template":"","format":"standard","meta":{"twitterCardType":"","cardImageID":0,"cardImage":"","cardTitle":"","cardDesc":"","cardImageAlt":"","cardPlayer":"","cardPlayerWidth":0,"cardPlayerHeight":0,"cardPlayerStream":"","cardPlayerCodec":"","footnotes":""},"categories":[62,11],"tags":[413,256],"class_list":["post-24080","post","type-post","status-publish","format-standard","hentry","category-le-rouge-le-vert-hebdo","category-politique-locale","tag-gouvernement","tag-prevention"],"_links":{"self":[{"href":"https:\/\/www.ades-grenoble.org\/wordpress\/wp-json\/wp\/v2\/posts\/24080","targetHints":{"allow":["GET"]}}],"collection":[{"href":"https:\/\/www.ades-grenoble.org\/wordpress\/wp-json\/wp\/v2\/posts"}],"about":[{"href":"https:\/\/www.ades-grenoble.org\/wordpress\/wp-json\/wp\/v2\/types\/post"}],"author":[{"embeddable":true,"href":"https:\/\/www.ades-grenoble.org\/wordpress\/wp-json\/wp\/v2\/users\/1"}],"replies":[{"embeddable":true,"href":"https:\/\/www.ades-grenoble.org\/wordpress\/wp-json\/wp\/v2\/comments?post=24080"}],"version-history":[{"count":1,"href":"https:\/\/www.ades-grenoble.org\/wordpress\/wp-json\/wp\/v2\/posts\/24080\/revisions"}],"predecessor-version":[{"id":24081,"href":"https:\/\/www.ades-grenoble.org\/wordpress\/wp-json\/wp\/v2\/posts\/24080\/revisions\/24081"}],"wp:attachment":[{"href":"https:\/\/www.ades-grenoble.org\/wordpress\/wp-json\/wp\/v2\/media?parent=24080"}],"wp:term":[{"taxonomy":"category","embeddable":true,"href":"https:\/\/www.ades-grenoble.org\/wordpress\/wp-json\/wp\/v2\/categories?post=24080"},{"taxonomy":"post_tag","embeddable":true,"href":"https:\/\/www.ades-grenoble.org\/wordpress\/wp-json\/wp\/v2\/tags?post=24080"}],"curies":[{"name":"wp","href":"https:\/\/api.w.org\/{rel}","templated":true}]}}