{"id":24130,"date":"2025-01-17T12:03:10","date_gmt":"2025-01-17T11:03:10","guid":{"rendered":"https:\/\/www.ades-grenoble.org\/wordpress\/?p=24130"},"modified":"2025-01-17T12:03:10","modified_gmt":"2025-01-17T11:03:10","slug":"la-gestion-de-leau-potable-et-de-lassainissement-a-la-metropole","status":"publish","type":"post","link":"https:\/\/www.ades-grenoble.org\/wordpress\/2025\/01\/17\/la-gestion-de-leau-potable-et-de-lassainissement-a-la-metropole\/","title":{"rendered":"La gestion de l\u2019eau potable et de l\u2019assainissement \u00e0 la M\u00e9tropole"},"content":{"rendered":"<div class=\"wp-block-image\">\n<figure class=\"alignleft size-full\"><img loading=\"lazy\" decoding=\"async\" width=\"300\" height=\"200\" src=\"https:\/\/www.ades-grenoble.org\/wordpress\/wp-content\/uploads\/2014\/11\/Source1Rochefort.jpg\" alt=\"\" class=\"wp-image-9287\" srcset=\"https:\/\/www.ades-grenoble.org\/wordpress\/wp-content\/uploads\/2014\/11\/Source1Rochefort.jpg 300w, https:\/\/www.ades-grenoble.org\/wordpress\/wp-content\/uploads\/2014\/11\/Source1Rochefort-150x100.jpg 150w\" sizes=\"auto, (max-width: 300px) 100vw, 300px\" \/><\/figure>\n<\/div>\n\n\n<p>Suite \u00e0 <a href=\"https:\/\/www.ades-grenoble.org\/wordpress\/2025\/01\/10\/la-demission-dune-fonction-de-vice-presidente-a-la-metro\/\" data-type=\"link\" data-id=\"https:\/\/www.ades-grenoble.org\/wordpress\/2025\/01\/10\/la-demission-dune-fonction-de-vice-presidente-a-la-metro\/\">la d\u00e9mission d\u2019Anne-Sophie Olmos de sa fonction de vice-pr\u00e9sidente charg\u00e9e du cycle de l\u2019eau<\/a>, son remplacement devrait \u00eatre propos\u00e9 au prochain conseil de m\u00e9tropole. Cette d\u00e9l\u00e9gation fait partie de la r\u00e9partition entre les diff\u00e9rents groupes de la majorit\u00e9, c\u2019est au groupe UMA (gauche et \u00e9cologiste) que cette fonction avait \u00e9t\u00e9 propos\u00e9e en 2020. Le groupe UMA propose la candidature de Laura Siefert, conseill\u00e8re m\u00e9tropolitaine, conseill\u00e8re municipale de Seyssinet-Pariset pour \u00eatre vice-pr\u00e9sidente et pr\u00e9sidente du conseil, d\u2019exploitation de la r\u00e9gie eau et assainissement m\u00e9tropolitaine.<\/p>\n\n\n\n<p>Ci-dessous un communiqu\u00e9 du groupe UMA du 15 janvier 2025&nbsp;:<\/p>\n\n\n\n<p><em>\u00ab&nbsp;La distribution de l\u2019eau potable est un service public essentiel, vital, ainsi que la collecte et l\u2019assainissement des eaux us\u00e9es. Mais en France, particuli\u00e8rement \u00e0 partir des ann\u00e9es 80, ces services publics ont \u00e9t\u00e9 d\u00e9l\u00e9gu\u00e9s \u00e0 des soci\u00e9t\u00e9s priv\u00e9es pour plus de 57% de la population, notamment dans les villes. Ces entreprises priv\u00e9es de l\u2019oligopole de l\u2019eau ont d\u00e9march\u00e9 les collectivit\u00e9s locales, pour, y compris dans des conditions douteuses comme \u00e0 Grenoble, s\u2019emparer de ce service public de l\u2019eau comme un march\u00e9 en situation de monopole, de rente sans risque, pour de nombreuses ann\u00e9es. Cet accaparement par les actionnaires priv\u00e9s c\u2019est fait sous forme de \u00ab d\u00e9l\u00e9gation de service public \u00bb dite \u00ab \u00e0 la fran\u00e7aise \u00bb, d\u00e9nomm\u00e9e d\u00e9sormais \u00ab concession de service public \u00bb, et leur a permis de r\u00e9aliser des profits consid\u00e9rables sur les consommations des usagers et des collectivit\u00e9s publiques.<\/em><\/p>\n\n\n\n<!--more-->\n\n\n\n<p><em>Reprendre le contr\u00f4le public de notre service public de l\u2019eau potable n\u2019est pas un acquis, c\u2019est une action politique majeure. Une telle action r\u00e9sulte de d\u00e9cisions et de luttes politiques des actrices et acteurs de la collectivit\u00e9, soucieux du service public et des int\u00e9r\u00eats des usagers, avec des collectifs d\u2019usagers. Sur notre territoire grenoblois : la gestion publique est le fruit d\u2019une longue bataille politique et juridique, pour nos droits. L\u2019eau potable de Grenoble est la premi\u00e8re \u00e0 avoir \u00e9t\u00e9 re-municipalis\u00e9e en 2000 apr\u00e8s onze ans de d\u00e9l\u00e9gation au priv\u00e9. Ce sont les batailles politiques et judiciaires men\u00e9es pendant 10 ans par des \u00e9lu\u00b7es \u00e9cologistes, des associations d\u2019usagers, et des lanceurs d\u2019alertes locaux qui ont permis de reprendre le contr\u00f4le de ce bien commun.<\/em><\/p>\n\n\n\n<p><em>La comp\u00e9tence \u00ab Cycle de l\u2019eau \u00bb est un pilier des comp\u00e9tences et des actions sociales et \u00e9cologiques de Grenoble Alpes M\u00e9tropole, une politique publique qu\u2019a men\u00e9e avec rigueur Anne Sophie Olmos depuis 2020. Les membres des instances m\u00e9tropolitaines, dont les instances participatives (conseil d\u2019exploitation, comit\u00e9 des usagers, commission consultative des services publics locaux) et les services de La M\u00e9tro, ont \u00e0 c\u0153ur de prendre en charge ce service en gestion directe par la r\u00e9gie des eaux et de l\u2019assainissement, ainsi que par les services de la m\u00e9tropole charg\u00e9s des points d&rsquo;eau de la d\u00e9fense ext\u00e9rieure contre l\u2019incendie (DECI), de la gestion territoriale de l\u2019eau dont la gestion des milieux aquatiques et la pr\u00e9vention des inondations (GEMAPI).<\/em><\/p>\n\n\n\n<p><em>Les repr\u00e9sentants \u00e9lu\u00b7es et les services de la collectivit\u00e9 rendent compte r\u00e9guli\u00e8rement de la qualit\u00e9 et du prix de ces services publics, r\u00e9alisent une programmation pluriannuelle actualis\u00e9e, comprenant la pr\u00e9servation des ressources, la programmation et l\u2019anticipation \u00e9cologique, sociale et financi\u00e8re, de ce que nous consid\u00e9rons comme un bien commun, un patrimoine, un service public essentiel, vital, pour les usager\u00b7es et notre collectivit\u00e9. Nous h\u00e9ritons donc d\u2019un patrimoine qui a plus d\u2019un si\u00e8cle. Nous nous devons d\u2019en assurer la responsabilit\u00e9 avec s\u00e9rieux, et de le transmettre pour les g\u00e9n\u00e9rations futures.<\/em><\/p>\n\n\n\n<p><em>L\u2019eau est indispensable pour l\u2019hygi\u00e8ne, la vie, les activit\u00e9s. C\u2019est donc une politique sociale. Nous sommes une des rares collectivit\u00e9s \u00e0 avoir mis en actes une allocation sociale eau efficace. Notre action doit se poursuivre, nous devons continuer \u00e0 \u0153uvrer pour garantir \u00e0 tous un acc\u00e8s \u00e0 une eau potable de qualit\u00e9, agir pour pr\u00e9server notre ressource et pr\u00e9venir des tensions \u00e0 venir sur celle-ci, aussi bien pour les usagers des services publics de l\u2019eau de notre M\u00e9tropole que pour ceux des territoires voisins. C\u2019est \u00e0 ce titre que le groupe Une M\u00e9tropole d\u2019Avance a propos\u00e9 que la candidature de Laura Siefert, conseill\u00e8re m\u00e9tropolitaine, conseill\u00e8re municipale de Seyssinet-Pariset, \u00e0 la vice-pr\u00e9sidence charg\u00e9e du cycle de l\u2019eau et \u00e0 la pr\u00e9sidence du conseil d\u2019exploitation des r\u00e9gies eau et assainissement de la M\u00e9tropole, soit soumise au Conseil M\u00e9tropolitain.&nbsp;\u00bb<\/em><em><\/em><\/p>\n","protected":false},"excerpt":{"rendered":"<p>Suite \u00e0 la d\u00e9mission d\u2019Anne-Sophie Olmos de sa fonction de vice-pr\u00e9sidente charg\u00e9e du cycle de l\u2019eau, son remplacement devrait \u00eatre propos\u00e9 au prochain conseil de m\u00e9tropole. Cette d\u00e9l\u00e9gation fait partie de la r\u00e9partition entre les diff\u00e9rents groupes de la majorit\u00e9, c\u2019est au groupe UMA (gauche et \u00e9cologiste) que cette fonction avait \u00e9t\u00e9 propos\u00e9e en 2020. [&hellip;]<\/p>\n","protected":false},"author":1,"featured_media":0,"comment_status":"closed","ping_status":"open","sticky":false,"template":"","format":"standard","meta":{"twitterCardType":"","cardImageID":0,"cardImage":"","cardTitle":"","cardDesc":"","cardImageAlt":"","cardPlayer":"","cardPlayerWidth":0,"cardPlayerHeight":0,"cardPlayerStream":"","cardPlayerCodec":"","footnotes":""},"categories":[62,11],"tags":[232,349,420,280],"class_list":["post-24130","post","type-post","status-publish","format-standard","hentry","category-le-rouge-le-vert-hebdo","category-politique-locale","tag-eau","tag-elues","tag-groupe-uma","tag-metropole"],"_links":{"self":[{"href":"https:\/\/www.ades-grenoble.org\/wordpress\/wp-json\/wp\/v2\/posts\/24130","targetHints":{"allow":["GET"]}}],"collection":[{"href":"https:\/\/www.ades-grenoble.org\/wordpress\/wp-json\/wp\/v2\/posts"}],"about":[{"href":"https:\/\/www.ades-grenoble.org\/wordpress\/wp-json\/wp\/v2\/types\/post"}],"author":[{"embeddable":true,"href":"https:\/\/www.ades-grenoble.org\/wordpress\/wp-json\/wp\/v2\/users\/1"}],"replies":[{"embeddable":true,"href":"https:\/\/www.ades-grenoble.org\/wordpress\/wp-json\/wp\/v2\/comments?post=24130"}],"version-history":[{"count":1,"href":"https:\/\/www.ades-grenoble.org\/wordpress\/wp-json\/wp\/v2\/posts\/24130\/revisions"}],"predecessor-version":[{"id":24131,"href":"https:\/\/www.ades-grenoble.org\/wordpress\/wp-json\/wp\/v2\/posts\/24130\/revisions\/24131"}],"wp:attachment":[{"href":"https:\/\/www.ades-grenoble.org\/wordpress\/wp-json\/wp\/v2\/media?parent=24130"}],"wp:term":[{"taxonomy":"category","embeddable":true,"href":"https:\/\/www.ades-grenoble.org\/wordpress\/wp-json\/wp\/v2\/categories?post=24130"},{"taxonomy":"post_tag","embeddable":true,"href":"https:\/\/www.ades-grenoble.org\/wordpress\/wp-json\/wp\/v2\/tags?post=24130"}],"curies":[{"name":"wp","href":"https:\/\/api.w.org\/{rel}","templated":true}]}}