{"id":24137,"date":"2025-01-17T12:03:34","date_gmt":"2025-01-17T11:03:34","guid":{"rendered":"https:\/\/www.ades-grenoble.org\/wordpress\/?p=24137"},"modified":"2025-01-17T12:03:34","modified_gmt":"2025-01-17T11:03:34","slug":"election-legislative-partielle-resultats-du-premier-tour","status":"publish","type":"post","link":"https:\/\/www.ades-grenoble.org\/wordpress\/2025\/01\/17\/election-legislative-partielle-resultats-du-premier-tour\/","title":{"rendered":"Election l\u00e9gislative partielle, r\u00e9sultats du premier tour"},"content":{"rendered":"<div class=\"wp-block-image\">\n<figure class=\"alignleft size-full\"><img loading=\"lazy\" decoding=\"async\" width=\"380\" height=\"240\" src=\"https:\/\/www.ades-grenoble.org\/wordpress\/wp-content\/uploads\/2024\/11\/LyesLouffok2.jpg\" alt=\"\" class=\"wp-image-23927\" srcset=\"https:\/\/www.ades-grenoble.org\/wordpress\/wp-content\/uploads\/2024\/11\/LyesLouffok2.jpg 380w, https:\/\/www.ades-grenoble.org\/wordpress\/wp-content\/uploads\/2024\/11\/LyesLouffok2-300x189.jpg 300w, https:\/\/www.ades-grenoble.org\/wordpress\/wp-content\/uploads\/2024\/11\/LyesLouffok2-150x95.jpg 150w\" sizes=\"auto, (max-width: 380px) 100vw, 380px\" \/><\/figure>\n<\/div>\n\n\n<p>La premi\u00e8re particularit\u00e9 de cette \u00e9lection est une participation tr\u00e8s faible par rapport \u00e0 l\u2019\u00e9lection du 30 juin 2024, passant de 74% \u00e0 seulement 35%. Moins d\u2019un \u00e9lecteur sur 2 qui avait vot\u00e9 fin juin 2024 s\u2019est d\u00e9plac\u00e9.<\/p>\n\n\n\n<p>Une analyse <a href=\"https:\/\/www.grenoble.fr\/article\/1234\/565-resultats-de-l-election-legislative-de-la-1ere-circonscription.htm\" data-type=\"link\" data-id=\"https:\/\/www.grenoble.fr\/article\/1234\/565-resultats-de-l-election-legislative-de-la-1ere-circonscription.htm\">bureaux par bureaux \u00e0 Grenoble<\/a> montre que l\u2019\u00e9volution de la participation n\u2019a pas \u00e9t\u00e9 homog\u00e8ne. Alors que la grande majorit\u00e9 des bureaux avaient eu une participation assez homog\u00e8ne comprise entre 70% et 80% le 30 juin 2024, le 12 janvier 2025 la participation \u00e9volue de 20% \u00e0 45%.<\/p>\n\n\n\n<p>Dans les bureaux o\u00f9 la droite est plus implant\u00e9e, la participation a moins diminu\u00e9, contrairement \u00e0 certains quartiers populaires o\u00f9 il y a une tr\u00e8s forte chute de participation. Ces deux ph\u00e9nom\u00e8nes expliquent en partie l\u2019augmentation du vote de droite et le recul du candidat du Nouveau Front Populaire.<\/p>\n\n\n\n<p>Il y a de fortes \u00e9volutions politiques dans les votes entre le 30 juin 2024 et le 12 janvier 2025. En premier lieu, fort recul du vote pour le NFP (presque 12 points). La dynamique observ\u00e9e lors de la cr\u00e9ation du NFP s\u2019\u00e9mousse, les difficult\u00e9s nationales mettent \u00e0 mal l\u2019unit\u00e9 d\u2019action. Ce ph\u00e9nom\u00e8ne n\u00e9gatif devrait pousser les \u00e9tats-majors nationaux \u00e0 accepter que le NFP s\u2019organise au niveau local pour renforcer l\u2019unit\u00e9 \u00e0 la base, ce qui mod\u00e8rerait les d\u00e9clarations parfois intempestives de certains leaders nationaux.<\/p>\n\n\n\n<!--more-->\n\n\n\n<p>Pour la candidature macroniste, net recul \u00e9galement (de 7 points). Il s\u2019explique notamment par la pr\u00e9sence de Gerbi (7,7%) qui essuie un \u00e9chec dans sa tentative d\u2019utiliser cette campagne comme lancement d\u2019une \u00e9ventuelle campagne municipale.<\/p>\n\n\n\n<p>Recul net pour l\u2019extr\u00eame droite qui perd 7 points.<\/p>\n\n\n\n<p>Par contre la droite augmente son score de presque 10 points, profitant du recul de l\u2019extr\u00eame droite.<\/p>\n\n\n\n<figure class=\"wp-block-table is-style-stripes\"><table class=\"has-fixed-layout\"><tbody><tr><td>Circonscription<\/td><td>30 juin 24<\/td><td>12 janv 25<\/td><td>Evolution<\/td><\/tr><tr><td>NFP<\/td><td>40,19%<\/td><td>28,33%<\/td><td>-11,9 points<\/td><\/tr><tr><td>Macroniste<\/td><td>&nbsp;33,62%<\/td><td>26,57%<\/td><td>-7,0 points<\/td><\/tr><tr><td>Droite<\/td><td>6,98%<\/td><td>16,77%<\/td><td>+ 9,8 points<\/td><\/tr><tr><td>ExtD<\/td><td>18,34%<\/td><td>11,09%<\/td><td>-7,2 points<\/td><\/tr><\/tbody><\/table><\/figure>\n\n\n\n<p>A Grenoble comme au Sappey, la pouss\u00e9e de la droite est moins appuy\u00e9e que dans les autres communes.<\/p>\n\n\n\n<figure class=\"wp-block-table is-style-stripes\"><table class=\"has-fixed-layout\"><tbody><tr><td>Grenoble<\/td><td>30 juin 24<\/td><td>12 janv 25<\/td><td>Evolutions<\/td><\/tr><tr><td>NFP<\/td><td>52,50%<\/td><td>41,00%<\/td><td>-11,5 points<\/td><\/tr><tr><td>Macroniste<\/td><td>25,70%<\/td><td>19,00%<\/td><td>-6,7 points<\/td><\/tr><tr><td>Droite<\/td><td>5,60%<\/td><td>12,70%<\/td><td>+7,1 points<\/td><\/tr><tr><td>Ext D<\/td><td>15,20%<\/td><td>8,20%<\/td><td>-7,0 points<\/td><\/tr><\/tbody><\/table><\/figure>\n\n\n\n<p>Pour le deuxi\u00e8me tour, nous esp\u00e9rons une forte mobilisation des \u00e9lecteurs et \u00e9lectrices \u00e0 gauche, ce qui permettrait une surprise remarquable, mais la candidate macroniste n\u2019a pas h\u00e9sit\u00e9 \u00e0 faire appel aux voix de droite sans refuser celles d\u2019extr\u00eame droite.<\/p>\n\n\n\n<p>Cette circonscription d\u00e9coup\u00e9e par Charles Pasqua \u00e9tait d\u00e9di\u00e9e \u00e0 la droite, il est probable qu\u2019elle y retourne sauf si les \u00e9lecteurs et \u00e9lectrices de gauche et \u00e9cologistes se mobilisent pour faire barrage au macronisme.<\/p>\n\n\n\n<p>On a plus besoin localement d\u2019un d\u00e9put\u00e9 comme Lyes Louffok que d\u2019une repr\u00e9sentante de Macron pr\u00eate \u00e0 toutes les alliances pour s\u2019assurer un poste.<\/p>\n","protected":false},"excerpt":{"rendered":"<p>La premi\u00e8re particularit\u00e9 de cette \u00e9lection est une participation tr\u00e8s faible par rapport \u00e0 l\u2019\u00e9lection du 30 juin 2024, passant de 74% \u00e0 seulement 35%. Moins d\u2019un \u00e9lecteur sur 2 qui avait vot\u00e9 fin juin 2024 s\u2019est d\u00e9plac\u00e9. Une analyse bureaux par bureaux \u00e0 Grenoble montre que l\u2019\u00e9volution de la participation n\u2019a pas \u00e9t\u00e9 homog\u00e8ne. [&hellip;]<\/p>\n","protected":false},"author":1,"featured_media":0,"comment_status":"closed","ping_status":"open","sticky":false,"template":"","format":"standard","meta":{"twitterCardType":"","cardImageID":0,"cardImage":"","cardTitle":"","cardDesc":"","cardImageAlt":"","cardPlayer":"","cardPlayerWidth":0,"cardPlayerHeight":0,"cardPlayerStream":"","cardPlayerCodec":"","footnotes":""},"categories":[62,11],"tags":[140,215,247],"class_list":["post-24137","post","type-post","status-publish","format-standard","hentry","category-le-rouge-le-vert-hebdo","category-politique-locale","tag-elections","tag-grenoble","tag-parlement"],"_links":{"self":[{"href":"https:\/\/www.ades-grenoble.org\/wordpress\/wp-json\/wp\/v2\/posts\/24137","targetHints":{"allow":["GET"]}}],"collection":[{"href":"https:\/\/www.ades-grenoble.org\/wordpress\/wp-json\/wp\/v2\/posts"}],"about":[{"href":"https:\/\/www.ades-grenoble.org\/wordpress\/wp-json\/wp\/v2\/types\/post"}],"author":[{"embeddable":true,"href":"https:\/\/www.ades-grenoble.org\/wordpress\/wp-json\/wp\/v2\/users\/1"}],"replies":[{"embeddable":true,"href":"https:\/\/www.ades-grenoble.org\/wordpress\/wp-json\/wp\/v2\/comments?post=24137"}],"version-history":[{"count":1,"href":"https:\/\/www.ades-grenoble.org\/wordpress\/wp-json\/wp\/v2\/posts\/24137\/revisions"}],"predecessor-version":[{"id":24138,"href":"https:\/\/www.ades-grenoble.org\/wordpress\/wp-json\/wp\/v2\/posts\/24137\/revisions\/24138"}],"wp:attachment":[{"href":"https:\/\/www.ades-grenoble.org\/wordpress\/wp-json\/wp\/v2\/media?parent=24137"}],"wp:term":[{"taxonomy":"category","embeddable":true,"href":"https:\/\/www.ades-grenoble.org\/wordpress\/wp-json\/wp\/v2\/categories?post=24137"},{"taxonomy":"post_tag","embeddable":true,"href":"https:\/\/www.ades-grenoble.org\/wordpress\/wp-json\/wp\/v2\/tags?post=24137"}],"curies":[{"name":"wp","href":"https:\/\/api.w.org\/{rel}","templated":true}]}}