{"id":24159,"date":"2025-01-24T11:43:38","date_gmt":"2025-01-24T10:43:38","guid":{"rendered":"https:\/\/www.ades-grenoble.org\/wordpress\/?p=24159"},"modified":"2025-01-24T11:43:38","modified_gmt":"2025-01-24T10:43:38","slug":"le-tres-bon-etat-de-leau-potable-dans-lagglomeration","status":"publish","type":"post","link":"https:\/\/www.ades-grenoble.org\/wordpress\/2025\/01\/24\/le-tres-bon-etat-de-leau-potable-dans-lagglomeration\/","title":{"rendered":"Le tr\u00e8s bon \u00e9tat de l\u2019eau potable dans l\u2019agglom\u00e9ration"},"content":{"rendered":"<div class=\"wp-block-image\">\n<figure class=\"alignleft size-full\"><img loading=\"lazy\" decoding=\"async\" width=\"380\" height=\"178\" src=\"https:\/\/www.ades-grenoble.org\/wordpress\/wp-content\/uploads\/2025\/01\/SuiviQualiteEau.jpg\" alt=\"\" class=\"wp-image-24160\" srcset=\"https:\/\/www.ades-grenoble.org\/wordpress\/wp-content\/uploads\/2025\/01\/SuiviQualiteEau.jpg 380w, https:\/\/www.ades-grenoble.org\/wordpress\/wp-content\/uploads\/2025\/01\/SuiviQualiteEau-300x141.jpg 300w, https:\/\/www.ades-grenoble.org\/wordpress\/wp-content\/uploads\/2025\/01\/SuiviQualiteEau-150x70.jpg 150w\" sizes=\"auto, (max-width: 380px) 100vw, 380px\" \/><\/figure>\n<\/div>\n\n\n<p>Lors du comit\u00e9 des usagers du service de l\u2019eau de la m\u00e9tropole du 22 janvier 2025, la question de la qualit\u00e9 de l\u2019eau potable a \u00e9t\u00e9 \u00e9voqu\u00e9e, suite aux informations tr\u00e8s inqui\u00e9tantes alertant sur la pollution massive des ressources en eau par les PFAS.<\/p>\n\n\n\n<p>A l\u2019occasion de cette r\u00e9union, les membres du comit\u00e9 des usagers et du conseil d\u2019exploitation de la r\u00e9gie eau et assainissement ont remerci\u00e9 Anne-Sophie Olmos (d\u00e9missionnaire) pour la qualit\u00e9 de sa pr\u00e9sidence et l\u2019intensit\u00e9 de son implication, pour maintenir la haute qualit\u00e9 de ce service public essentiel.<\/p>\n\n\n\n<p>Les membres ont interrog\u00e9 le service qui surveille quotidiennement la qualit\u00e9 de l\u2019eau potable d\u00e9livr\u00e9e dans les 49 communes de l\u2019agglom\u00e9ration. Ce service de la r\u00e9gie est compos\u00e9 de 6 personnes.<\/p>\n\n\n\n<p>Rappelons que 85 % de l\u2019eau distribu\u00e9e provient des champs captant de Rochefort (Drac) et de Jouchy-Pr\u00e9 Grivel (Romanche), qui est une eau non trait\u00e9e, cas unique en France, gr\u00e2ce \u00e0 la filtration tr\u00e8s efficace de l\u2019eau pomp\u00e9e dans les nappes phr\u00e9atiques. Les 15 % restant sont des ressources de coteaux qui ne b\u00e9n\u00e9ficient pas de cette tr\u00e8s bonne filtration naturelle et sont donc d\u00e9sinfect\u00e9es au chlore et\/ou aux UV, heureusement elles proviennent de bassin d\u2019alimentation souvent quasi-exempts d\u2019activit\u00e9 humaine polluante.<\/p>\n\n\n\n<p>La conclusion de tous ces contr\u00f4les est que la qualit\u00e9 de l\u2019eau potable distribu\u00e9e est tr\u00e8s bonne voire excellente pour l\u2019eau provenant des grands champs captant.<\/p>\n\n\n\n<!--more-->\n\n\n\n<p>Le service de contr\u00f4le concernant les champs de Rochefort et Jouchy-Pr\u00e9 Grivel donne les informations suivantes pour les pesticides et m\u00e9tabolites : entre 2020 et 2025 : moins de 4% de d\u00e9tection de traces de pesticides sur les 180 analyses r\u00e9alis\u00e9es et valeur plus de 7 fois inf\u00e9rieure \u00e0 la limite, ces traces n\u2019ont pas \u00e9t\u00e9 confirm\u00e9es par un nouveau contr\u00f4le.<\/p>\n\n\n\n<p>Pour les PFAS&nbsp;: des recherches par le contr\u00f4le sanitaire (287 mol\u00e9cules) et par un compl\u00e9ment d\u2019autosurveillance (56 param\u00e8tres suppl\u00e9mentaires). Des recherches de m\u00e9tabolites \u00e9mergents qui confirment l\u2019absence de contamination (m\u00e9tabolites du chlorothalonyl). On ne d\u00e9tecte quasiment pas de pesticides, donc \u00e0 fortiori pas de m\u00e9tabolites ou TFA. Des sources de PFAS existantes \u00e0 proximit\u00e9 des champs de captages&nbsp;: Stations d\u2019\u00e9puration, industries, Vicat, Vencorex, Arkema peuvent potentiellement en d\u00e9verser. Un suivi d\u2019autosurveillance r\u00e9gulier trimestriel est effectu\u00e9 sur les puits depuis 2023. Sur 45 analyses sur les puits : 5 d\u00e9tections de traces &lt; 5 ng\/l non-confirm\u00e9es ensuite.<\/p>\n\n\n\n<p>Pour les ressources de coteaux concernant les pesticides et m\u00e9tabolites&nbsp;: la situation est satisfaisante mais contrast\u00e9e. Entre 2020 et 2025 : 5% de d\u00e9tection de traces de pesticides sur les 308 analyses r\u00e9alis\u00e9es et valeur plus de 2 fois inf\u00e9rieure \u00e0 la limite, traces non-confirm\u00e9es par recontr\u00f4le en 2024.<\/p>\n\n\n\n<p>Devant l\u2019\u00e9mergence de nouvelles mol\u00e9cules probl\u00e9matiques et le n\u00e9cessaire besoin de suivi pour la pr\u00e9servation des ressources en eau, la R\u00e9gie de l\u2019Eau de Grenoble Alpes M\u00e9tropole est en cours d\u2019\u00e9tablissement d\u2019une strat\u00e9gie globale de suivi de la qualit\u00e9 des eaux brutes en vue de leur pr\u00e9servation. Elle poursuivra les \u00e9changes avec l\u2019Etat et Arkema pour \u00e9liminer le risque li\u00e9 aux rejets dans la Romanche (\u00e0 court terme report du rejet plus \u00e0 l\u2019aval et poursuite de la diminution des rejets). Pour s\u2019informer sur les pollutions par les PFAS, voir par exemple <a href=\"https:\/\/www.francetvinfo.fr\/monde\/environnement\/polluants-eternels\/polluants-eternels-quatre-choses-a-savoir-sur-le-tfa-retrouve-dans-l-eau-potable-de-nombreuses-communes-francaises_7032029.html#at_medium=5&amp;at_campaign_group=1&amp;at_campaign=7h30&amp;at_offre=3&amp;at_variant=V3-compte&amp;at_send_date=20250124&amp;at_recipient_id=726375-1458204963-0cb8252d&amp;at_adid=DM1058297\" data-type=\"link\" data-id=\"https:\/\/www.francetvinfo.fr\/monde\/environnement\/polluants-eternels\/polluants-eternels-quatre-choses-a-savoir-sur-le-tfa-retrouve-dans-l-eau-potable-de-nombreuses-communes-francaises_7032029.html#at_medium=5&amp;at_campaign_group=1&amp;at_campaign=7h30&amp;at_offre=3&amp;at_variant=V3-compte&amp;at_send_date=20250124&amp;at_recipient_id=726375-1458204963-0cb8252d&amp;at_adid=DM1058297\">ici<\/a>.<\/p>\n","protected":false},"excerpt":{"rendered":"<p>Lors du comit\u00e9 des usagers du service de l\u2019eau de la m\u00e9tropole du 22 janvier 2025, la question de la qualit\u00e9 de l\u2019eau potable a \u00e9t\u00e9 \u00e9voqu\u00e9e, suite aux informations tr\u00e8s inqui\u00e9tantes alertant sur la pollution massive des ressources en eau par les PFAS. A l\u2019occasion de cette r\u00e9union, les membres du comit\u00e9 des usagers [&hellip;]<\/p>\n","protected":false},"author":1,"featured_media":0,"comment_status":"closed","ping_status":"open","sticky":false,"template":"","format":"standard","meta":{"twitterCardType":"","cardImageID":0,"cardImage":"","cardTitle":"","cardDesc":"","cardImageAlt":"","cardPlayer":"","cardPlayerWidth":0,"cardPlayerHeight":0,"cardPlayerStream":"","cardPlayerCodec":"","footnotes":""},"categories":[62,11],"tags":[232,280,99],"class_list":["post-24159","post","type-post","status-publish","format-standard","hentry","category-le-rouge-le-vert-hebdo","category-politique-locale","tag-eau","tag-metropole","tag-sante"],"_links":{"self":[{"href":"https:\/\/www.ades-grenoble.org\/wordpress\/wp-json\/wp\/v2\/posts\/24159","targetHints":{"allow":["GET"]}}],"collection":[{"href":"https:\/\/www.ades-grenoble.org\/wordpress\/wp-json\/wp\/v2\/posts"}],"about":[{"href":"https:\/\/www.ades-grenoble.org\/wordpress\/wp-json\/wp\/v2\/types\/post"}],"author":[{"embeddable":true,"href":"https:\/\/www.ades-grenoble.org\/wordpress\/wp-json\/wp\/v2\/users\/1"}],"replies":[{"embeddable":true,"href":"https:\/\/www.ades-grenoble.org\/wordpress\/wp-json\/wp\/v2\/comments?post=24159"}],"version-history":[{"count":1,"href":"https:\/\/www.ades-grenoble.org\/wordpress\/wp-json\/wp\/v2\/posts\/24159\/revisions"}],"predecessor-version":[{"id":24161,"href":"https:\/\/www.ades-grenoble.org\/wordpress\/wp-json\/wp\/v2\/posts\/24159\/revisions\/24161"}],"wp:attachment":[{"href":"https:\/\/www.ades-grenoble.org\/wordpress\/wp-json\/wp\/v2\/media?parent=24159"}],"wp:term":[{"taxonomy":"category","embeddable":true,"href":"https:\/\/www.ades-grenoble.org\/wordpress\/wp-json\/wp\/v2\/categories?post=24159"},{"taxonomy":"post_tag","embeddable":true,"href":"https:\/\/www.ades-grenoble.org\/wordpress\/wp-json\/wp\/v2\/tags?post=24159"}],"curies":[{"name":"wp","href":"https:\/\/api.w.org\/{rel}","templated":true}]}}