{"id":24166,"date":"2025-01-24T11:43:56","date_gmt":"2025-01-24T10:43:56","guid":{"rendered":"https:\/\/www.ades-grenoble.org\/wordpress\/?p=24166"},"modified":"2025-01-24T11:43:56","modified_gmt":"2025-01-24T10:43:56","slug":"a-nos-lecteurs","status":"publish","type":"post","link":"https:\/\/www.ades-grenoble.org\/wordpress\/2025\/01\/24\/a-nos-lecteurs\/","title":{"rendered":"\u00c0 nos lecteurs\u00a0"},"content":{"rendered":"<div class=\"wp-block-image\">\n<figure class=\"alignleft size-full\"><img loading=\"lazy\" decoding=\"async\" width=\"600\" height=\"390\" src=\"https:\/\/www.ades-grenoble.org\/wordpress\/wp-content\/uploads\/2021\/05\/RougeVert116.jpg\" alt=\"\" class=\"wp-image-18884\" srcset=\"https:\/\/www.ades-grenoble.org\/wordpress\/wp-content\/uploads\/2021\/05\/RougeVert116.jpg 600w, https:\/\/www.ades-grenoble.org\/wordpress\/wp-content\/uploads\/2021\/05\/RougeVert116-300x195.jpg 300w, https:\/\/www.ades-grenoble.org\/wordpress\/wp-content\/uploads\/2021\/05\/RougeVert116-150x98.jpg 150w\" sizes=\"auto, (max-width: 600px) 100vw, 600px\" \/><\/figure>\n<\/div>\n\n\n<p>Depuis un certain temps, les envois \u00e9lectroniques de notre hebdomadaire sont perturb\u00e9s et la semaine derni\u00e8re un grand nombre d\u2019envois n\u2019ont pas \u00e9t\u00e9 distribu\u00e9s. En g\u00e9n\u00e9ral les envois sont faits en d\u00e9but d\u2019apr\u00e8s-midi du vendredi. Si vous ne recevez pas le courriel habituel vous pouvez aller sur le site <a href=\"https:\/\/www.ades-grenoble.org\">https:\/\/www.ades-grenoble.org<\/a> pour lire les articles de la semaine.<\/p>\n","protected":false},"excerpt":{"rendered":"<p>Depuis un certain temps, les envois \u00e9lectroniques de notre hebdomadaire sont perturb\u00e9s et la semaine derni\u00e8re un grand nombre d\u2019envois n\u2019ont pas \u00e9t\u00e9 distribu\u00e9s. En g\u00e9n\u00e9ral les envois sont faits en d\u00e9but d\u2019apr\u00e8s-midi du vendredi. Si vous ne recevez pas le courriel habituel vous pouvez aller sur le site https:\/\/www.ades-grenoble.org pour lire les articles de [&hellip;]<\/p>\n","protected":false},"author":1,"featured_media":0,"comment_status":"closed","ping_status":"open","sticky":false,"template":"","format":"standard","meta":{"twitterCardType":"","cardImageID":0,"cardImage":"","cardTitle":"","cardDesc":"","cardImageAlt":"","cardPlayer":"","cardPlayerWidth":0,"cardPlayerHeight":0,"cardPlayerStream":"","cardPlayerCodec":"","footnotes":""},"categories":[62,11],"tags":[7],"class_list":["post-24166","post","type-post","status-publish","format-standard","hentry","category-le-rouge-le-vert-hebdo","category-politique-locale","tag-le-rouge-le-vert"],"_links":{"self":[{"href":"https:\/\/www.ades-grenoble.org\/wordpress\/wp-json\/wp\/v2\/posts\/24166","targetHints":{"allow":["GET"]}}],"collection":[{"href":"https:\/\/www.ades-grenoble.org\/wordpress\/wp-json\/wp\/v2\/posts"}],"about":[{"href":"https:\/\/www.ades-grenoble.org\/wordpress\/wp-json\/wp\/v2\/types\/post"}],"author":[{"embeddable":true,"href":"https:\/\/www.ades-grenoble.org\/wordpress\/wp-json\/wp\/v2\/users\/1"}],"replies":[{"embeddable":true,"href":"https:\/\/www.ades-grenoble.org\/wordpress\/wp-json\/wp\/v2\/comments?post=24166"}],"version-history":[{"count":1,"href":"https:\/\/www.ades-grenoble.org\/wordpress\/wp-json\/wp\/v2\/posts\/24166\/revisions"}],"predecessor-version":[{"id":24167,"href":"https:\/\/www.ades-grenoble.org\/wordpress\/wp-json\/wp\/v2\/posts\/24166\/revisions\/24167"}],"wp:attachment":[{"href":"https:\/\/www.ades-grenoble.org\/wordpress\/wp-json\/wp\/v2\/media?parent=24166"}],"wp:term":[{"taxonomy":"category","embeddable":true,"href":"https:\/\/www.ades-grenoble.org\/wordpress\/wp-json\/wp\/v2\/categories?post=24166"},{"taxonomy":"post_tag","embeddable":true,"href":"https:\/\/www.ades-grenoble.org\/wordpress\/wp-json\/wp\/v2\/tags?post=24166"}],"curies":[{"name":"wp","href":"https:\/\/api.w.org\/{rel}","templated":true}]}}