{"id":24231,"date":"2025-02-07T11:38:58","date_gmt":"2025-02-07T10:38:58","guid":{"rendered":"https:\/\/www.ades-grenoble.org\/wordpress\/?p=24231"},"modified":"2025-02-07T11:38:58","modified_gmt":"2025-02-07T10:38:58","slug":"lindispensable-unite-de-la-gauche-et-des-ecologistes-aux-elections","status":"publish","type":"post","link":"https:\/\/www.ades-grenoble.org\/wordpress\/2025\/02\/07\/lindispensable-unite-de-la-gauche-et-des-ecologistes-aux-elections\/","title":{"rendered":"L\u2019indispensable unit\u00e9 de la gauche et des \u00e9cologistes aux \u00e9lections"},"content":{"rendered":"<div class=\"wp-block-image\">\n<figure class=\"alignleft size-full\"><img loading=\"lazy\" decoding=\"async\" width=\"300\" height=\"200\" src=\"https:\/\/www.ades-grenoble.org\/wordpress\/wp-content\/uploads\/2014\/05\/Urne.jpg\" alt=\"\" class=\"wp-image-8627\" srcset=\"https:\/\/www.ades-grenoble.org\/wordpress\/wp-content\/uploads\/2014\/05\/Urne.jpg 300w, https:\/\/www.ades-grenoble.org\/wordpress\/wp-content\/uploads\/2014\/05\/Urne-150x100.jpg 150w\" sizes=\"auto, (max-width: 300px) 100vw, 300px\" \/><\/figure>\n<\/div>\n\n\n<p>La gauche et les \u00e9cologistes repr\u00e9sentent seulement un tiers des \u00e9lectrices et des \u00e9lecteurs au niveau national. Pour progresser et revendiquer le pouvoir, elle doit d\u2019abord assurer son unit\u00e9 et \u00eatre capable de rallier \u00e0 elle de nombreux \u00e9lecteurs et \u00e9lectrices qui l\u2019ont abandonn\u00e9, en s\u2019abstenant ou en changeant leurs votes d\u00e9\u00e7us par son incapacit\u00e9 \u00e0 am\u00e9liorer leur sort. Cet \u00e9largissement demande une grande adaptation locale, ce que les \u00e9tats-majors nationaux ont beaucoup de mal \u00e0 appr\u00e9cier. C\u2019est pourquoi l\u2019ADES milite pour que l\u2019union \u00e0 la base soit d\u00e9terminante, et donc que ce soit les accords locaux qui soient valid\u00e9s par les \u00e9tats-majors nationaux.<\/p>\n\n\n\n<p>L\u2019unit\u00e9 est n\u00e9cessaire mais souvent pas suffisante, on l\u2019a vu lors de l\u2019\u00e9lection l\u00e9gislative partielle en Is\u00e8re en janvier 2025, dans une circonscription traditionnellement \u00e0 droite.<\/p>\n\n\n\n<p>L\u2019unit\u00e9 est absolument n\u00e9cessaire et le r\u00e9sultat de l\u2019\u00e9lection municipale partielle \u00e0 Villeneuve Saint Georges du 2 f\u00e9vrier 2025 nous le rappelle brutalement. Dans un territoire largement de gauche, c\u2019est un cinglant rappel que seule l\u2019unit\u00e9 de la gauche et des \u00e9cologistes peut permettre de gagner. La liste men\u00e9e par le d\u00e9put\u00e9 insoumis Louis Boyard qui \u00e9tait, alors l\u00e9g\u00e8rement en t\u00eate des listes de gauche et \u00e9cologistes au premier tour et avait la responsabilit\u00e9 de cr\u00e9er une liste unitaire au deuxi\u00e8me tour, n\u2019a pas su le faire pensant qu\u2019elle pourrait gagner seule, vu les r\u00e9sultats tr\u00e8s importants de LFI aux \u00e9lections pr\u00e9c\u00e9dentes. Une liste d\u2019union aurait sans grande difficult\u00e9s gagn\u00e9 cette commune, le Nouveau Front Populaire ayant obtenu 55,9 % au premier tour de la l\u00e9gislatives de 2024 et plus de 60 % au deuxi\u00e8me tour.<\/p>\n\n\n\n<!--more-->\n\n\n\n<p>Louis Boyard aurait d\u00fb se m\u00e9fier du faible score qu\u2019il avait fait au 1<sup>er<\/sup> tour de cette \u00e9lection municipale (25%) par rapport au score de la liste LFI aux europ\u00e9ennes (39,2%) et comprendre que l\u2019unit\u00e9 \u00e9tait indispensable pour gagner. C\u2019est le responsable de la liste qui a la responsabilit\u00e9 personnelle de valider ou non une liste d\u2019union, c\u2019est la loi (article L264 du code \u00e9lectoral), donc inutile de reporter l\u2019\u00e9chec sur les autres.<\/p>\n\n\n\n<p>Autre le\u00e7on \u00e0 m\u00e9diter pour les prochaines \u00e9lections municipales de mars 2026 : il est beaucoup plus efficace de construire l\u2019unit\u00e9 avant le 1<sup>er<\/sup> tour en \u00e9laborant un programme en capacit\u00e9 d\u2019avoir l\u2019accord du maximum de mouvements de gauche et \u00e9cologistes, plut\u00f4t que de n\u00e9gocier \u00e0 la va-vite entre les deux tours alors qu\u2019il n\u2019y apratiquement qu\u2019une journ\u00e9e pour le faire. Une r\u00e9alit\u00e9 \u00e0 prendre aussi en compte, c\u2019est qu\u2019une \u00e9lection municipale ne peut \u00eatre compar\u00e9e \u00e0 des \u00e9lections europ\u00e9ennes ou des l\u00e9gislatives, les crit\u00e8res de s\u00e9lection \u00e9tant assez diff\u00e9rents pour choisir un-e maire, un-e \u00e9lu-e municipal-e ou des d\u00e9put\u00e9-es.<\/p>\n","protected":false},"excerpt":{"rendered":"<p>La gauche et les \u00e9cologistes repr\u00e9sentent seulement un tiers des \u00e9lectrices et des \u00e9lecteurs au niveau national. Pour progresser et revendiquer le pouvoir, elle doit d\u2019abord assurer son unit\u00e9 et \u00eatre capable de rallier \u00e0 elle de nombreux \u00e9lecteurs et \u00e9lectrices qui l\u2019ont abandonn\u00e9, en s\u2019abstenant ou en changeant leurs votes d\u00e9\u00e7us par son incapacit\u00e9 [&hellip;]<\/p>\n","protected":false},"author":1,"featured_media":0,"comment_status":"closed","ping_status":"open","sticky":false,"template":"","format":"standard","meta":{"twitterCardType":"","cardImageID":0,"cardImage":"","cardTitle":"","cardDesc":"","cardImageAlt":"","cardPlayer":"","cardPlayerWidth":0,"cardPlayerHeight":0,"cardPlayerStream":"","cardPlayerCodec":"","footnotes":""},"categories":[11],"tags":[153,140,433],"class_list":["post-24231","post","type-post","status-publish","format-standard","hentry","category-politique-locale","tag-ecologie","tag-elections","tag-gauche"],"_links":{"self":[{"href":"https:\/\/www.ades-grenoble.org\/wordpress\/wp-json\/wp\/v2\/posts\/24231","targetHints":{"allow":["GET"]}}],"collection":[{"href":"https:\/\/www.ades-grenoble.org\/wordpress\/wp-json\/wp\/v2\/posts"}],"about":[{"href":"https:\/\/www.ades-grenoble.org\/wordpress\/wp-json\/wp\/v2\/types\/post"}],"author":[{"embeddable":true,"href":"https:\/\/www.ades-grenoble.org\/wordpress\/wp-json\/wp\/v2\/users\/1"}],"replies":[{"embeddable":true,"href":"https:\/\/www.ades-grenoble.org\/wordpress\/wp-json\/wp\/v2\/comments?post=24231"}],"version-history":[{"count":1,"href":"https:\/\/www.ades-grenoble.org\/wordpress\/wp-json\/wp\/v2\/posts\/24231\/revisions"}],"predecessor-version":[{"id":24232,"href":"https:\/\/www.ades-grenoble.org\/wordpress\/wp-json\/wp\/v2\/posts\/24231\/revisions\/24232"}],"wp:attachment":[{"href":"https:\/\/www.ades-grenoble.org\/wordpress\/wp-json\/wp\/v2\/media?parent=24231"}],"wp:term":[{"taxonomy":"category","embeddable":true,"href":"https:\/\/www.ades-grenoble.org\/wordpress\/wp-json\/wp\/v2\/categories?post=24231"},{"taxonomy":"post_tag","embeddable":true,"href":"https:\/\/www.ades-grenoble.org\/wordpress\/wp-json\/wp\/v2\/tags?post=24231"}],"curies":[{"name":"wp","href":"https:\/\/api.w.org\/{rel}","templated":true}]}}