{"id":24237,"date":"2025-02-14T11:41:06","date_gmt":"2025-02-14T10:41:06","guid":{"rendered":"https:\/\/www.ades-grenoble.org\/wordpress\/?p=24237"},"modified":"2025-02-14T11:41:06","modified_gmt":"2025-02-14T10:41:06","slug":"diverses-actualites-201","status":"publish","type":"post","link":"https:\/\/www.ades-grenoble.org\/wordpress\/2025\/02\/14\/diverses-actualites-201\/","title":{"rendered":"Diverses actualit\u00e9s"},"content":{"rendered":"<div class=\"wp-block-image\">\n<figure class=\"alignleft size-full\"><img loading=\"lazy\" decoding=\"async\" width=\"400\" height=\"222\" src=\"https:\/\/www.ades-grenoble.org\/wordpress\/wp-content\/uploads\/2020\/11\/crieur.jpg\" alt=\"Crieur public\" class=\"wp-image-18106\" srcset=\"https:\/\/www.ades-grenoble.org\/wordpress\/wp-content\/uploads\/2020\/11\/crieur.jpg 400w, https:\/\/www.ades-grenoble.org\/wordpress\/wp-content\/uploads\/2020\/11\/crieur-150x83.jpg 150w, https:\/\/www.ades-grenoble.org\/wordpress\/wp-content\/uploads\/2020\/11\/crieur-300x167.jpg 300w\" sizes=\"auto, (max-width: 400px) 100vw, 400px\" \/><\/figure>\n<\/div>\n\n\n<p><strong>Avec le CCAS\u00a0de Grenoble : <a href=\"https:\/\/www.grenoble.fr\/uploads\/Presse\/pse_fichier\/ca\/2084_746_DP-Vernissage-de-l-exposition-Mythologinarium-et-le-MOMIE_compressed.pdf\" data-type=\"link\" data-id=\"https:\/\/www.grenoble.fr\/uploads\/Presse\/pse_fichier\/ca\/2084_746_DP-Vernissage-de-l-exposition-Mythologinarium-et-le-MOMIE_compressed.pdf\">l\u2019action culturelle en centre d\u2019h\u00e9bergement et de r\u00e9insertion sociale<\/a>. <\/strong>Dans le cadre d\u2019un partenariat avec le Th\u00e9\u00e2tre Municipal de Grenoble, le CCAS a mis en place des actions de m\u00e9diation culturelle qui ont abouti fin 2023 \u00e0 des propositions de projets culturels au Centre d\u2019Accueil Intercommunal (CAI) Henri Tarze. Ce projet, financ\u00e9 par la Direction D\u00e9partementale de l\u2019Emploi, du Travail et des Solidarit\u00e9s (DDETS), est r\u00e9alis\u00e9 par les \u00e9quipes des Centres d\u2019H\u00e9bergement et de R\u00e9insertion Sociale (CHRS) g\u00e9r\u00e9s par le CCAS de Grenoble.<\/p>\n\n\n\n<hr class=\"wp-block-separator has-alpha-channel-opacity\"\/>\n\n\n\n<p><strong>Le nouveau site de la numoth\u00e8que, la biblioth\u00e8que num\u00e9rique de la m\u00e9tropole. <\/strong>\u00a0<a href=\"https:\/\/numotheque.grenoblealpesmetropole.fr\/\" data-type=\"link\" data-id=\"https:\/\/numotheque.grenoblealpesmetropole.fr\/\">D\u00e9couvrez le nouveau site de la numoth\u00e8que<\/a>. Films, livres, presse, musique, formation\u2026 d\u00e9couvrez ce qui vous attend sans bouger de chez vous. Le service \u00e9volue. \u00ab <em>Nous am\u00e9liorons la numoth\u00e8que en la rendant plus interactive \u00bb, <\/em>explique Val\u00e9rie-Anne Mange, cheffe de projet \u00e0 la M\u00e9tropole de Grenoble.<em> \u00ab Le public pourra noter les livres et films avec des \u00e9toiles, faire des suggestions de contenus, cr\u00e9er ses listes de favoris ou encore s\u2019inscrire \u00e0 la newsletter.<\/em> \u00bb Ce nouvel outil, plus ergonomique, est rendu accessible pour les personnes en situation de handicap.<\/p>\n\n\n\n<hr class=\"wp-block-separator has-alpha-channel-opacity\"\/>\n\n\n\n<p><strong>Depuis 2014 \u2013 Pr\u00e9server et prot\u00e9ger tous les \u00eatres vivants. <\/strong><a href=\"https:\/\/www.grenobleencommun.fr\/preserver-et-proteger-tous-les-etres-vivants\/\" data-type=\"link\" data-id=\"https:\/\/www.grenobleencommun.fr\/preserver-et-proteger-tous-les-etres-vivants\/\">Grenoble en Commun, groupe majoritaire \u00e0 la mairie, revient sur 10 ann\u00e9es de politiques publiques en faveur de la biodiversit\u00e9 et des animaux<\/a>. Un ensemble d\u2019actions et d\u2019initiatives qui ont permis \u00e0 Grenoble de se positionner comme la meilleure ville pour les animaux depuis 2022 selon le classement L214 : cr\u00e9ation de Refuges LPO, soutien aux dispensaires pour animaux, gestion naturelle des espaces de biodiversit\u00e9 de la Ville\u2026 Depuis 2014, les initiatives se sont multipli\u00e9es pour pr\u00e9server et prot\u00e9ger tous les \u00eatres vivants<\/p>\n\n\n\n<!--more-->\n\n\n\n<hr class=\"wp-block-separator has-alpha-channel-opacity\"\/>\n\n\n\n<p><strong>Polluants \u00e9ternels dans l\u2019air : de premiers r\u00e9sultats d\u00e9voil\u00e9s dans le bassin lyonnais. <\/strong>Atmo Auvergne-Rh\u00f4ne-Alpes rapporte <a href=\"https:\/\/www.atmo-auvergnerhonealpes.fr\/actualite\/atmo-poursuit-ses-travaux-sur-les-polluants-eternels-pfas\" data-type=\"link\" data-id=\"https:\/\/www.atmo-auvergnerhonealpes.fr\/actualite\/atmo-poursuit-ses-travaux-sur-les-polluants-eternels-pfas\">les premi\u00e8res donn\u00e9es de concentrations dans l\u2019air ambiant de substances per- et polyfluoroalkyl\u00e9es (PFAS)<\/a>, dits polluants \u00e9ternels, sur la r\u00e9gion lyonnaise. Les mesures, r\u00e9alis\u00e9es \u00e0 l&rsquo;aide de pr\u00e9leveurs d&rsquo;air \u00e0 haut-d\u00e9bit en 2024, ont eu lieu sur deux sites de l\u2019agglom\u00e9ration lyonnaise &#8211; un site urbain de fond et un site sous influence industrielle, en aval de Lyon, dans la vall\u00e9e de la chimie &#8211; en ciblant de 22 \u00e0 38 mol\u00e9cules pour les derniers essais. Les r\u00e9sultats permettent pour la premi\u00e8re fois de fournir \u00ab\u00a0un ordre de grandeur\u00a0\u00bb des PFAS dans l\u2019air\u00a0ambiant, souligne l\u2019organisme r\u00e9f\u00e9rent-air sur le territoire r\u00e9gional. L\u2019association Notre Affaire \u00e0 Tous et le collectif PFAS contre Terre, ont annonc\u00e9, le lancement d<a href=\"https:\/\/kzn-avocatenvironnement.fr\/action-juridique-pfas\/\" data-type=\"link\" data-id=\"https:\/\/kzn-avocatenvironnement.fr\/action-juridique-pfas\/\">\u2019une action collective en justice<\/a> contre les deux industriels Arkema et Daikin.<\/p>\n\n\n\n<hr class=\"wp-block-separator has-alpha-channel-opacity\"\/>\n\n\n\n<p><strong>Le logement des jeunes : une urgence sociale\u00a0! <\/strong>C\u2019est le titre du <a href=\"https:\/\/www.habitatjeunes.org\/2025\/01\/31\/le-logement-des-jeunes-une-urgence-sociale\/\" data-type=\"link\" data-id=\"https:\/\/www.habitatjeunes.org\/2025\/01\/31\/le-logement-des-jeunes-une-urgence-sociale\/\">rapport commun entre la commission de l\u2019insertion des jeunes du COJ<\/a> \u2013 Conseil d\u2019Orientation des politiques de Jeunesse et le Groupe de travail \u00ab Logement des jeunes \u00bb du Conseil national de l\u2019habitat (CNH). Dans un contexte \u00e9conomique et social marqu\u00e9 par des transformations rapides, la question du logement des jeunes ne cesse de revenir au c\u0153ur des d\u00e9bats publics.\u00a0Les jeunes g\u00e9n\u00e9rations sont confront\u00e9es \u00e0 une pr\u00e9carisation croissante, \u00e0 une d\u00e9cohabitation tardive et \u00e0 des ressources financi\u00e8res insuffisantes pour acc\u00e9der \u00e0 un logement stable. Or, un toit, plus particuli\u00e8rement \u00ab un logement stable et adapt\u00e9\u00a0\u00bb, constitue une condition indispensable \u00e0 l\u2019autonomie et \u00e0 l\u2019\u00e9panouissement personnel et facilite la r\u00e9ussite professionnelle. <\/p>\n\n\n\n<hr class=\"wp-block-separator has-alpha-channel-opacity\"\/>\n\n\n\n<p><strong>Lancement de la coalition Hiatus, pour r\u00e9sister \u00e0 l\u2019IA et son monde\u00a0! <\/strong>Ce texte est le manifeste fondateur de \u00ab\u00a0<a href=\"https:\/\/hiatus.ooo\/\">Hiatus<\/a>\u00a0\u00bb, une coalition compos\u00e9e d\u2019une diversit\u00e9 d\u2019organisations de la soci\u00e9t\u00e9 civile fran\u00e7aise qui entendent r\u00e9sister au d\u00e9ploiement massif et g\u00e9n\u00e9ralis\u00e9 de l\u2019intelligence artificielle (IA). \u00c0 l\u2019approche du sommet sur l\u2019IA organis\u00e9 par la France, les 10 et 11 f\u00e9vrier 2025,<a href=\"https:\/\/www.laquadrature.net\/2025\/02\/07\/lancement-de-la-coalition-hiatus-pour-resister-a-lia-et-son-monde\/\" data-type=\"link\" data-id=\"https:\/\/www.laquadrature.net\/2025\/02\/07\/lancement-de-la-coalition-hiatus-pour-resister-a-lia-et-son-monde\/\"> le lancement de Hiatus vise \u00e0 d\u00e9noncer l\u2019inf\u00e9odation des politiques publiques aux int\u00e9r\u00eats de la tech, ainsi que les co\u00fbts humains et environnementaux de l\u2019IA<\/a>. Au cours des mois \u00e0 venir, des actions communes seront organis\u00e9es pour d\u00e9cliner ce manifeste sur le plan politique.<\/p>\n\n\n\n<hr class=\"wp-block-separator has-alpha-channel-opacity\"\/>\n\n\n\n<p><strong>La notion de harc\u00e8lement moral au travail valid\u00e9e par la Cour de cassation.<\/strong> La Cour de cassation affirme que le \u00ab harc\u00e8lement moral institutionnel \u00bb constitue une cat\u00e9gorie de harc\u00e8lement moral susceptible d\u2019\u00eatre retenue au titre de la d\u00e9finition du \u00ab harc\u00e8lement moral au travail \u00bb pos\u00e9e par le Code p\u00e9nal. Elle se prononce dans <a href=\"https:\/\/www.courdecassation.fr\/decision\/678f6a5a29d9a5b0535ebb19\" data-type=\"link\" data-id=\"https:\/\/www.courdecassation.fr\/decision\/678f6a5a29d9a5b0535ebb19\">sa d\u00e9cision du 21 janvier 2025<\/a> sur la question de savoir si la mise en \u0153uvre d\u2019une politique g\u00e9n\u00e9rale d\u2019entreprise pouvait constituer des faits de harc\u00e8lement moral au travail, justifiant ainsi la condamnation des dirigeants de cette entreprise et de l\u2019entreprise elle-m\u00eame. Un syndicat avait d\u00e9pos\u00e9 une plainte pour harc\u00e8lement moral \u00e0 l\u2019encontre de la soci\u00e9t\u00e9 et de trois de ses dirigeants. Cette plainte portait sur la mise en \u0153uvre d\u2019une politique d\u2019entreprise ayant impact\u00e9 un quart des salari\u00e9s, notamment \u00e0 travers un plan de r\u00e9duction des effectifs visant la suppression de 22\u00a0000 postes sur un total d\u2019environ 120 000, ainsi qu\u2019un plan de mobilit\u00e9 interne affectant 10\u00a0000 agents.<\/p>\n\n\n\n<hr class=\"wp-block-separator has-alpha-channel-opacity\"\/>\n\n\n\n<p><strong>Le lien social, rem\u00e8de \u00e0 toutes les crises ? <\/strong>Dans <a href=\"https:\/\/www.fabriquespinoza.org\/prod_observatoire\/la-societe-des-liens\/\" data-type=\"link\" data-id=\"https:\/\/www.fabriquespinoza.org\/prod_observatoire\/la-societe-des-liens\/\">son \u00e9tude \u00ab\u00a0La soci\u00e9t\u00e9 des liens\u00a0\u00bb<\/a>, la Fabrique Spinoza appelle citoyens et organisations \u00e0 s\u2019appuyer sur les liens sociaux \u00ab\u00a0pour r\u00e9pondre aux grands enjeux de soci\u00e9t\u00e9\u00a0\u00bb et ce, dans tous les domaines &#8211; sant\u00e9, \u00e9ducation, travail, s\u00e9curit\u00e9, transition \u00e9cologique\u2026 Si cette \u00e9tude aborde peu les enjeux actuels du travail social et les efforts d\u00e9ploy\u00e9s dans de nombreux domaines par les \u00e9lu.es locaux et plus g\u00e9n\u00e9ralement dans la sph\u00e8re publique, elle propose un panorama riche de travaux scientifiques et d\u2019initiatives qui bousculent les citoyens, les territoires et les organisations. Avec l\u2019id\u00e9e qu\u2019un changement de perspective, aussi simple qu\u2019il puisse en avoir l\u2019air, peut entra\u00eener de puissants effets.<\/p>\n","protected":false},"excerpt":{"rendered":"<p>Avec le CCAS\u00a0de Grenoble : l\u2019action culturelle en centre d\u2019h\u00e9bergement et de r\u00e9insertion sociale. Dans le cadre d\u2019un partenariat avec le Th\u00e9\u00e2tre Municipal de Grenoble, le CCAS a mis en place des actions de m\u00e9diation culturelle qui ont abouti fin 2023 \u00e0 des propositions de projets culturels au Centre d\u2019Accueil Intercommunal (CAI) Henri Tarze. Ce [&hellip;]<\/p>\n","protected":false},"author":1,"featured_media":0,"comment_status":"closed","ping_status":"open","sticky":false,"template":"","format":"standard","meta":{"twitterCardType":"","cardImageID":0,"cardImage":"","cardTitle":"","cardDesc":"","cardImageAlt":"","cardPlayer":"","cardPlayerWidth":0,"cardPlayerHeight":0,"cardPlayerStream":"","cardPlayerCodec":"","footnotes":""},"categories":[62,11],"tags":[360,155,215,209,309],"class_list":["post-24237","post","type-post","status-publish","format-standard","hentry","category-le-rouge-le-vert-hebdo","category-politique-locale","tag-animal","tag-ccas","tag-grenoble","tag-hebergement","tag-lecture-publique"],"_links":{"self":[{"href":"https:\/\/www.ades-grenoble.org\/wordpress\/wp-json\/wp\/v2\/posts\/24237","targetHints":{"allow":["GET"]}}],"collection":[{"href":"https:\/\/www.ades-grenoble.org\/wordpress\/wp-json\/wp\/v2\/posts"}],"about":[{"href":"https:\/\/www.ades-grenoble.org\/wordpress\/wp-json\/wp\/v2\/types\/post"}],"author":[{"embeddable":true,"href":"https:\/\/www.ades-grenoble.org\/wordpress\/wp-json\/wp\/v2\/users\/1"}],"replies":[{"embeddable":true,"href":"https:\/\/www.ades-grenoble.org\/wordpress\/wp-json\/wp\/v2\/comments?post=24237"}],"version-history":[{"count":1,"href":"https:\/\/www.ades-grenoble.org\/wordpress\/wp-json\/wp\/v2\/posts\/24237\/revisions"}],"predecessor-version":[{"id":24238,"href":"https:\/\/www.ades-grenoble.org\/wordpress\/wp-json\/wp\/v2\/posts\/24237\/revisions\/24238"}],"wp:attachment":[{"href":"https:\/\/www.ades-grenoble.org\/wordpress\/wp-json\/wp\/v2\/media?parent=24237"}],"wp:term":[{"taxonomy":"category","embeddable":true,"href":"https:\/\/www.ades-grenoble.org\/wordpress\/wp-json\/wp\/v2\/categories?post=24237"},{"taxonomy":"post_tag","embeddable":true,"href":"https:\/\/www.ades-grenoble.org\/wordpress\/wp-json\/wp\/v2\/tags?post=24237"}],"curies":[{"name":"wp","href":"https:\/\/api.w.org\/{rel}","templated":true}]}}