{"id":24307,"date":"2025-02-28T10:45:51","date_gmt":"2025-02-28T09:45:51","guid":{"rendered":"https:\/\/www.ades-grenoble.org\/wordpress\/?p=24307"},"modified":"2025-02-28T10:45:51","modified_gmt":"2025-02-28T09:45:51","slug":"un-indice-pour-suivre-latteinte-des-objectifs-du-plan-canopee-de-la-metropole","status":"publish","type":"post","link":"https:\/\/www.ades-grenoble.org\/wordpress\/2025\/02\/28\/un-indice-pour-suivre-latteinte-des-objectifs-du-plan-canopee-de-la-metropole\/","title":{"rendered":"Un indice pour suivre l&rsquo;atteinte des objectifs du plan Canop\u00e9e de la M\u00e9tropole"},"content":{"rendered":"<div class=\"wp-block-image\">\n<figure class=\"alignleft size-full\"><img loading=\"lazy\" decoding=\"async\" width=\"278\" height=\"278\" src=\"https:\/\/www.ades-grenoble.org\/wordpress\/wp-content\/uploads\/2022\/02\/Logo-Metro-GAM.jpg\" alt=\"\" class=\"wp-image-19903\" srcset=\"https:\/\/www.ades-grenoble.org\/wordpress\/wp-content\/uploads\/2022\/02\/Logo-Metro-GAM.jpg 278w, https:\/\/www.ades-grenoble.org\/wordpress\/wp-content\/uploads\/2022\/02\/Logo-Metro-GAM-150x150.jpg 150w, https:\/\/www.ades-grenoble.org\/wordpress\/wp-content\/uploads\/2022\/02\/Logo-Metro-GAM-144x144.jpg 144w\" sizes=\"auto, (max-width: 278px) 100vw, 278px\" \/><\/figure>\n<\/div>\n\n\n<p>Pour accompagner l\u2019adaptation des zones urbaines de l\u2019agglom\u00e9ration au changement climatique, Grenoble-Alpes M\u00e9tropole a d\u00e9lib\u00e9r\u00e9 en f\u00e9vrier 2022 son Plan canop\u00e9e, qui fixe comme ambition de d\u00e9velopper fortement la canop\u00e9e, pour un effet climatiseur sur la ville. C\u2019est l\u2019AURG qui effectue le d\u00e9veloppement m\u00e9thodologique d\u2019un indice canop\u00e9e, qui permette de fixer la situation de d\u00e9part et de suivre son \u00e9volution tous les 3 ans.<\/p>\n\n\n\n<p>Pour cela<a href=\"https:\/\/www.aurg.fr\/article\/556\/2205-un-indice-pour-suivre-l-atteinte-des-objectifs-du-plan-canopee-de-la-metropole.htm\" data-type=\"link\" data-id=\"https:\/\/www.aurg.fr\/article\/556\/2205-un-indice-pour-suivre-l-atteinte-des-objectifs-du-plan-canopee-de-la-metropole.htm\"> l\u2019AURG a d\u00e9fini un indice simple reproductible et pr\u00e9cis de la surface de canop\u00e9e qui va permettre de mesurer l\u2019atteinte de l\u2019objectif fix\u00e9 par la M\u00e9tropole<\/a>. Il faut conna\u00eetre l\u2019\u00e9tat initial de la canop\u00e9e au sein des zones urbaines (zonage U et AU du PLUi).<\/p>\n\n\n\n<!--more-->\n\n\n\n<p>3 exigences \u00e9taient pos\u00e9es pour le d\u00e9veloppement m\u00e9thodologique de cet indice :<\/p>\n\n\n\n<ul class=\"wp-block-list\">\n<li>Sa <strong>reproductibilit\u00e9<\/strong> dans le temps (tous les 3 ans environ) ;<\/li>\n\n\n\n<li>Sa <strong>simplicit\u00e9<\/strong> d\u2019un point de vue g\u00e9omatique, afin qu\u2019elle puisse \u00eatre ais\u00e9ment reprise par les services m\u00e9tropolitains ;<\/li>\n\n\n\n<li>Sa <strong>pr\u00e9cision<\/strong>, autant que possible : la m\u00e9thode doit limiter les impr\u00e9cisions et les biais li\u00e9s aux traitements des donn\u00e9es d\u2019entr\u00e9e.<\/li>\n<\/ul>\n\n\n\n<p><strong>Pour le calcul de l\u2019indice canop\u00e9e<\/strong>, c\u2019est la couverture du sol par Intelligence Artificielle (<a href=\"https:\/\/geoservices.ign.fr\/cosia\">CoSIA | G\u00e9oservices<\/a>), produite par l\u2019IGN qui a \u00e9t\u00e9 retenue. Trait\u00e9e pour l\u2019Is\u00e8re \u00e0 partir d\u2019images a\u00e9riennes de 2021, cette donn\u00e9e mill\u00e9sim\u00e9e a en effet pour avantages d\u2019\u00eatre mise \u00e0 disposition gratuitement, de b\u00e9n\u00e9ficier d\u2019une haute r\u00e9solution (20 cm par pixel) et d\u2019une mise \u00e0 jour tous les trois ans pour un m\u00eame d\u00e9partement. La couverture du sol distingue 16 classes (b\u00e2timent, surface d\u2019eau, conif\u00e8re, culture, broussaille, etc.) et les objets identifi\u00e9s, comme les feuillus ou les r\u00e9sineux, permettent apr\u00e8s extraction de calculer une surface de canop\u00e9e.<\/p>\n\n\n\n<p><strong>Des premiers r\u00e9sultats qui posent le top de d\u00e9part (T0).<\/strong> Les traitements r\u00e9alis\u00e9s par l\u2019Agence permettent de poser le T0 pour l\u2019indice canop\u00e9e de la M\u00e9tropole, qui est ainsi de <strong>18,6 % dans la zone urbaine, de 59 % sur l\u2019ensemble du territoire et<\/strong> 16,3 % sur les zones non cadastr\u00e9es (domaine public). Cet indice est \u00e9galement disponible par quartier.<\/p>\n\n\n\n<p>L\u2019objectif du plan Canop\u00e9e est d\u2019atteindre dans la zone urbaine 30 % de canop\u00e9e en 2030 et 40% en 2050, ce qui est ambitieux, vu que dans les zones les plus urbanis\u00e9es il n\u2019est pas facile (voire impossible dans certaines zones) de planter beaucoup d\u2019arbres.<\/p>\n\n\n\n<p>Ci-dessous l\u2019\u00e9tat de d\u00e9part de la canop\u00e9e dans les zones urbaines.<\/p>\n\n\n<div class=\"wp-block-image\">\n<figure class=\"aligncenter size-full\"><img loading=\"lazy\" decoding=\"async\" width=\"800\" height=\"566\" src=\"https:\/\/www.ades-grenoble.org\/wordpress\/wp-content\/uploads\/2025\/02\/Indice-canopee.jpg\" alt=\"\" class=\"wp-image-24308\" srcset=\"https:\/\/www.ades-grenoble.org\/wordpress\/wp-content\/uploads\/2025\/02\/Indice-canopee.jpg 800w, https:\/\/www.ades-grenoble.org\/wordpress\/wp-content\/uploads\/2025\/02\/Indice-canopee-300x212.jpg 300w, https:\/\/www.ades-grenoble.org\/wordpress\/wp-content\/uploads\/2025\/02\/Indice-canopee-150x106.jpg 150w, https:\/\/www.ades-grenoble.org\/wordpress\/wp-content\/uploads\/2025\/02\/Indice-canopee-768x543.jpg 768w, https:\/\/www.ades-grenoble.org\/wordpress\/wp-content\/uploads\/2025\/02\/Indice-canopee-600x425.jpg 600w\" sizes=\"auto, (max-width: 800px) 100vw, 800px\" \/><\/figure>\n<\/div>","protected":false},"excerpt":{"rendered":"<p>Pour accompagner l\u2019adaptation des zones urbaines de l\u2019agglom\u00e9ration au changement climatique, Grenoble-Alpes M\u00e9tropole a d\u00e9lib\u00e9r\u00e9 en f\u00e9vrier 2022 son Plan canop\u00e9e, qui fixe comme ambition de d\u00e9velopper fortement la canop\u00e9e, pour un effet climatiseur sur la ville. C\u2019est l\u2019AURG qui effectue le d\u00e9veloppement m\u00e9thodologique d\u2019un indice canop\u00e9e, qui permette de fixer la situation de d\u00e9part [&hellip;]<\/p>\n","protected":false},"author":1,"featured_media":0,"comment_status":"closed","ping_status":"open","sticky":false,"template":"","format":"standard","meta":{"twitterCardType":"","cardImageID":0,"cardImage":"","cardTitle":"","cardDesc":"","cardImageAlt":"","cardPlayer":"","cardPlayerWidth":0,"cardPlayerHeight":0,"cardPlayerStream":"","cardPlayerCodec":"","footnotes":""},"categories":[62,11],"tags":[406,223,283,280,380],"class_list":["post-24307","post","type-post","status-publish","format-standard","hentry","category-le-rouge-le-vert-hebdo","category-politique-locale","tag-aurg","tag-climat","tag-espaces-verts","tag-metropole","tag-transitions"],"_links":{"self":[{"href":"https:\/\/www.ades-grenoble.org\/wordpress\/wp-json\/wp\/v2\/posts\/24307","targetHints":{"allow":["GET"]}}],"collection":[{"href":"https:\/\/www.ades-grenoble.org\/wordpress\/wp-json\/wp\/v2\/posts"}],"about":[{"href":"https:\/\/www.ades-grenoble.org\/wordpress\/wp-json\/wp\/v2\/types\/post"}],"author":[{"embeddable":true,"href":"https:\/\/www.ades-grenoble.org\/wordpress\/wp-json\/wp\/v2\/users\/1"}],"replies":[{"embeddable":true,"href":"https:\/\/www.ades-grenoble.org\/wordpress\/wp-json\/wp\/v2\/comments?post=24307"}],"version-history":[{"count":2,"href":"https:\/\/www.ades-grenoble.org\/wordpress\/wp-json\/wp\/v2\/posts\/24307\/revisions"}],"predecessor-version":[{"id":24311,"href":"https:\/\/www.ades-grenoble.org\/wordpress\/wp-json\/wp\/v2\/posts\/24307\/revisions\/24311"}],"wp:attachment":[{"href":"https:\/\/www.ades-grenoble.org\/wordpress\/wp-json\/wp\/v2\/media?parent=24307"}],"wp:term":[{"taxonomy":"category","embeddable":true,"href":"https:\/\/www.ades-grenoble.org\/wordpress\/wp-json\/wp\/v2\/categories?post=24307"},{"taxonomy":"post_tag","embeddable":true,"href":"https:\/\/www.ades-grenoble.org\/wordpress\/wp-json\/wp\/v2\/tags?post=24307"}],"curies":[{"name":"wp","href":"https:\/\/api.w.org\/{rel}","templated":true}]}}