{"id":24312,"date":"2025-02-28T10:45:57","date_gmt":"2025-02-28T09:45:57","guid":{"rendered":"https:\/\/www.ades-grenoble.org\/wordpress\/?p=24312"},"modified":"2025-02-28T10:45:57","modified_gmt":"2025-02-28T09:45:57","slug":"une-partie-de-lhotel-de-ville-de-grenoble-classee-monument-historique","status":"publish","type":"post","link":"https:\/\/www.ades-grenoble.org\/wordpress\/2025\/02\/28\/une-partie-de-lhotel-de-ville-de-grenoble-classee-monument-historique\/","title":{"rendered":"Une partie de l\u2019H\u00f4tel de Ville de Grenoble class\u00e9e monument historique"},"content":{"rendered":"<div class=\"wp-block-image\">\n<figure class=\"alignleft size-full\"><img loading=\"lazy\" decoding=\"async\" width=\"300\" height=\"189\" src=\"https:\/\/www.ades-grenoble.org\/wordpress\/wp-content\/uploads\/2014\/05\/HotelDeVilleGrenoble-e1401479374597.jpg\" alt=\"\" class=\"wp-image-8508\"\/><\/figure>\n<\/div>\n\n\n<p>Un arr\u00eat\u00e9 du minist\u00e8re de la Culture pr\u00e9cise : \u00ab <em>Au point de vue de l\u2019histoire et de l\u2019art, la conservation de l\u2019H\u00f4tel de Ville repr\u00e9sente un int\u00e9r\u00eat public, dans la mesure o\u00f9 cette \u0153uvre majeure de l\u2019architecte Maurice Novarina, en collaboration avec Jean Prouv\u00e9 et Joseph-Andr\u00e9 Motte, constitue un exemple remarquable d\u2019\u0153uvre d\u2019art totale pour l\u2019architecture \u00e9dilitaire du milieu du XXe si\u00e8cle, dans sa structure architecturale, particuli\u00e8rement lisible d\u00e8s la tr\u00e9mie centrale et dans les espaces d\u2019accueil du rez-de-chauss\u00e9e sur\u00e9lev\u00e9 encore pr\u00e9serv\u00e9s. <\/em>\u00bb<\/p>\n\n\n\n<p>Ce classement concerne :<\/p>\n\n\n\n<!--more-->\n\n\n\n<ul class=\"wp-block-list\">\n<li>Les fa\u00e7ades, les toitures, les marches et les galeries p\u00e9riph\u00e9riques ext\u00e9rieures<\/li>\n\n\n\n<li>Le rez-de-chauss\u00e9e sup\u00e9rieur \u00e0 l\u2019exception de la salle du conseil municipal (celle-ci n\u2019ayant pas \u00e9t\u00e9 refaite \u00e0 l\u2019identique pour des raisons pratiques et d\u2019\u00e9volutions technologiques)<\/li>\n\n\n\n<li>Les galeries p\u00e9riph\u00e9riques des halls honneur et d\u2019accueil des publics<\/li>\n\n\n\n<li>Le grand escalier du hall d\u2019honneur<\/li>\n<\/ul>\n\n\n\n<p>La Ville a \u00e9t\u00e9 f\u00e9licit\u00e9e pour son approche globale de la restauration du patrimoine, comme la tour Perret, la r\u00e9novation du parc Paul Mistral, les sculptures urbaines, le label Ville d\u2019Art et d\u2019Histoire, etc. Ce classement permettra notamment \u00e0 la Ville d\u2019obtenir des subventions pour r\u00e9nover le b\u00e2timent.<\/p>\n\n\n\n<p>Suite \u00e0 une d\u00e9cision de la Commission nationale du patrimoine et de l\u2019architecture, rattach\u00e9e au minist\u00e8re de la Culture, plusieurs parties de l\u2019H\u00f4tel de Ville de Grenoble sont d\u00e9sormais class\u00e9es au titre des Monuments Historiques.<\/p>\n","protected":false},"excerpt":{"rendered":"<p>Un arr\u00eat\u00e9 du minist\u00e8re de la Culture pr\u00e9cise : \u00ab Au point de vue de l\u2019histoire et de l\u2019art, la conservation de l\u2019H\u00f4tel de Ville repr\u00e9sente un int\u00e9r\u00eat public, dans la mesure o\u00f9 cette \u0153uvre majeure de l\u2019architecte Maurice Novarina, en collaboration avec Jean Prouv\u00e9 et Joseph-Andr\u00e9 Motte, constitue un exemple remarquable d\u2019\u0153uvre d\u2019art totale [&hellip;]<\/p>\n","protected":false},"author":1,"featured_media":0,"comment_status":"closed","ping_status":"open","sticky":false,"template":"","format":"standard","meta":{"twitterCardType":"","cardImageID":0,"cardImage":"","cardTitle":"","cardDesc":"","cardImageAlt":"","cardPlayer":"","cardPlayerWidth":0,"cardPlayerHeight":0,"cardPlayerStream":"","cardPlayerCodec":"","footnotes":""},"categories":[62,11],"tags":[96,215,239,190],"class_list":["post-24312","post","type-post","status-publish","format-standard","hentry","category-le-rouge-le-vert-hebdo","category-politique-locale","tag-culture","tag-grenoble","tag-mairie","tag-patrimoine"],"_links":{"self":[{"href":"https:\/\/www.ades-grenoble.org\/wordpress\/wp-json\/wp\/v2\/posts\/24312","targetHints":{"allow":["GET"]}}],"collection":[{"href":"https:\/\/www.ades-grenoble.org\/wordpress\/wp-json\/wp\/v2\/posts"}],"about":[{"href":"https:\/\/www.ades-grenoble.org\/wordpress\/wp-json\/wp\/v2\/types\/post"}],"author":[{"embeddable":true,"href":"https:\/\/www.ades-grenoble.org\/wordpress\/wp-json\/wp\/v2\/users\/1"}],"replies":[{"embeddable":true,"href":"https:\/\/www.ades-grenoble.org\/wordpress\/wp-json\/wp\/v2\/comments?post=24312"}],"version-history":[{"count":1,"href":"https:\/\/www.ades-grenoble.org\/wordpress\/wp-json\/wp\/v2\/posts\/24312\/revisions"}],"predecessor-version":[{"id":24313,"href":"https:\/\/www.ades-grenoble.org\/wordpress\/wp-json\/wp\/v2\/posts\/24312\/revisions\/24313"}],"wp:attachment":[{"href":"https:\/\/www.ades-grenoble.org\/wordpress\/wp-json\/wp\/v2\/media?parent=24312"}],"wp:term":[{"taxonomy":"category","embeddable":true,"href":"https:\/\/www.ades-grenoble.org\/wordpress\/wp-json\/wp\/v2\/categories?post=24312"},{"taxonomy":"post_tag","embeddable":true,"href":"https:\/\/www.ades-grenoble.org\/wordpress\/wp-json\/wp\/v2\/tags?post=24312"}],"curies":[{"name":"wp","href":"https:\/\/api.w.org\/{rel}","templated":true}]}}