{"id":24376,"date":"2025-03-14T10:50:49","date_gmt":"2025-03-14T09:50:49","guid":{"rendered":"https:\/\/www.ades-grenoble.org\/wordpress\/?p=24376"},"modified":"2025-03-14T10:50:49","modified_gmt":"2025-03-14T09:50:49","slug":"rapport-dinformation-visant-a-evaluer-lefficacite-de-la-politique-de-lutte-contre-les-trafics-de-stupefiants","status":"publish","type":"post","link":"https:\/\/www.ades-grenoble.org\/wordpress\/2025\/03\/14\/rapport-dinformation-visant-a-evaluer-lefficacite-de-la-politique-de-lutte-contre-les-trafics-de-stupefiants\/","title":{"rendered":"Rapport d\u2019information, visant \u00e0\u00a0\u00e9valuer\u00a0l\u2019efficacit\u00e9\u00a0de la\u00a0politique\u00a0de\u00a0lutte contre les trafics de stup\u00e9fiants"},"content":{"rendered":"<div class=\"wp-block-image\">\n<figure class=\"alignleft size-full\"><img loading=\"lazy\" decoding=\"async\" width=\"250\" height=\"188\" src=\"https:\/\/www.ades-grenoble.org\/wordpress\/wp-content\/uploads\/2015\/01\/assemblee-e1422651495365.jpg\" alt=\"\" class=\"wp-image-9677\"\/><\/figure>\n<\/div>\n\n\n<p><a href=\"https:\/\/www.assemblee-nationale.fr\/dyn\/17\/rapports\/cion_lois\/l17b0974_rapport-information\" data-type=\"link\" data-id=\"https:\/\/www.assemblee-nationale.fr\/dyn\/17\/rapports\/cion_lois\/l17b0974_rapport-information\">Ce rapport pr\u00e9sent\u00e9 par deux d\u00e9put\u00e9s de sensibilit\u00e9s politiques tr\u00e8s diff\u00e9rentes, Antoine L\u00e9aument (LFI) et Ludovic Mendes (apparent\u00e9 au groupe macroniste)<\/a> est la conclusion des travaux d\u2019une mission d\u2019information conduite sur plus de dix-sept mois et deux l\u00e9gislatures, c\u2019est dire le s\u00e9rieux du diagnostic et des conclusions.<\/p>\n\n\n\n<p>Il apporte un nouvel \u00e9clairage sur l\u2019int\u00e9gralit\u00e9 des enjeux de la lutte contre le trafic de stup\u00e9fiants&nbsp;: s\u00e9curitaire, institutionnel et sanitaire. Ils mettent en lumi\u00e8re l\u2019aspect essentiel de la pr\u00e9vention pour lutter contre la consommation, raison pour laquelle les rapporteurs lui ont r\u00e9serv\u00e9 une part cons\u00e9quente de leur rapport. Pour eux il faut privil\u00e9gier la pr\u00e9vention \u00e0 la p\u00e9nalisation prenant le contrepied de la politique actuelle&nbsp;: \u00ab&nbsp;<em>Le courage politique commande de traiter enfin le sujet de la consommation, sans complaisance ni d\u00e9magogie, en s\u2019appuyant sur la r\u00e9alit\u00e9&nbsp;: les politiques stigmatisantes \u00e0 l\u2019\u00e9gard des consommateurs ont fait la preuve de leur inefficacit\u00e9 d\u00e8s lors qu\u2019elles n\u2019ont pas emp\u00each\u00e9 l\u2019augmentation de la consommation ni mis un terme \u00e0 l\u2019accentuation de la menace que le trafic fait peser sur la s\u00e9curit\u00e9 et l\u2019ordre public.\u00bb <\/em>Apr\u00e8s avoir examin\u00e9 ce qui se passe \u00e0 l\u2019\u00e9tranger, ils proposent d\u2019avancer vers une lib\u00e9ralisation du cannabis en France&nbsp;: <em>\u00ab&nbsp;le choix d\u2019une l\u00e9galisation \u00e9troitement r\u00e9gul\u00e9e par l\u2019\u00c9tat&nbsp;\u00bb<\/em><\/p>\n\n\n\n<p>Conclusion des deux rapporteurs&nbsp;:<\/p>\n\n\n\n<!--more-->\n\n\n\n<p><em>\u00ab&nbsp;\u00c0 l\u2019issue de leurs travaux, vos Rapporteurs ont mesur\u00e9 l\u2019ampleur de la menace que font peser les organisations criminelles de trafiquants de stup\u00e9fiants sur la s\u00e9curit\u00e9 publique et la stabilit\u00e9 de nos institutions.<\/em><\/p>\n\n\n\n<p><em>Si le poids de ce constat peut para\u00eetre accablant, vos Rapporteurs sont certains qu\u2019il existe des moyens efficaces d\u2019y rem\u00e9dier pour endiguer l\u2019influence de ces groupes criminels et fragiliser leurs structures.<\/em><\/p>\n\n\n\n<p><em>La lutte contre le trafic de stup\u00e9fiants appelle de la part des autorit\u00e9s publiques la mise en \u0153uvre d\u2019une politique ferme mais lucide. Les moyens de cette lutte doivent \u00eatre prioritairement dirig\u00e9s vers ceux qui en sont responsables au premier chef&nbsp;: les trafiquants eux-m\u00eames et sp\u00e9cifiquement les chefs des r\u00e9seaux criminels et les agents du blanchiment de l\u2019argent de la drogue.<\/em><\/p>\n\n\n\n<p><em>Les politiques publiques doivent \u00eatre guid\u00e9es par des imp\u00e9ratifs d\u2019efficacit\u00e9 qui commandent d\u2019abandonner la vision trop souvent st\u00e9r\u00e9otyp\u00e9e port\u00e9e sur la consommation des produits stup\u00e9fiants.<\/em><\/p>\n\n\n\n<p><em>Vos Rapporteurs ont acquis la conviction que lutter contre le consommateur ne permettra pas d\u2019endiguer durablement le trafic de stup\u00e9fiants. Il est essentiel de ne pas se tromper de cible&nbsp;: les outils de la lutte contre ce fl\u00e9au criminel doivent \u00eatre mobilis\u00e9s \u00e0 l\u2019encontre des principaux responsables de son d\u00e9veloppement, les trafiquants. Les efforts pour lutter contre la demande, qui sont indispensables, tout comme ceux d\u00e9ploy\u00e9s pour tarir l\u2019offre, ne doivent pas se focaliser sur la r\u00e9pression du consommateur de produits stup\u00e9fiants.<\/em><\/p>\n\n\n\n<p><em>\u00catre \u00e0 la hauteur de ces enjeux implique de s\u2019emparer du sujet du trafic de stup\u00e9fiants dans toutes ses dimensions&nbsp;: les risques en mati\u00e8re de s\u00e9curit\u00e9 publique, la d\u00e9stabilisation des institutions au travers de la mont\u00e9e en puissance du ph\u00e9nom\u00e8ne de la corruption, mais \u00e9galement le traitement inappropri\u00e9 du consommateur.<\/em><\/p>\n\n\n\n<p><em>Trop souvent oubli\u00e9e dans le d\u00e9bat public, la pr\u00e9vention de la consommation des drogues est pourtant l\u2019un des enjeux fondamentaux de la lutte contre le trafic et l\u2019un des seuls moyens efficaces pour lutter contre la demande exponentielle de ces produits illicites.<\/em><\/p>\n\n\n\n<p><em>Le courage politique commande de traiter enfin le sujet de la consommation, sans complaisance ni d\u00e9magogie, en s\u2019appuyant sur la r\u00e9alit\u00e9&nbsp;: les politiques stigmatisantes \u00e0 l\u2019\u00e9gard des consommateurs ont fait la preuve de leur inefficacit\u00e9 d\u00e8s lors qu\u2019elles n\u2019ont pas emp\u00each\u00e9 l\u2019augmentation de la consommation ni mis un terme \u00e0 l\u2019accentuation de la menace que le trafic fait peser sur la s\u00e9curit\u00e9 et l\u2019ordre public.<\/em><\/p>\n\n\n\n<p><em>Vos Rapporteurs ont souhait\u00e9 explorer l\u2019ensemble des pistes de r\u00e9flexion qui leur ont \u00e9t\u00e9 soumises et comparer toutes les politiques publiques pouvant avoir un r\u00e9el effet sur l\u2019ampleur du trafic pour en mesurer l\u2019efficacit\u00e9, sans pr\u00e9jug\u00e9s ni opinions pr\u00e9con\u00e7ues.<\/em><\/p>\n\n\n\n<p><em>Les recommandations qu\u2019ils formulent sont le reflet de la strat\u00e9gie globale qu\u2019ils pr\u00e9conisent d\u2019adopter pour am\u00e9liorer l\u2019efficacit\u00e9 de la lutte contre le trafic de stup\u00e9fiants. Elles explorent chaque dimension de cette forme de criminalit\u00e9 organis\u00e9e sans \u00e9pargner aucun pan&nbsp;: en particulier, la fermet\u00e9 de la r\u00e9ponse \u00e0 l\u2019\u00e9gard des trafiquants du \u00ab&nbsp;haut du spectre&nbsp;\u00bb ne doit pas occulter l\u2019enjeu de la pr\u00e9vention \u00e0 l\u2019\u00e9gard de ces substances.<\/em><\/p>\n\n\n\n<p><em>Ils formulent le v\u0153u que ce rapport marquera un tournant dans l\u2019approche de la lutte contre le trafic et permettra de guider les r\u00e9flexions \u00e0 venir sur les initiatives l\u00e9gislatives qui s\u2019annoncent en la mati\u00e8re.\u00a0\u00bb<\/em><\/p>\n","protected":false},"excerpt":{"rendered":"<p>Ce rapport pr\u00e9sent\u00e9 par deux d\u00e9put\u00e9s de sensibilit\u00e9s politiques tr\u00e8s diff\u00e9rentes, Antoine L\u00e9aument (LFI) et Ludovic Mendes (apparent\u00e9 au groupe macroniste) est la conclusion des travaux d\u2019une mission d\u2019information conduite sur plus de dix-sept mois et deux l\u00e9gislatures, c\u2019est dire le s\u00e9rieux du diagnostic et des conclusions. Il apporte un nouvel \u00e9clairage sur l\u2019int\u00e9gralit\u00e9 des [&hellip;]<\/p>\n","protected":false},"author":1,"featured_media":0,"comment_status":"closed","ping_status":"open","sticky":false,"template":"","format":"standard","meta":{"twitterCardType":"","cardImageID":0,"cardImage":"","cardTitle":"","cardDesc":"","cardImageAlt":"","cardPlayer":"","cardPlayerWidth":0,"cardPlayerHeight":0,"cardPlayerStream":"","cardPlayerCodec":"","footnotes":""},"categories":[62,11],"tags":[204,296,247],"class_list":["post-24376","post","type-post","status-publish","format-standard","hentry","category-le-rouge-le-vert-hebdo","category-politique-locale","tag-delinquance","tag-drogues","tag-parlement"],"_links":{"self":[{"href":"https:\/\/www.ades-grenoble.org\/wordpress\/wp-json\/wp\/v2\/posts\/24376","targetHints":{"allow":["GET"]}}],"collection":[{"href":"https:\/\/www.ades-grenoble.org\/wordpress\/wp-json\/wp\/v2\/posts"}],"about":[{"href":"https:\/\/www.ades-grenoble.org\/wordpress\/wp-json\/wp\/v2\/types\/post"}],"author":[{"embeddable":true,"href":"https:\/\/www.ades-grenoble.org\/wordpress\/wp-json\/wp\/v2\/users\/1"}],"replies":[{"embeddable":true,"href":"https:\/\/www.ades-grenoble.org\/wordpress\/wp-json\/wp\/v2\/comments?post=24376"}],"version-history":[{"count":1,"href":"https:\/\/www.ades-grenoble.org\/wordpress\/wp-json\/wp\/v2\/posts\/24376\/revisions"}],"predecessor-version":[{"id":24377,"href":"https:\/\/www.ades-grenoble.org\/wordpress\/wp-json\/wp\/v2\/posts\/24376\/revisions\/24377"}],"wp:attachment":[{"href":"https:\/\/www.ades-grenoble.org\/wordpress\/wp-json\/wp\/v2\/media?parent=24376"}],"wp:term":[{"taxonomy":"category","embeddable":true,"href":"https:\/\/www.ades-grenoble.org\/wordpress\/wp-json\/wp\/v2\/categories?post=24376"},{"taxonomy":"post_tag","embeddable":true,"href":"https:\/\/www.ades-grenoble.org\/wordpress\/wp-json\/wp\/v2\/tags?post=24376"}],"curies":[{"name":"wp","href":"https:\/\/api.w.org\/{rel}","templated":true}]}}