{"id":24378,"date":"2025-03-14T10:50:53","date_gmt":"2025-03-14T09:50:53","guid":{"rendered":"https:\/\/www.ades-grenoble.org\/wordpress\/?p=24378"},"modified":"2025-03-14T10:50:53","modified_gmt":"2025-03-14T09:50:53","slug":"de-quel-budget-familial-avons-nous-besoin-pour-vivre-decemment","status":"publish","type":"post","link":"https:\/\/www.ades-grenoble.org\/wordpress\/2025\/03\/14\/de-quel-budget-familial-avons-nous-besoin-pour-vivre-decemment\/","title":{"rendered":"De quel budget familial avons-nous besoin pour vivre d\u00e9cemment\u00a0?"},"content":{"rendered":"<div class=\"wp-block-image\">\n<figure class=\"alignleft size-full\"><img loading=\"lazy\" decoding=\"async\" width=\"381\" height=\"242\" src=\"https:\/\/www.ades-grenoble.org\/wordpress\/wp-content\/uploads\/2023\/02\/UNAF.jpg\" alt=\"\" class=\"wp-image-21276\" srcset=\"https:\/\/www.ades-grenoble.org\/wordpress\/wp-content\/uploads\/2023\/02\/UNAF.jpg 381w, https:\/\/www.ades-grenoble.org\/wordpress\/wp-content\/uploads\/2023\/02\/UNAF-300x191.jpg 300w, https:\/\/www.ades-grenoble.org\/wordpress\/wp-content\/uploads\/2023\/02\/UNAF-150x95.jpg 150w\" sizes=\"auto, (max-width: 381px) 100vw, 381px\" \/><\/figure>\n<\/div>\n\n\n<p>L\u2019Unaf (Union Nationale des Associations Familiales) d\u00e9veloppe depuis de longues ann\u00e9es\u00a0<a href=\"https:\/\/www.unaf.fr\/expert-des-familles\/budgets-types\/\" data-type=\"link\" data-id=\"https:\/\/www.unaf.fr\/expert-des-familles\/budgets-types\/\">des budgets-types<\/a>\u00a0visant \u00e0 chiffrer les besoins n\u00e9cessaires pour que les familles puissent vivre dans des conditions d\u00e9centes. Ces budgets identifient les besoins d\u2019une famille-type et calculent ainsi les sommes n\u00e9cessaires pour les couvrir.<\/p>\n\n\n\n<p>Ces budgets ne d\u00e9crivent pas ce que d\u00e9pensent effectivement les familles, mais d\u00e9terminent le niveau des d\u00e9penses estim\u00e9es n\u00e9cessaires pour qu\u2019une famille type des diverses compositions envisag\u00e9es, puisse vivre sans privation excessive. Ils sont diff\u00e9rents du budget r\u00e9el qui est un budget de ressources, qui part des moyens disponibles pour les affecter le plus judicieusement possible aux diff\u00e9rents postes de d\u00e9penses. Les budgets de l\u2019Unaf sont des budgets de besoins, ils calculent un minimum d\u00e9cent, pas un minimum vital. Le but n\u2019est pas d\u2019assurer la survie, mais la vie, dans des conditions modestes mais convenables. C\u2019est aussi un minimum d\u00e9cent qui suppose une gestion soigneuse des ressources.<\/p>\n\n\n\n<p>L\u2019UNAF pr\u00e9sente traditionnellement\u00a08 principaux budgets types\u00a0suivant la composition du m\u00e9nage et fait les calculs par mois pour la France, l\u2019Ile de France et hors Ile de France, elle publie le 18 f\u00e9vrier 2025 les budgets pour d\u00e9cembre 2024.<\/p>\n\n\n\n<!--more-->\n\n\n\n<p>Pour estimer un budget par unit\u00e9 de consommation pour d\u00e9cembre 2024, on a fait la moyenne des 8 budgets diff\u00e9rents ramen\u00e9s \u00e0 une unit\u00e9 de consommation&nbsp;(UC) avec la r\u00e8gle suivante&nbsp;: le premier adulte du m\u00e9nage compte pour 1 UC puis 0,5 UC pour les autres personnes de 14 ans ou plus et 0,3 UC pour les enfants de moins de 14 ans.<\/p>\n\n\n\n<p>Voici le r\u00e9sultat pour des familles hors Ile de France en d\u00e9cembre 2024.<\/p>\n\n\n\n<figure class=\"wp-block-table is-style-stripes\"><table class=\"has-fixed-layout\"><tbody><tr><td>Budget mensuel pour 1 unit\u00e9 de consommation<\/td><td>Euros<\/td><td><\/td><\/tr><tr><td>Alimentation<\/td><td>481,23<\/td><td>29,0 %<\/td><\/tr><tr><td>Transport<\/td><td>195,75<\/td><td>11,8%<\/td><\/tr><tr><td>Logement<\/td><td>455,12<\/td><td>27,4%<\/td><\/tr><tr><td>Education<\/td><td>49,32<\/td><td>3,0%<\/td><\/tr><tr><td>Entretien et soins personnels<\/td><td>28,65<\/td><td>1,7%<\/td><\/tr><tr><td>Equipements &amp; Mobiliers<\/td><td>36,15<\/td><td>2,2%<\/td><\/tr><tr><td>Habillement<\/td><td>82,53<\/td><td>5,0 %<\/td><\/tr><tr><td>Information &amp; Communication<\/td><td>38,52<\/td><td>2,3%<\/td><\/tr><tr><td>Loisirs, Culture &amp; Divers<\/td><td>179,77<\/td><td>10,8%<\/td><\/tr><tr><td>Sant\u00e9<\/td><td>112,87<\/td><td>6,8%<\/td><\/tr><tr><td><strong>Total mensuel<\/strong><\/td><td><strong>1659,90<\/strong><\/td><td>100%<\/td><\/tr><\/tbody><\/table><\/figure>\n\n\n\n<p>Plus des 2\/3 sont consacr\u00e9s au logement, \u00e0 l\u2019alimentation et aux transports. Ce niveau de ressources disponibles n\u2019est atteint que par&nbsp; 60 % des m\u00e9nages grenoblois seulement. On voit bien que la question du pouvoir de vivre p\u00e8se fortement sur une partie importante de la population grenobloise et fran\u00e7aise, et que ce n\u2019est pas reconnupar le gouvernement actuel.<\/p>\n","protected":false},"excerpt":{"rendered":"<p>L\u2019Unaf (Union Nationale des Associations Familiales) d\u00e9veloppe depuis de longues ann\u00e9es\u00a0des budgets-types\u00a0visant \u00e0 chiffrer les besoins n\u00e9cessaires pour que les familles puissent vivre dans des conditions d\u00e9centes. Ces budgets identifient les besoins d\u2019une famille-type et calculent ainsi les sommes n\u00e9cessaires pour les couvrir. Ces budgets ne d\u00e9crivent pas ce que d\u00e9pensent effectivement les familles, mais [&hellip;]<\/p>\n","protected":false},"author":1,"featured_media":0,"comment_status":"closed","ping_status":"open","sticky":false,"template":"","format":"standard","meta":{"twitterCardType":"","cardImageID":0,"cardImage":"","cardTitle":"","cardDesc":"","cardImageAlt":"","cardPlayer":"","cardPlayerWidth":0,"cardPlayerHeight":0,"cardPlayerStream":"","cardPlayerCodec":"","footnotes":""},"categories":[62,11],"tags":[270,338],"class_list":["post-24378","post","type-post","status-publish","format-standard","hentry","category-le-rouge-le-vert-hebdo","category-politique-locale","tag-budget","tag-menages"],"_links":{"self":[{"href":"https:\/\/www.ades-grenoble.org\/wordpress\/wp-json\/wp\/v2\/posts\/24378","targetHints":{"allow":["GET"]}}],"collection":[{"href":"https:\/\/www.ades-grenoble.org\/wordpress\/wp-json\/wp\/v2\/posts"}],"about":[{"href":"https:\/\/www.ades-grenoble.org\/wordpress\/wp-json\/wp\/v2\/types\/post"}],"author":[{"embeddable":true,"href":"https:\/\/www.ades-grenoble.org\/wordpress\/wp-json\/wp\/v2\/users\/1"}],"replies":[{"embeddable":true,"href":"https:\/\/www.ades-grenoble.org\/wordpress\/wp-json\/wp\/v2\/comments?post=24378"}],"version-history":[{"count":2,"href":"https:\/\/www.ades-grenoble.org\/wordpress\/wp-json\/wp\/v2\/posts\/24378\/revisions"}],"predecessor-version":[{"id":24381,"href":"https:\/\/www.ades-grenoble.org\/wordpress\/wp-json\/wp\/v2\/posts\/24378\/revisions\/24381"}],"wp:attachment":[{"href":"https:\/\/www.ades-grenoble.org\/wordpress\/wp-json\/wp\/v2\/media?parent=24378"}],"wp:term":[{"taxonomy":"category","embeddable":true,"href":"https:\/\/www.ades-grenoble.org\/wordpress\/wp-json\/wp\/v2\/categories?post=24378"},{"taxonomy":"post_tag","embeddable":true,"href":"https:\/\/www.ades-grenoble.org\/wordpress\/wp-json\/wp\/v2\/tags?post=24378"}],"curies":[{"name":"wp","href":"https:\/\/api.w.org\/{rel}","templated":true}]}}