{"id":24394,"date":"2025-03-14T10:51:24","date_gmt":"2025-03-14T09:51:24","guid":{"rendered":"https:\/\/www.ades-grenoble.org\/wordpress\/?p=24394"},"modified":"2025-03-14T10:51:24","modified_gmt":"2025-03-14T09:51:24","slug":"agenda-288","status":"publish","type":"post","link":"https:\/\/www.ades-grenoble.org\/wordpress\/2025\/03\/14\/agenda-288\/","title":{"rendered":"Agenda"},"content":{"rendered":"<div class=\"wp-block-image\">\n<figure class=\"alignleft size-full\"><img loading=\"lazy\" decoding=\"async\" width=\"380\" height=\"75\" src=\"https:\/\/www.ades-grenoble.org\/wordpress\/wp-content\/uploads\/2025\/01\/amelHumacoop.jpg\" alt=\"\" class=\"wp-image-24196\" srcset=\"https:\/\/www.ades-grenoble.org\/wordpress\/wp-content\/uploads\/2025\/01\/amelHumacoop.jpg 380w, https:\/\/www.ades-grenoble.org\/wordpress\/wp-content\/uploads\/2025\/01\/amelHumacoop-300x59.jpg 300w, https:\/\/www.ades-grenoble.org\/wordpress\/wp-content\/uploads\/2025\/01\/amelHumacoop-150x30.jpg 150w\" sizes=\"auto, (max-width: 380px) 100vw, 380px\" \/><\/figure>\n<\/div>\n\n\n<p><strong>Mardi 18 mars 2025 \u00e0 19 h se tiendra \u00e0 l\u2019amphith\u00e9\u00e2tre de l\u2019Office du Tourisme de Grenoble <a href=\"https:\/\/www.amel-humacoop.org\/conference-debat-moyen-orient-les-grands-bouleversements-a-grenoble-le-18-mars-prochain\/\" data-type=\"link\" data-id=\"https:\/\/www.amel-humacoop.org\/conference-debat-moyen-orient-les-grands-bouleversements-a-grenoble-le-18-mars-prochain\/\">une conf\u00e9rence intitul\u00e9e \u00ab\u00a0Moyen-Orient : les grands bouleversements\u00a0\u00bb<\/a><\/strong> organis\u00e9e par Humacoop-Amel France, en pr\u00e9sence du Pr\u00e9sident de l&rsquo;ONG libanaise Amel International, le Dr Kamel Mohanna.<\/p>\n\n\n\n<p><\/p>\n","protected":false},"excerpt":{"rendered":"<p>Mardi 18 mars 2025 \u00e0 19 h se tiendra \u00e0 l\u2019amphith\u00e9\u00e2tre de l\u2019Office du Tourisme de Grenoble une conf\u00e9rence intitul\u00e9e \u00ab\u00a0Moyen-Orient : les grands bouleversements\u00a0\u00bb organis\u00e9e par Humacoop-Amel France, en pr\u00e9sence du Pr\u00e9sident de l&rsquo;ONG libanaise Amel International, le Dr Kamel Mohanna.<\/p>\n","protected":false},"author":1,"featured_media":0,"comment_status":"closed","ping_status":"open","sticky":false,"template":"","format":"standard","meta":{"twitterCardType":"","cardImageID":0,"cardImage":"","cardTitle":"","cardDesc":"","cardImageAlt":"","cardPlayer":"","cardPlayerWidth":0,"cardPlayerHeight":0,"cardPlayerStream":"","cardPlayerCodec":"","footnotes":""},"categories":[62,11],"tags":[125],"class_list":["post-24394","post","type-post","status-publish","format-standard","hentry","category-le-rouge-le-vert-hebdo","category-politique-locale","tag-agenda"],"_links":{"self":[{"href":"https:\/\/www.ades-grenoble.org\/wordpress\/wp-json\/wp\/v2\/posts\/24394","targetHints":{"allow":["GET"]}}],"collection":[{"href":"https:\/\/www.ades-grenoble.org\/wordpress\/wp-json\/wp\/v2\/posts"}],"about":[{"href":"https:\/\/www.ades-grenoble.org\/wordpress\/wp-json\/wp\/v2\/types\/post"}],"author":[{"embeddable":true,"href":"https:\/\/www.ades-grenoble.org\/wordpress\/wp-json\/wp\/v2\/users\/1"}],"replies":[{"embeddable":true,"href":"https:\/\/www.ades-grenoble.org\/wordpress\/wp-json\/wp\/v2\/comments?post=24394"}],"version-history":[{"count":1,"href":"https:\/\/www.ades-grenoble.org\/wordpress\/wp-json\/wp\/v2\/posts\/24394\/revisions"}],"predecessor-version":[{"id":24395,"href":"https:\/\/www.ades-grenoble.org\/wordpress\/wp-json\/wp\/v2\/posts\/24394\/revisions\/24395"}],"wp:attachment":[{"href":"https:\/\/www.ades-grenoble.org\/wordpress\/wp-json\/wp\/v2\/media?parent=24394"}],"wp:term":[{"taxonomy":"category","embeddable":true,"href":"https:\/\/www.ades-grenoble.org\/wordpress\/wp-json\/wp\/v2\/categories?post=24394"},{"taxonomy":"post_tag","embeddable":true,"href":"https:\/\/www.ades-grenoble.org\/wordpress\/wp-json\/wp\/v2\/tags?post=24394"}],"curies":[{"name":"wp","href":"https:\/\/api.w.org\/{rel}","templated":true}]}}